{"id":4230,"date":"2019-09-20T21:18:06","date_gmt":"2019-09-20T21:18:06","guid":{"rendered":"http:\/\/inbuzios.com\/blog\/?p=4230"},"modified":"2020-07-27T14:21:04","modified_gmt":"2020-07-27T14:21:04","slug":"lugares-para-conhecer-em-buzios-serra-das-emerencias","status":"publish","type":"post","link":"https:\/\/inbuzios.com.br\/blog\/2019\/09\/20\/lugares-para-conhecer-em-buzios-serra-das-emerencias\/","title":{"rendered":"Lugares para conhecer em B\u00fazios: Serra das Emer\u00eancias"},"content":{"rendered":"<p><span style=\"font-weight: 400;\">A Serra das Emer\u00eancias \u00e9 um dos pontos mais altos e com uma das vistas mais bonitas do munic\u00edpio de B\u00fazios. A serra pertence ao Parque Estadual Costa do Sol, uma reserva ecol\u00f3gica do Estado do Rio de Janeiro que conserva muitas esp\u00e9cies raras de fauna e flora.<br \/>\n<\/span><span style=\"font-weight: 400;\">Se voc\u00ea gosta de fazer caminhadas e ter contato direto com a natureza, n\u00e3o deixe de fazer essa trilha quando vier a B\u00fazios!\u00a0<\/span><\/p>\n<div id=\"attachment_4232\" style=\"width: 743px\" class=\"wp-caption alignnone\"><img loading=\"lazy\" decoding=\"async\" aria-describedby=\"caption-attachment-4232\" class=\" wp-image-4232\" src=\"http:\/\/inbuzios.com\/blog\/wp-content\/uploads\/2019\/09\/vista_praia-1024x705.png\" alt=\"\" width=\"733\" height=\"505\" \/><p id=\"caption-attachment-4232\" class=\"wp-caption-text\">Foto: banco de imagens<\/p><\/div>\n<h2><span style=\"font-weight: 400;\">A Trilha: Caminhada e paisagens exuberantes\u00a0 em B\u00fazios<\/span><\/h2>\n<p><span style=\"font-weight: 400;\">A Serra das Emer\u00eancias est\u00e1 localizada entre as praias de Tucuns e Jos\u00e9 Gon\u00e7alves em B\u00fazios. Existem 2 trilhas diferentes que voc\u00ea pode pegar, mas o mais recomendado \u00e9 pegar a que come\u00e7a por Jos\u00e9 Gon\u00e7alves e termina em Tucuns, por ser uma trilha mais aberta, inclusive onde circulam muitas bicicletas.<\/span><\/p>\n<div id=\"attachment_4234\" style=\"width: 746px\" class=\"wp-caption alignnone\"><img loading=\"lazy\" decoding=\"async\" aria-describedby=\"caption-attachment-4234\" class=\" wp-image-4234\" src=\"http:\/\/inbuzios.com\/blog\/wp-content\/uploads\/2019\/09\/trilhaemerencias.ComunicaBuzios.jpg\" alt=\"\" width=\"736\" height=\"477\" \/><p id=\"caption-attachment-4234\" class=\"wp-caption-text\">Foto: Comunica Buzios<\/p><\/div>\n<p><span style=\"font-weight: 400;\">O trajeto \u00e9 de cerca de 3,2km de caminhada n\u00e3o muito \u00edngreme, de n\u00edvel f\u00e1cil, e leva cerca de 40 minutos. <\/span><span style=\"font-weight: 400;\">A paisagem do lugar engloba vistas panor\u00e2micas da pen\u00ednsula de B\u00fazios e de alguns pontos da Regi\u00e3o dos Lagos, como Cabo Frio. O topo da montanha possui um plat\u00f4 exposto ao sol, que tamb\u00e9m \u00e9 chamado de Mirante da Serra das Emer\u00eancias, onde voc\u00ea pode tirar lindas fotos!<\/span><\/p>\n<p><span style=\"font-weight: 400;\">Al\u00e9m das lindas vistas, a Serra ainda concentra esp\u00e9cies de brom\u00e9lias, cactus de 7m de altura e outros exemplares raros da Mata Atl\u00e2ntica, al\u00e9m de animais em extin\u00e7\u00e3o como a pregui\u00e7a de coleira o mico-le\u00e3o-dourado e o macaco prego, tornando o lugar um ponto de visita\u00e7\u00e3o frequente de bi\u00f3logos e pesquisadores.<\/span><\/p>\n<p>&nbsp;<\/p>\n<div id=\"attachment_4235\" style=\"width: 758px\" class=\"wp-caption alignnone\"><img loading=\"lazy\" decoding=\"async\" aria-describedby=\"caption-attachment-4235\" class=\" wp-image-4235\" src=\"http:\/\/inbuzios.com\/blog\/wp-content\/uploads\/2019\/09\/cactos_Expedia-1024x576.jpg\" alt=\"\" width=\"748\" height=\"421\" \/><p id=\"caption-attachment-4235\" class=\"wp-caption-text\">Foto: Expedia.es<\/p><\/div>\n<h2><span style=\"font-weight: 400;\">Voo livre de asa delta em B\u00fazios<\/span><\/h2>\n<div id=\"attachment_4233\" style=\"width: 759px\" class=\"wp-caption alignnone\"><img loading=\"lazy\" decoding=\"async\" aria-describedby=\"caption-attachment-4233\" class=\" wp-image-4233\" src=\"http:\/\/inbuzios.com\/blog\/wp-content\/uploads\/2019\/09\/asadelta.GustavoGarcia-1024x564.jpg\" alt=\"\" width=\"749\" height=\"413\" \/><p id=\"caption-attachment-4233\" class=\"wp-caption-text\">Foto: Gustavo Garcia<\/p><\/div>\n<p><span style=\"font-weight: 400;\">A Serra das Emer\u00eancias tamb\u00e9m \u00e9 onde fica a rampa de voo livre em B\u00fazios. E a\u00ed, vai encarar?? \ud83d\ude00<\/span><\/p>\n<p><span style=\"font-weight: 400;\">Para fazer o voo de asa delta, voc\u00ea vai ter que subir a trilha at\u00e9 a rampa onde acontece o salto, que est\u00e1 a mais ou menos 2,6 km, entrando pela praia de Tucuns. A aterrissagem se faz tamb\u00e9m na Praia de Tucuns e duas coisas s\u00e3o garantidas: Emo\u00e7\u00e3o e paisagens maravilhosas!<\/span><\/p>\n<p><span style=\"font-weight: 400;\">A melhor \u00e9poca para o voo livre vai de dezembro a julho, quando h\u00e1 menor probabilidade de ventos fortes, mas os voos s\u00e3o feitos durante o ano inteiro, havendo possibilidade de ser cancelado caso haja muito vento. Nesse caso, normalmente o voo \u00e9 remarcado para o dia\u00a0 seguinte.<\/span><\/p>\n<h2><span style=\"font-weight: 400;\">Como chegar: Transfer Rio x B\u00fazios<\/span><\/h2>\n<div id=\"attachment_4231\" style=\"width: 763px\" class=\"wp-caption alignnone\"><img loading=\"lazy\" decoding=\"async\" aria-describedby=\"caption-attachment-4231\" class=\" wp-image-4231\" src=\"http:\/\/inbuzios.com\/blog\/wp-content\/uploads\/2019\/09\/WhatsApp_Image_2019-09-20_at_13.07.03-1024x682.jpeg\" alt=\"\" width=\"753\" height=\"502\" \/><p id=\"caption-attachment-4231\" class=\"wp-caption-text\">Foto: acervo<\/p><\/div>\n<p><span style=\"font-weight: 400;\">A Serra das Emer\u00eancias est\u00e1 no munic\u00edpio de Arma\u00e7\u00e3o dos B\u00fazios, mas voc\u00ea pode conhecer estando hospedado em qualquer das cidades que comp\u00f5em a Regi\u00e3o dos Lagos, como Cabo Frio, Arraial do Cabo, Iguaba, entre outras.<\/span><\/p>\n<p><span style=\"font-weight: 400;\">De carro saindo do Rio ou Niter\u00f3i, o melhor caminho \u00e9 pegar a Niter\u00f3i\/Manilha e depois a Via Lagos, sendo a viagem desde o Rio de Janeiro de aproximadamente 185 km.<\/span><\/p>\n<p><span style=\"font-weight: 400;\">Uma op\u00e7\u00e3o que recomendamos muito \u00e9 usar o nosso servi\u00e7o de Transfer. O transfer \u00e9 um transporte especializado para turismo que consiste em um ve\u00edculo compartilhado que vai te buscar nos aeroportos do Rio de Janeiro ou em um ponto na zona sul e vai te deixar na porta de sua hospedagem em B\u00fazios, Cabo Frio ou Arraial do Cabo. Para saber mais sobre transfer, leia nosso artigo sobre os <\/span><a href=\"https:\/\/www.inbuzios.com\/blog\/15-beneficios-exclusivos-que-apenas-os-clientes-do-transfer-in-buzios-possuem\/\"><span style=\"font-weight: 400;\">15 benef\u00edcios exclusivos que s\u00f3 os clientes do Transfer In B\u00fazios possuem<\/span><\/a><span style=\"font-weight: 400;\">, ou, caso prefira, reserve diretamente em nosso <\/span><a href=\"https:\/\/www.inbuzios.com\/\"><span style=\"font-weight: 400;\">site<\/span><\/a><span style=\"font-weight: 400;\">.<\/span><\/p>\n<p><span style=\"font-weight: 400;\">Para saber mais sobre trilhas e pontos escondidos de B\u00fazios, leia nossos posts sobre a <\/span><a href=\"https:\/\/www.inbuzios.com\/blog\/lugares-para-conhecer-em-buzios-ponta-do-pai-vitorio\/\"><span style=\"font-weight: 400;\">Ponta do Pai Vit\u00f3rio<\/span><\/a><span style=\"font-weight: 400;\">, <\/span><a href=\"https:\/\/www.inbuzios.com\/blog\/lugares-para-conhecer-em-buzios-praia-olho-de-boi-um-paraiso-nudista\/\"><span style=\"font-weight: 400;\">Praia Olho de Boi<\/span><\/a><span style=\"font-weight: 400;\">, <\/span><a href=\"https:\/\/www.inbuzios.com\/blog\/lugares-para-conhecer-em-buzios-mangue-de-pedra\/\"><span style=\"font-weight: 400;\">Mangue de Pedras<\/span><\/a><span style=\"font-weight: 400;\"> e <\/span><a href=\"https:\/\/www.inbuzios.com\/blog\/lugares-para-conhecer-em-buzios-ponta-da-lagoinha\/\"><span style=\"font-weight: 400;\">Ponta da Lagoinha<\/span><\/a><\/p>\n<p><span style=\"font-weight: 400;\">\u00a0<\/span><\/p>\n<p>&nbsp;<\/p>\n","protected":false},"excerpt":{"rendered":"<p>A Serra das Emer\u00eancias \u00e9 um dos pontos mais altos e com uma das vistas mais bonitas do munic\u00edpio de B\u00fazios. A serra pertence ao Parque Estadual Costa do Sol,&#8230;<\/p>\n","protected":false},"author":1,"featured_media":4522,"comment_status":"open","ping_status":"open","sticky":false,"template":"","format":"standard","meta":{"_jetpack_memberships_contains_paid_content":false,"footnotes":""},"categories":[4],"tags":[8,37,58,81,89,96,98,99],"class_list":["post-4230","post","type-post","status-publish","format-standard","has-post-thumbnail","hentry","category-lugares-para-conhecer-em-buzios","tag-asa-delta-em-buzios","tag-lugares-para-conhecer-em-buzios","tag-passeios-em-buzios","tag-praias-de-buzios","tag-serra-das-emerencias","tag-transfer-buzios","tag-transfer-rioxbuzios","tag-trilha-em-buzios"],"yoast_head":"<!-- This site is optimized with the Yoast SEO plugin v27.4 - https:\/\/yoast.com\/product\/yoast-seo-wordpress\/ -->\n<title>Lugares para conhecer em B\u00fazios: Serra das Emer\u00eancias - In B\u00fazios<\/title>\n<meta name=\"robots\" content=\"index, follow, max-snippet:-1, max-image-preview:large, max-video-preview:-1\" \/>\n<link rel=\"canonical\" href=\"https:\/\/inbuzios.com.br\/blog\/2019\/09\/20\/lugares-para-conhecer-em-buzios-serra-das-emerencias\/\" \/>\n<meta property=\"og:locale\" content=\"pt_BR\" \/>\n<meta property=\"og:type\" content=\"article\" \/>\n<meta property=\"og:title\" content=\"Lugares para conhecer em B\u00fazios: Serra das Emer\u00eancias - In B\u00fazios\" \/>\n<meta property=\"og:description\" content=\"A Serra das Emer\u00eancias \u00e9 um dos pontos mais altos e com uma das vistas mais bonitas do munic\u00edpio de B\u00fazios. A serra pertence ao Parque Estadual Costa do Sol,...\" \/>\n<meta property=\"og:url\" content=\"https:\/\/inbuzios.com.br\/blog\/2019\/09\/20\/lugares-para-conhecer-em-buzios-serra-das-emerencias\/\" \/>\n<meta property=\"og:site_name\" content=\"In B\u00fazios\" \/>\n<meta property=\"article:published_time\" content=\"2019-09-20T21:18:06+00:00\" \/>\n<meta property=\"article:modified_time\" content=\"2020-07-27T14:21:04+00:00\" \/>\n<meta property=\"og:image\" content=\"https:\/\/inbuzios.com.br\/blog\/wp-content\/uploads\/2020\/07\/capaemerencias.jpg\" \/>\n\t<meta property=\"og:image:width\" content=\"1080\" \/>\n\t<meta property=\"og:image:height\" content=\"621\" \/>\n\t<meta property=\"og:image:type\" content=\"image\/jpeg\" \/>\n<meta name=\"author\" content=\"admin\" \/>\n<meta name=\"twitter:card\" content=\"summary_large_image\" \/>\n<meta name=\"twitter:label1\" content=\"Escrito por\" \/>\n\t<meta name=\"twitter:data1\" content=\"admin\" \/>\n\t<meta name=\"twitter:label2\" content=\"Est. tempo de leitura\" \/>\n\t<meta name=\"twitter:data2\" content=\"3 minutos\" \/>\n<script type=\"application\/ld+json\" class=\"yoast-schema-graph\">{\"@context\":\"https:\\\/\\\/schema.org\",\"@graph\":[{\"@type\":\"Article\",\"@id\":\"https:\\\/\\\/inbuzios.com.br\\\/blog\\\/2019\\\/09\\\/20\\\/lugares-para-conhecer-em-buzios-serra-das-emerencias\\\/#article\",\"isPartOf\":{\"@id\":\"https:\\\/\\\/inbuzios.com.br\\\/blog\\\/2019\\\/09\\\/20\\\/lugares-para-conhecer-em-buzios-serra-das-emerencias\\\/\"},\"author\":{\"name\":\"admin\",\"@id\":\"https:\\\/\\\/inbuzios.com.br\\\/blog\\\/#\\\/schema\\\/person\\\/dbe01781c030a430fd9f84e28a8d6258\"},\"headline\":\"Lugares para conhecer em B\u00fazios: Serra das Emer\u00eancias\",\"datePublished\":\"2019-09-20T21:18:06+00:00\",\"dateModified\":\"2020-07-27T14:21:04+00:00\",\"mainEntityOfPage\":{\"@id\":\"https:\\\/\\\/inbuzios.com.br\\\/blog\\\/2019\\\/09\\\/20\\\/lugares-para-conhecer-em-buzios-serra-das-emerencias\\\/\"},\"wordCount\":676,\"commentCount\":0,\"image\":{\"@id\":\"https:\\\/\\\/inbuzios.com.br\\\/blog\\\/2019\\\/09\\\/20\\\/lugares-para-conhecer-em-buzios-serra-das-emerencias\\\/#primaryimage\"},\"thumbnailUrl\":\"https:\\\/\\\/inbuzios.com.br\\\/blog\\\/wp-content\\\/uploads\\\/2020\\\/07\\\/capaemerencias.jpg\",\"keywords\":[\"asa delta em b\u00fazios\",\"lugares para conhecer em b\u00fazios\",\"passeios em b\u00fazios\",\"praias de b\u00fazios\",\"serra das emer\u00eancias\",\"transfer b\u00fazios\",\"transfer rioxbuzios\",\"trilha em b\u00fazios\"],\"articleSection\":[\"Lugares para conhecer em B\u00fazios\"],\"inLanguage\":\"pt-BR\",\"potentialAction\":[{\"@type\":\"CommentAction\",\"name\":\"Comment\",\"target\":[\"https:\\\/\\\/inbuzios.com.br\\\/blog\\\/2019\\\/09\\\/20\\\/lugares-para-conhecer-em-buzios-serra-das-emerencias\\\/#respond\"]}]},{\"@type\":\"WebPage\",\"@id\":\"https:\\\/\\\/inbuzios.com.br\\\/blog\\\/2019\\\/09\\\/20\\\/lugares-para-conhecer-em-buzios-serra-das-emerencias\\\/\",\"url\":\"https:\\\/\\\/inbuzios.com.br\\\/blog\\\/2019\\\/09\\\/20\\\/lugares-para-conhecer-em-buzios-serra-das-emerencias\\\/\",\"name\":\"Lugares para conhecer em B\u00fazios: Serra das Emer\u00eancias - In B\u00fazios\",\"isPartOf\":{\"@id\":\"https:\\\/\\\/inbuzios.com.br\\\/blog\\\/#website\"},\"primaryImageOfPage\":{\"@id\":\"https:\\\/\\\/inbuzios.com.br\\\/blog\\\/2019\\\/09\\\/20\\\/lugares-para-conhecer-em-buzios-serra-das-emerencias\\\/#primaryimage\"},\"image\":{\"@id\":\"https:\\\/\\\/inbuzios.com.br\\\/blog\\\/2019\\\/09\\\/20\\\/lugares-para-conhecer-em-buzios-serra-das-emerencias\\\/#primaryimage\"},\"thumbnailUrl\":\"https:\\\/\\\/inbuzios.com.br\\\/blog\\\/wp-content\\\/uploads\\\/2020\\\/07\\\/capaemerencias.jpg\",\"datePublished\":\"2019-09-20T21:18:06+00:00\",\"dateModified\":\"2020-07-27T14:21:04+00:00\",\"author\":{\"@id\":\"https:\\\/\\\/inbuzios.com.br\\\/blog\\\/#\\\/schema\\\/person\\\/dbe01781c030a430fd9f84e28a8d6258\"},\"breadcrumb\":{\"@id\":\"https:\\\/\\\/inbuzios.com.br\\\/blog\\\/2019\\\/09\\\/20\\\/lugares-para-conhecer-em-buzios-serra-das-emerencias\\\/#breadcrumb\"},\"inLanguage\":\"pt-BR\",\"potentialAction\":[{\"@type\":\"ReadAction\",\"target\":[\"https:\\\/\\\/inbuzios.com.br\\\/blog\\\/2019\\\/09\\\/20\\\/lugares-para-conhecer-em-buzios-serra-das-emerencias\\\/\"]}]},{\"@type\":\"ImageObject\",\"inLanguage\":\"pt-BR\",\"@id\":\"https:\\\/\\\/inbuzios.com.br\\\/blog\\\/2019\\\/09\\\/20\\\/lugares-para-conhecer-em-buzios-serra-das-emerencias\\\/#primaryimage\",\"url\":\"https:\\\/\\\/inbuzios.com.br\\\/blog\\\/wp-content\\\/uploads\\\/2020\\\/07\\\/capaemerencias.jpg\",\"contentUrl\":\"https:\\\/\\\/inbuzios.com.br\\\/blog\\\/wp-content\\\/uploads\\\/2020\\\/07\\\/capaemerencias.jpg\",\"width\":1080,\"height\":621},{\"@type\":\"BreadcrumbList\",\"@id\":\"https:\\\/\\\/inbuzios.com.br\\\/blog\\\/2019\\\/09\\\/20\\\/lugares-para-conhecer-em-buzios-serra-das-emerencias\\\/#breadcrumb\",\"itemListElement\":[{\"@type\":\"ListItem\",\"position\":1,\"name\":\"In\u00edcio\",\"item\":\"https:\\\/\\\/inbuzios.com.br\\\/blog\\\/\"},{\"@type\":\"ListItem\",\"position\":2,\"name\":\"Lugares para conhecer em B\u00fazios: Serra das Emer\u00eancias\"}]},{\"@type\":\"WebSite\",\"@id\":\"https:\\\/\\\/inbuzios.com.br\\\/blog\\\/#website\",\"url\":\"https:\\\/\\\/inbuzios.com.br\\\/blog\\\/\",\"name\":\"In B\u00fazios\",\"description\":\"Turismo Receptivo\",\"potentialAction\":[{\"@type\":\"SearchAction\",\"target\":{\"@type\":\"EntryPoint\",\"urlTemplate\":\"https:\\\/\\\/inbuzios.com.br\\\/blog\\\/?s={search_term_string}\"},\"query-input\":{\"@type\":\"PropertyValueSpecification\",\"valueRequired\":true,\"valueName\":\"search_term_string\"}}],\"inLanguage\":\"pt-BR\"},{\"@type\":\"Person\",\"@id\":\"https:\\\/\\\/inbuzios.com.br\\\/blog\\\/#\\\/schema\\\/person\\\/dbe01781c030a430fd9f84e28a8d6258\",\"name\":\"admin\",\"image\":{\"@type\":\"ImageObject\",\"inLanguage\":\"pt-BR\",\"@id\":\"https:\\\/\\\/secure.gravatar.com\\\/avatar\\\/839a24fd6406768d30580b79b6ee2d0b018004c0661e5e4ce1c59db1389277ed?s=96&d=mm&r=g\",\"url\":\"https:\\\/\\\/secure.gravatar.com\\\/avatar\\\/839a24fd6406768d30580b79b6ee2d0b018004c0661e5e4ce1c59db1389277ed?s=96&d=mm&r=g\",\"contentUrl\":\"https:\\\/\\\/secure.gravatar.com\\\/avatar\\\/839a24fd6406768d30580b79b6ee2d0b018004c0661e5e4ce1c59db1389277ed?s=96&d=mm&r=g\",\"caption\":\"admin\"},\"sameAs\":[\"https:\\\/\\\/inbuzios.com.br\\\/blog\"],\"url\":\"https:\\\/\\\/inbuzios.com.br\\\/blog\\\/author\\\/admin\\\/\"}]}<\/script>\n<!-- \/ Yoast SEO plugin. -->","yoast_head_json":{"title":"Lugares para conhecer em B\u00fazios: Serra das Emer\u00eancias - In B\u00fazios","robots":{"index":"index","follow":"follow","max-snippet":"max-snippet:-1","max-image-preview":"max-image-preview:large","max-video-preview":"max-video-preview:-1"},"canonical":"https:\/\/inbuzios.com.br\/blog\/2019\/09\/20\/lugares-para-conhecer-em-buzios-serra-das-emerencias\/","og_locale":"pt_BR","og_type":"article","og_title":"Lugares para conhecer em B\u00fazios: Serra das Emer\u00eancias - In B\u00fazios","og_description":"A Serra das Emer\u00eancias \u00e9 um dos pontos mais altos e com uma das vistas mais bonitas do munic\u00edpio de B\u00fazios. A serra pertence ao Parque Estadual Costa do Sol,...","og_url":"https:\/\/inbuzios.com.br\/blog\/2019\/09\/20\/lugares-para-conhecer-em-buzios-serra-das-emerencias\/","og_site_name":"In B\u00fazios","article_published_time":"2019-09-20T21:18:06+00:00","article_modified_time":"2020-07-27T14:21:04+00:00","og_image":[{"width":1080,"height":621,"url":"https:\/\/inbuzios.com.br\/blog\/wp-content\/uploads\/2020\/07\/capaemerencias.jpg","type":"image\/jpeg"}],"author":"admin","twitter_card":"summary_large_image","twitter_misc":{"Escrito por":"admin","Est. tempo de leitura":"3 minutos"},"schema":{"@context":"https:\/\/schema.org","@graph":[{"@type":"Article","@id":"https:\/\/inbuzios.com.br\/blog\/2019\/09\/20\/lugares-para-conhecer-em-buzios-serra-das-emerencias\/#article","isPartOf":{"@id":"https:\/\/inbuzios.com.br\/blog\/2019\/09\/20\/lugares-para-conhecer-em-buzios-serra-das-emerencias\/"},"author":{"name":"admin","@id":"https:\/\/inbuzios.com.br\/blog\/#\/schema\/person\/dbe01781c030a430fd9f84e28a8d6258"},"headline":"Lugares para conhecer em B\u00fazios: Serra das Emer\u00eancias","datePublished":"2019-09-20T21:18:06+00:00","dateModified":"2020-07-27T14:21:04+00:00","mainEntityOfPage":{"@id":"https:\/\/inbuzios.com.br\/blog\/2019\/09\/20\/lugares-para-conhecer-em-buzios-serra-das-emerencias\/"},"wordCount":676,"commentCount":0,"image":{"@id":"https:\/\/inbuzios.com.br\/blog\/2019\/09\/20\/lugares-para-conhecer-em-buzios-serra-das-emerencias\/#primaryimage"},"thumbnailUrl":"https:\/\/inbuzios.com.br\/blog\/wp-content\/uploads\/2020\/07\/capaemerencias.jpg","keywords":["asa delta em b\u00fazios","lugares para conhecer em b\u00fazios","passeios em b\u00fazios","praias de b\u00fazios","serra das emer\u00eancias","transfer b\u00fazios","transfer rioxbuzios","trilha em b\u00fazios"],"articleSection":["Lugares para conhecer em B\u00fazios"],"inLanguage":"pt-BR","potentialAction":[{"@type":"CommentAction","name":"Comment","target":["https:\/\/inbuzios.com.br\/blog\/2019\/09\/20\/lugares-para-conhecer-em-buzios-serra-das-emerencias\/#respond"]}]},{"@type":"WebPage","@id":"https:\/\/inbuzios.com.br\/blog\/2019\/09\/20\/lugares-para-conhecer-em-buzios-serra-das-emerencias\/","url":"https:\/\/inbuzios.com.br\/blog\/2019\/09\/20\/lugares-para-conhecer-em-buzios-serra-das-emerencias\/","name":"Lugares para conhecer em B\u00fazios: Serra das Emer\u00eancias - In B\u00fazios","isPartOf":{"@id":"https:\/\/inbuzios.com.br\/blog\/#website"},"primaryImageOfPage":{"@id":"https:\/\/inbuzios.com.br\/blog\/2019\/09\/20\/lugares-para-conhecer-em-buzios-serra-das-emerencias\/#primaryimage"},"image":{"@id":"https:\/\/inbuzios.com.br\/blog\/2019\/09\/20\/lugares-para-conhecer-em-buzios-serra-das-emerencias\/#primaryimage"},"thumbnailUrl":"https:\/\/inbuzios.com.br\/blog\/wp-content\/uploads\/2020\/07\/capaemerencias.jpg","datePublished":"2019-09-20T21:18:06+00:00","dateModified":"2020-07-27T14:21:04+00:00","author":{"@id":"https:\/\/inbuzios.com.br\/blog\/#\/schema\/person\/dbe01781c030a430fd9f84e28a8d6258"},"breadcrumb":{"@id":"https:\/\/inbuzios.com.br\/blog\/2019\/09\/20\/lugares-para-conhecer-em-buzios-serra-das-emerencias\/#breadcrumb"},"inLanguage":"pt-BR","potentialAction":[{"@type":"ReadAction","target":["https:\/\/inbuzios.com.br\/blog\/2019\/09\/20\/lugares-para-conhecer-em-buzios-serra-das-emerencias\/"]}]},{"@type":"ImageObject","inLanguage":"pt-BR","@id":"https:\/\/inbuzios.com.br\/blog\/2019\/09\/20\/lugares-para-conhecer-em-buzios-serra-das-emerencias\/#primaryimage","url":"https:\/\/inbuzios.com.br\/blog\/wp-content\/uploads\/2020\/07\/capaemerencias.jpg","contentUrl":"https:\/\/inbuzios.com.br\/blog\/wp-content\/uploads\/2020\/07\/capaemerencias.jpg","width":1080,"height":621},{"@type":"BreadcrumbList","@id":"https:\/\/inbuzios.com.br\/blog\/2019\/09\/20\/lugares-para-conhecer-em-buzios-serra-das-emerencias\/#breadcrumb","itemListElement":[{"@type":"ListItem","position":1,"name":"In\u00edcio","item":"https:\/\/inbuzios.com.br\/blog\/"},{"@type":"ListItem","position":2,"name":"Lugares para conhecer em B\u00fazios: Serra das Emer\u00eancias"}]},{"@type":"WebSite","@id":"https:\/\/inbuzios.com.br\/blog\/#website","url":"https:\/\/inbuzios.com.br\/blog\/","name":"In B\u00fazios","description":"Turismo Receptivo","potentialAction":[{"@type":"SearchAction","target":{"@type":"EntryPoint","urlTemplate":"https:\/\/inbuzios.com.br\/blog\/?s={search_term_string}"},"query-input":{"@type":"PropertyValueSpecification","valueRequired":true,"valueName":"search_term_string"}}],"inLanguage":"pt-BR"},{"@type":"Person","@id":"https:\/\/inbuzios.com.br\/blog\/#\/schema\/person\/dbe01781c030a430fd9f84e28a8d6258","name":"admin","image":{"@type":"ImageObject","inLanguage":"pt-BR","@id":"https:\/\/secure.gravatar.com\/avatar\/839a24fd6406768d30580b79b6ee2d0b018004c0661e5e4ce1c59db1389277ed?s=96&d=mm&r=g","url":"https:\/\/secure.gravatar.com\/avatar\/839a24fd6406768d30580b79b6ee2d0b018004c0661e5e4ce1c59db1389277ed?s=96&d=mm&r=g","contentUrl":"https:\/\/secure.gravatar.com\/avatar\/839a24fd6406768d30580b79b6ee2d0b018004c0661e5e4ce1c59db1389277ed?s=96&d=mm&r=g","caption":"admin"},"sameAs":["https:\/\/inbuzios.com.br\/blog"],"url":"https:\/\/inbuzios.com.br\/blog\/author\/admin\/"}]}},"jetpack_featured_media_url":"https:\/\/inbuzios.com.br\/blog\/wp-content\/uploads\/2020\/07\/capaemerencias.jpg","jetpack_sharing_enabled":true,"amp_enabled":true,"_links":{"self":[{"href":"https:\/\/inbuzios.com.br\/blog\/wp-json\/wp\/v2\/posts\/4230","targetHints":{"allow":["GET"]}}],"collection":[{"href":"https:\/\/inbuzios.com.br\/blog\/wp-json\/wp\/v2\/posts"}],"about":[{"href":"https:\/\/inbuzios.com.br\/blog\/wp-json\/wp\/v2\/types\/post"}],"author":[{"embeddable":true,"href":"https:\/\/inbuzios.com.br\/blog\/wp-json\/wp\/v2\/users\/1"}],"replies":[{"embeddable":true,"href":"https:\/\/inbuzios.com.br\/blog\/wp-json\/wp\/v2\/comments?post=4230"}],"version-history":[{"count":1,"href":"https:\/\/inbuzios.com.br\/blog\/wp-json\/wp\/v2\/posts\/4230\/revisions"}],"predecessor-version":[{"id":4724,"href":"https:\/\/inbuzios.com.br\/blog\/wp-json\/wp\/v2\/posts\/4230\/revisions\/4724"}],"wp:featuredmedia":[{"embeddable":true,"href":"https:\/\/inbuzios.com.br\/blog\/wp-json\/wp\/v2\/media\/4522"}],"wp:attachment":[{"href":"https:\/\/inbuzios.com.br\/blog\/wp-json\/wp\/v2\/media?parent=4230"}],"wp:term":[{"taxonomy":"category","embeddable":true,"href":"https:\/\/inbuzios.com.br\/blog\/wp-json\/wp\/v2\/categories?post=4230"},{"taxonomy":"post_tag","embeddable":true,"href":"https:\/\/inbuzios.com.br\/blog\/wp-json\/wp\/v2\/tags?post=4230"}],"curies":[{"name":"wp","href":"https:\/\/api.w.org\/{rel}","templated":true}]}}