{"id":4282,"date":"2019-11-01T13:25:40","date_gmt":"2019-11-01T13:25:40","guid":{"rendered":"http:\/\/inbuzios.com\/blog\/?p=4282"},"modified":"2020-07-27T14:16:45","modified_gmt":"2020-07-27T14:16:45","slug":"nao-pague-taxa-de-bagagem-viaje-com-mala-de-mao","status":"publish","type":"post","link":"https:\/\/inbuzios.com.br\/blog\/2019\/11\/01\/nao-pague-taxa-de-bagagem-viaje-com-mala-de-mao\/","title":{"rendered":"N\u00e3o pague taxa de bagagem: Viaje com mala de m\u00e3o"},"content":{"rendered":"<p><span style=\"font-weight: 400;\">Est\u00e1 cada vez mais comum que as companhias a\u00e9reas pelo mundo, principalmente as classificadas como low cost (de baixo custo), cobrem \u00e0 parte por mala despachada, o que acaba trazendo para sua viagem um custo extra que n\u00e3o foi programado, al\u00e9m de um certo desconforto por estar pagando por algo que n\u00e3o deveria.<\/span><\/p>\n<p><span style=\"font-weight: 400;\">Mas, independente do valor pago pela bagagem, a verdade \u00e9 que sobram motivos para que voc\u00ea diminua a quantidade de coisas que voc\u00ea leva quando vai viajar, principalmente considerando que normalmente n\u00e3o usamos nem 50% (n\u00e3o \u00e9 verdade?).<\/span><\/p>\n<p><span style=\"font-weight: 400;\">Criamos esse post para te ajudar nisso! Claro que se voc\u00ea vai para um lugar muito frio que precise levar muitos casacos, viajar somente com a mala de m\u00e3o n\u00e3o ser\u00e1 provavelmente poss\u00edvel, mas aqui vamos considerar que voc\u00ea venha para um lugar de praia como o Rio de Janeiro!<\/span><\/p>\n<h2><span style=\"font-weight: 400;\">5 Benef\u00edcios de viajar somente com mala de m\u00e3o:<\/span><\/h2>\n<p><span style=\"font-weight: 400;\">1 &#8211; O primeiro \u00e9, como falamos acima, n\u00e3o pagar taxas extras em nenhum v\u00f4o! Economizar \u00e9 bom e a gente adora!<\/span><\/p>\n<p><span style=\"font-weight: 400;\">2 &#8211; Existe uma realidade em companhias a\u00e9reas, n\u00e3o importa o lugar do mundo: malas extraviam! Mas se a sua mala vai juntinho com voc\u00ea na parte de cima do avi\u00e3o, voc\u00ea n\u00e3o corre esse risco!<\/span><\/p>\n<p><img loading=\"lazy\" decoding=\"async\" class=\"alignnone size-full wp-image-4284\" src=\"http:\/\/inbuzios.com\/blog\/wp-content\/uploads\/2019\/11\/malam\u00e3o.banco_.jpg\" alt=\"\" width=\"626\" height=\"417\" \/><\/p>\n<p><span style=\"font-weight: 400;\">3 &#8211; Maior facilidade nas escalas e conex\u00f5es. Se o seu v\u00f4o tem escalas ou conex\u00f5es, voc\u00ea n\u00e3o vai precisar ficar na fila da esteira esperando sua mala e depois na fila do embarque para despach\u00e1-la de novo.<\/span><\/p>\n<p><span style=\"font-weight: 400;\">4 &#8211; Menos volume caso viaje em grupo. Se voc\u00ea estiver viajando em grupo ou em fam\u00edlia, pode ser dif\u00edcil achar um carro para alugar que caiba v\u00e1rias malas grandes ou at\u00e9 mesmo um t\u00e1xi ou ve\u00edculo de aplicativo que consiga levar todas as pessoas + todas as malas.<\/span><\/p>\n<p><span style=\"font-weight: 400;\">5 &#8211; Praticidade em sua viagem! Se voc\u00ea precisar andar com suas malas em algum momento da viagem, mudar de hotel, ou se for viajar para mais de um destino (Rio + B\u00fazios por exemplo) pode ter certeza que voc\u00ea vai fazer isso muito melhor se estiver com pouca bagagem!<\/span><\/p>\n<h2><span style=\"font-weight: 400;\">Arrumando a mala de m\u00e3o<\/span><\/h2>\n<p><img loading=\"lazy\" decoding=\"async\" class=\"alignnone size-full wp-image-4283\" src=\"http:\/\/inbuzios.com\/blog\/wp-content\/uploads\/2019\/11\/arrumandomala.banco_.jpg\" alt=\"\" width=\"626\" height=\"417\" \/><\/p>\n<p><span style=\"font-weight: 400;\">Parece dif\u00edcil, mas n\u00e3o \u00e9! Principalmente considerando que voc\u00ea vai para um lugar de praia.<\/span><\/p>\n<p><span style=\"font-weight: 400;\">Para viagens de at\u00e9 uma semana, os itens que recomendamos s\u00e3o: Duas cal\u00e7as (para mulheres uma jeans e uma legging), um casaco leve, 3 biqu\u00ednis ou 2 sungas\/bermudas de praia, 2 sa\u00eddas de praia, um vestido e uma blusa (ou 2 camisas masculinas) mais arrumados para sair \u00e0 noite, um chinelo e uma sand\u00e1lia ou sapat\u00eanis mais arrumado de cor neutra (o t\u00eanis vai no seu p\u00e9!), 3 shorts\/saias\/bermudas e 4 blusas leves. Roupas \u00edntimas, meias e uma boa necessaire com seus produtos de higiene.<\/span><\/p>\n<p><span style=\"font-weight: 400;\">Voil\u00e1! Com certeza voc\u00ea n\u00e3o precisar\u00e1 de mais do que isso! E, caso precise, n\u00e3o \u00e9 dif\u00edcil que os hot\u00e9is tenham lavanderia para o caso de uma necessidade&#8230;<\/span><\/p>\n<p><span style=\"font-weight: 400;\">Dicas: Prefira cores neutras para que voc\u00ea possa variar as combina\u00e7\u00f5es. Lembre-se que l\u00edquidos somente s\u00e3o aceitos at\u00e9 100ml e objetos pontiagudos como facas e canivetes s\u00e3o proibidos. Al\u00e9m da mala de m\u00e3o, voc\u00ea ainda tem direito \u00e0 uma mochila ou bolsa para levar itens pessoais, como livros, snacks, eletr\u00f4nicos e carregadores, documentos, etc.<\/span><\/p>\n<p><span style=\"font-weight: 400;\">Esperamos ter ajudado! Siga essa dica e traga mais coisas na mem\u00f3ria do que nas m\u00e3os! Voc\u00ea n\u00e3o vai se arrepender! \ud83d\ude42<\/span><\/p>\n<p><span style=\"font-weight: 400;\">Gostou do post? Veja tamb\u00e9m nossas dicas de <\/span><a href=\"https:\/\/www.inbuzios.com\/blog\/5-dicas-infaliveis-para-economizar-tempo-em-suas-viagens\/\"><span style=\"font-weight: 400;\">5 Dicas Infal\u00edveis para Economizar Tempo em suas Viagens<\/span><\/a> <span style=\"font-weight: 400;\">e <\/span><a href=\"https:\/\/www.inbuzios.com\/blog\/15-beneficios-exclusivos-que-apenas-os-clientes-do-transfer-in-buzios-possuem\/\"><span style=\"font-weight: 400;\">15 benef\u00edcios exclusivos que apenas os clientes do Transfer In B\u00fazios possuem<\/span><\/a><span style=\"font-weight: 400;\">.<\/span><\/p>\n<p><span style=\"font-weight: 400;\">Aproveite tamb\u00e9m nossos posts com sugest\u00f5es de lugares para conhecer em diferentes cidades do Rio de Janeiro.<\/span><\/p>\n<p>&nbsp;<\/p>\n","protected":false},"excerpt":{"rendered":"<p>Est\u00e1 cada vez mais comum que as companhias a\u00e9reas pelo mundo, principalmente as classificadas como low cost (de baixo custo), cobrem \u00e0 parte por mala despachada, o que acaba trazendo&#8230;<\/p>\n","protected":false},"author":1,"featured_media":4571,"comment_status":"open","ping_status":"open","sticky":false,"template":"","format":"standard","meta":{"_jetpack_memberships_contains_paid_content":false,"footnotes":""},"categories":[3],"tags":[22,25,96,97,98],"class_list":["post-4282","post","type-post","status-publish","format-standard","has-post-thumbnail","hentry","category-dicas","tag-como-viajar-com-pouca-bagagem","tag-dicas-de-viagem","tag-transfer-buzios","tag-transfer-regiao-dos-lagos","tag-transfer-rioxbuzios"],"yoast_head":"<!-- This site is optimized with the Yoast SEO plugin v27.4 - https:\/\/yoast.com\/product\/yoast-seo-wordpress\/ -->\n<title>N\u00e3o pague taxa de bagagem: Viaje com mala de m\u00e3o - In B\u00fazios<\/title>\n<meta name=\"robots\" content=\"index, follow, max-snippet:-1, max-image-preview:large, max-video-preview:-1\" \/>\n<link rel=\"canonical\" href=\"https:\/\/inbuzios.com.br\/blog\/2019\/11\/01\/nao-pague-taxa-de-bagagem-viaje-com-mala-de-mao\/\" \/>\n<meta property=\"og:locale\" content=\"pt_BR\" \/>\n<meta property=\"og:type\" content=\"article\" \/>\n<meta property=\"og:title\" content=\"N\u00e3o pague taxa de bagagem: Viaje com mala de m\u00e3o - In B\u00fazios\" \/>\n<meta property=\"og:description\" content=\"Est\u00e1 cada vez mais comum que as companhias a\u00e9reas pelo mundo, principalmente as classificadas como low cost (de baixo custo), cobrem \u00e0 parte por mala despachada, o que acaba trazendo...\" \/>\n<meta property=\"og:url\" content=\"https:\/\/inbuzios.com.br\/blog\/2019\/11\/01\/nao-pague-taxa-de-bagagem-viaje-com-mala-de-mao\/\" \/>\n<meta property=\"og:site_name\" content=\"In B\u00fazios\" \/>\n<meta property=\"article:published_time\" content=\"2019-11-01T13:25:40+00:00\" \/>\n<meta property=\"article:modified_time\" content=\"2020-07-27T14:16:45+00:00\" \/>\n<meta property=\"og:image\" content=\"https:\/\/inbuzios.com.br\/blog\/wp-content\/uploads\/2020\/07\/mapa.banco_.jpg\" \/>\n\t<meta property=\"og:image:width\" content=\"626\" \/>\n\t<meta property=\"og:image:height\" content=\"414\" \/>\n\t<meta property=\"og:image:type\" content=\"image\/jpeg\" \/>\n<meta name=\"author\" content=\"admin\" \/>\n<meta name=\"twitter:card\" content=\"summary_large_image\" \/>\n<meta name=\"twitter:label1\" content=\"Escrito por\" \/>\n\t<meta name=\"twitter:data1\" content=\"admin\" \/>\n\t<meta name=\"twitter:label2\" content=\"Est. tempo de leitura\" \/>\n\t<meta name=\"twitter:data2\" content=\"3 minutos\" \/>\n<script type=\"application\/ld+json\" class=\"yoast-schema-graph\">{\"@context\":\"https:\\\/\\\/schema.org\",\"@graph\":[{\"@type\":\"Article\",\"@id\":\"https:\\\/\\\/inbuzios.com.br\\\/blog\\\/2019\\\/11\\\/01\\\/nao-pague-taxa-de-bagagem-viaje-com-mala-de-mao\\\/#article\",\"isPartOf\":{\"@id\":\"https:\\\/\\\/inbuzios.com.br\\\/blog\\\/2019\\\/11\\\/01\\\/nao-pague-taxa-de-bagagem-viaje-com-mala-de-mao\\\/\"},\"author\":{\"name\":\"admin\",\"@id\":\"https:\\\/\\\/inbuzios.com.br\\\/blog\\\/#\\\/schema\\\/person\\\/dbe01781c030a430fd9f84e28a8d6258\"},\"headline\":\"N\u00e3o pague taxa de bagagem: Viaje com mala de m\u00e3o\",\"datePublished\":\"2019-11-01T13:25:40+00:00\",\"dateModified\":\"2020-07-27T14:16:45+00:00\",\"mainEntityOfPage\":{\"@id\":\"https:\\\/\\\/inbuzios.com.br\\\/blog\\\/2019\\\/11\\\/01\\\/nao-pague-taxa-de-bagagem-viaje-com-mala-de-mao\\\/\"},\"wordCount\":648,\"commentCount\":0,\"image\":{\"@id\":\"https:\\\/\\\/inbuzios.com.br\\\/blog\\\/2019\\\/11\\\/01\\\/nao-pague-taxa-de-bagagem-viaje-com-mala-de-mao\\\/#primaryimage\"},\"thumbnailUrl\":\"https:\\\/\\\/inbuzios.com.br\\\/blog\\\/wp-content\\\/uploads\\\/2020\\\/07\\\/mapa.banco_.jpg\",\"keywords\":[\"como viajar com pouca bagagem\",\"dicas de viagem\",\"transfer b\u00fazios\",\"transfer regi\u00e3o dos lagos\",\"transfer rioxbuzios\"],\"articleSection\":[\"Dicas\"],\"inLanguage\":\"pt-BR\",\"potentialAction\":[{\"@type\":\"CommentAction\",\"name\":\"Comment\",\"target\":[\"https:\\\/\\\/inbuzios.com.br\\\/blog\\\/2019\\\/11\\\/01\\\/nao-pague-taxa-de-bagagem-viaje-com-mala-de-mao\\\/#respond\"]}]},{\"@type\":\"WebPage\",\"@id\":\"https:\\\/\\\/inbuzios.com.br\\\/blog\\\/2019\\\/11\\\/01\\\/nao-pague-taxa-de-bagagem-viaje-com-mala-de-mao\\\/\",\"url\":\"https:\\\/\\\/inbuzios.com.br\\\/blog\\\/2019\\\/11\\\/01\\\/nao-pague-taxa-de-bagagem-viaje-com-mala-de-mao\\\/\",\"name\":\"N\u00e3o pague taxa de bagagem: Viaje com mala de m\u00e3o - In B\u00fazios\",\"isPartOf\":{\"@id\":\"https:\\\/\\\/inbuzios.com.br\\\/blog\\\/#website\"},\"primaryImageOfPage\":{\"@id\":\"https:\\\/\\\/inbuzios.com.br\\\/blog\\\/2019\\\/11\\\/01\\\/nao-pague-taxa-de-bagagem-viaje-com-mala-de-mao\\\/#primaryimage\"},\"image\":{\"@id\":\"https:\\\/\\\/inbuzios.com.br\\\/blog\\\/2019\\\/11\\\/01\\\/nao-pague-taxa-de-bagagem-viaje-com-mala-de-mao\\\/#primaryimage\"},\"thumbnailUrl\":\"https:\\\/\\\/inbuzios.com.br\\\/blog\\\/wp-content\\\/uploads\\\/2020\\\/07\\\/mapa.banco_.jpg\",\"datePublished\":\"2019-11-01T13:25:40+00:00\",\"dateModified\":\"2020-07-27T14:16:45+00:00\",\"author\":{\"@id\":\"https:\\\/\\\/inbuzios.com.br\\\/blog\\\/#\\\/schema\\\/person\\\/dbe01781c030a430fd9f84e28a8d6258\"},\"breadcrumb\":{\"@id\":\"https:\\\/\\\/inbuzios.com.br\\\/blog\\\/2019\\\/11\\\/01\\\/nao-pague-taxa-de-bagagem-viaje-com-mala-de-mao\\\/#breadcrumb\"},\"inLanguage\":\"pt-BR\",\"potentialAction\":[{\"@type\":\"ReadAction\",\"target\":[\"https:\\\/\\\/inbuzios.com.br\\\/blog\\\/2019\\\/11\\\/01\\\/nao-pague-taxa-de-bagagem-viaje-com-mala-de-mao\\\/\"]}]},{\"@type\":\"ImageObject\",\"inLanguage\":\"pt-BR\",\"@id\":\"https:\\\/\\\/inbuzios.com.br\\\/blog\\\/2019\\\/11\\\/01\\\/nao-pague-taxa-de-bagagem-viaje-com-mala-de-mao\\\/#primaryimage\",\"url\":\"https:\\\/\\\/inbuzios.com.br\\\/blog\\\/wp-content\\\/uploads\\\/2020\\\/07\\\/mapa.banco_.jpg\",\"contentUrl\":\"https:\\\/\\\/inbuzios.com.br\\\/blog\\\/wp-content\\\/uploads\\\/2020\\\/07\\\/mapa.banco_.jpg\",\"width\":626,\"height\":414},{\"@type\":\"BreadcrumbList\",\"@id\":\"https:\\\/\\\/inbuzios.com.br\\\/blog\\\/2019\\\/11\\\/01\\\/nao-pague-taxa-de-bagagem-viaje-com-mala-de-mao\\\/#breadcrumb\",\"itemListElement\":[{\"@type\":\"ListItem\",\"position\":1,\"name\":\"In\u00edcio\",\"item\":\"https:\\\/\\\/inbuzios.com.br\\\/blog\\\/\"},{\"@type\":\"ListItem\",\"position\":2,\"name\":\"N\u00e3o pague taxa de bagagem: Viaje com mala de m\u00e3o\"}]},{\"@type\":\"WebSite\",\"@id\":\"https:\\\/\\\/inbuzios.com.br\\\/blog\\\/#website\",\"url\":\"https:\\\/\\\/inbuzios.com.br\\\/blog\\\/\",\"name\":\"In B\u00fazios\",\"description\":\"Turismo Receptivo\",\"potentialAction\":[{\"@type\":\"SearchAction\",\"target\":{\"@type\":\"EntryPoint\",\"urlTemplate\":\"https:\\\/\\\/inbuzios.com.br\\\/blog\\\/?s={search_term_string}\"},\"query-input\":{\"@type\":\"PropertyValueSpecification\",\"valueRequired\":true,\"valueName\":\"search_term_string\"}}],\"inLanguage\":\"pt-BR\"},{\"@type\":\"Person\",\"@id\":\"https:\\\/\\\/inbuzios.com.br\\\/blog\\\/#\\\/schema\\\/person\\\/dbe01781c030a430fd9f84e28a8d6258\",\"name\":\"admin\",\"image\":{\"@type\":\"ImageObject\",\"inLanguage\":\"pt-BR\",\"@id\":\"https:\\\/\\\/secure.gravatar.com\\\/avatar\\\/839a24fd6406768d30580b79b6ee2d0b018004c0661e5e4ce1c59db1389277ed?s=96&d=mm&r=g\",\"url\":\"https:\\\/\\\/secure.gravatar.com\\\/avatar\\\/839a24fd6406768d30580b79b6ee2d0b018004c0661e5e4ce1c59db1389277ed?s=96&d=mm&r=g\",\"contentUrl\":\"https:\\\/\\\/secure.gravatar.com\\\/avatar\\\/839a24fd6406768d30580b79b6ee2d0b018004c0661e5e4ce1c59db1389277ed?s=96&d=mm&r=g\",\"caption\":\"admin\"},\"sameAs\":[\"https:\\\/\\\/inbuzios.com.br\\\/blog\"],\"url\":\"https:\\\/\\\/inbuzios.com.br\\\/blog\\\/author\\\/admin\\\/\"}]}<\/script>\n<!-- \/ Yoast SEO plugin. -->","yoast_head_json":{"title":"N\u00e3o pague taxa de bagagem: Viaje com mala de m\u00e3o - In B\u00fazios","robots":{"index":"index","follow":"follow","max-snippet":"max-snippet:-1","max-image-preview":"max-image-preview:large","max-video-preview":"max-video-preview:-1"},"canonical":"https:\/\/inbuzios.com.br\/blog\/2019\/11\/01\/nao-pague-taxa-de-bagagem-viaje-com-mala-de-mao\/","og_locale":"pt_BR","og_type":"article","og_title":"N\u00e3o pague taxa de bagagem: Viaje com mala de m\u00e3o - In B\u00fazios","og_description":"Est\u00e1 cada vez mais comum que as companhias a\u00e9reas pelo mundo, principalmente as classificadas como low cost (de baixo custo), cobrem \u00e0 parte por mala despachada, o que acaba trazendo...","og_url":"https:\/\/inbuzios.com.br\/blog\/2019\/11\/01\/nao-pague-taxa-de-bagagem-viaje-com-mala-de-mao\/","og_site_name":"In B\u00fazios","article_published_time":"2019-11-01T13:25:40+00:00","article_modified_time":"2020-07-27T14:16:45+00:00","og_image":[{"width":626,"height":414,"url":"https:\/\/inbuzios.com.br\/blog\/wp-content\/uploads\/2020\/07\/mapa.banco_.jpg","type":"image\/jpeg"}],"author":"admin","twitter_card":"summary_large_image","twitter_misc":{"Escrito por":"admin","Est. tempo de leitura":"3 minutos"},"schema":{"@context":"https:\/\/schema.org","@graph":[{"@type":"Article","@id":"https:\/\/inbuzios.com.br\/blog\/2019\/11\/01\/nao-pague-taxa-de-bagagem-viaje-com-mala-de-mao\/#article","isPartOf":{"@id":"https:\/\/inbuzios.com.br\/blog\/2019\/11\/01\/nao-pague-taxa-de-bagagem-viaje-com-mala-de-mao\/"},"author":{"name":"admin","@id":"https:\/\/inbuzios.com.br\/blog\/#\/schema\/person\/dbe01781c030a430fd9f84e28a8d6258"},"headline":"N\u00e3o pague taxa de bagagem: Viaje com mala de m\u00e3o","datePublished":"2019-11-01T13:25:40+00:00","dateModified":"2020-07-27T14:16:45+00:00","mainEntityOfPage":{"@id":"https:\/\/inbuzios.com.br\/blog\/2019\/11\/01\/nao-pague-taxa-de-bagagem-viaje-com-mala-de-mao\/"},"wordCount":648,"commentCount":0,"image":{"@id":"https:\/\/inbuzios.com.br\/blog\/2019\/11\/01\/nao-pague-taxa-de-bagagem-viaje-com-mala-de-mao\/#primaryimage"},"thumbnailUrl":"https:\/\/inbuzios.com.br\/blog\/wp-content\/uploads\/2020\/07\/mapa.banco_.jpg","keywords":["como viajar com pouca bagagem","dicas de viagem","transfer b\u00fazios","transfer regi\u00e3o dos lagos","transfer rioxbuzios"],"articleSection":["Dicas"],"inLanguage":"pt-BR","potentialAction":[{"@type":"CommentAction","name":"Comment","target":["https:\/\/inbuzios.com.br\/blog\/2019\/11\/01\/nao-pague-taxa-de-bagagem-viaje-com-mala-de-mao\/#respond"]}]},{"@type":"WebPage","@id":"https:\/\/inbuzios.com.br\/blog\/2019\/11\/01\/nao-pague-taxa-de-bagagem-viaje-com-mala-de-mao\/","url":"https:\/\/inbuzios.com.br\/blog\/2019\/11\/01\/nao-pague-taxa-de-bagagem-viaje-com-mala-de-mao\/","name":"N\u00e3o pague taxa de bagagem: Viaje com mala de m\u00e3o - In B\u00fazios","isPartOf":{"@id":"https:\/\/inbuzios.com.br\/blog\/#website"},"primaryImageOfPage":{"@id":"https:\/\/inbuzios.com.br\/blog\/2019\/11\/01\/nao-pague-taxa-de-bagagem-viaje-com-mala-de-mao\/#primaryimage"},"image":{"@id":"https:\/\/inbuzios.com.br\/blog\/2019\/11\/01\/nao-pague-taxa-de-bagagem-viaje-com-mala-de-mao\/#primaryimage"},"thumbnailUrl":"https:\/\/inbuzios.com.br\/blog\/wp-content\/uploads\/2020\/07\/mapa.banco_.jpg","datePublished":"2019-11-01T13:25:40+00:00","dateModified":"2020-07-27T14:16:45+00:00","author":{"@id":"https:\/\/inbuzios.com.br\/blog\/#\/schema\/person\/dbe01781c030a430fd9f84e28a8d6258"},"breadcrumb":{"@id":"https:\/\/inbuzios.com.br\/blog\/2019\/11\/01\/nao-pague-taxa-de-bagagem-viaje-com-mala-de-mao\/#breadcrumb"},"inLanguage":"pt-BR","potentialAction":[{"@type":"ReadAction","target":["https:\/\/inbuzios.com.br\/blog\/2019\/11\/01\/nao-pague-taxa-de-bagagem-viaje-com-mala-de-mao\/"]}]},{"@type":"ImageObject","inLanguage":"pt-BR","@id":"https:\/\/inbuzios.com.br\/blog\/2019\/11\/01\/nao-pague-taxa-de-bagagem-viaje-com-mala-de-mao\/#primaryimage","url":"https:\/\/inbuzios.com.br\/blog\/wp-content\/uploads\/2020\/07\/mapa.banco_.jpg","contentUrl":"https:\/\/inbuzios.com.br\/blog\/wp-content\/uploads\/2020\/07\/mapa.banco_.jpg","width":626,"height":414},{"@type":"BreadcrumbList","@id":"https:\/\/inbuzios.com.br\/blog\/2019\/11\/01\/nao-pague-taxa-de-bagagem-viaje-com-mala-de-mao\/#breadcrumb","itemListElement":[{"@type":"ListItem","position":1,"name":"In\u00edcio","item":"https:\/\/inbuzios.com.br\/blog\/"},{"@type":"ListItem","position":2,"name":"N\u00e3o pague taxa de bagagem: Viaje com mala de m\u00e3o"}]},{"@type":"WebSite","@id":"https:\/\/inbuzios.com.br\/blog\/#website","url":"https:\/\/inbuzios.com.br\/blog\/","name":"In B\u00fazios","description":"Turismo Receptivo","potentialAction":[{"@type":"SearchAction","target":{"@type":"EntryPoint","urlTemplate":"https:\/\/inbuzios.com.br\/blog\/?s={search_term_string}"},"query-input":{"@type":"PropertyValueSpecification","valueRequired":true,"valueName":"search_term_string"}}],"inLanguage":"pt-BR"},{"@type":"Person","@id":"https:\/\/inbuzios.com.br\/blog\/#\/schema\/person\/dbe01781c030a430fd9f84e28a8d6258","name":"admin","image":{"@type":"ImageObject","inLanguage":"pt-BR","@id":"https:\/\/secure.gravatar.com\/avatar\/839a24fd6406768d30580b79b6ee2d0b018004c0661e5e4ce1c59db1389277ed?s=96&d=mm&r=g","url":"https:\/\/secure.gravatar.com\/avatar\/839a24fd6406768d30580b79b6ee2d0b018004c0661e5e4ce1c59db1389277ed?s=96&d=mm&r=g","contentUrl":"https:\/\/secure.gravatar.com\/avatar\/839a24fd6406768d30580b79b6ee2d0b018004c0661e5e4ce1c59db1389277ed?s=96&d=mm&r=g","caption":"admin"},"sameAs":["https:\/\/inbuzios.com.br\/blog"],"url":"https:\/\/inbuzios.com.br\/blog\/author\/admin\/"}]}},"jetpack_featured_media_url":"https:\/\/inbuzios.com.br\/blog\/wp-content\/uploads\/2020\/07\/mapa.banco_.jpg","jetpack_sharing_enabled":true,"amp_enabled":true,"_links":{"self":[{"href":"https:\/\/inbuzios.com.br\/blog\/wp-json\/wp\/v2\/posts\/4282","targetHints":{"allow":["GET"]}}],"collection":[{"href":"https:\/\/inbuzios.com.br\/blog\/wp-json\/wp\/v2\/posts"}],"about":[{"href":"https:\/\/inbuzios.com.br\/blog\/wp-json\/wp\/v2\/types\/post"}],"author":[{"embeddable":true,"href":"https:\/\/inbuzios.com.br\/blog\/wp-json\/wp\/v2\/users\/1"}],"replies":[{"embeddable":true,"href":"https:\/\/inbuzios.com.br\/blog\/wp-json\/wp\/v2\/comments?post=4282"}],"version-history":[{"count":1,"href":"https:\/\/inbuzios.com.br\/blog\/wp-json\/wp\/v2\/posts\/4282\/revisions"}],"predecessor-version":[{"id":4719,"href":"https:\/\/inbuzios.com.br\/blog\/wp-json\/wp\/v2\/posts\/4282\/revisions\/4719"}],"wp:featuredmedia":[{"embeddable":true,"href":"https:\/\/inbuzios.com.br\/blog\/wp-json\/wp\/v2\/media\/4571"}],"wp:attachment":[{"href":"https:\/\/inbuzios.com.br\/blog\/wp-json\/wp\/v2\/media?parent=4282"}],"wp:term":[{"taxonomy":"category","embeddable":true,"href":"https:\/\/inbuzios.com.br\/blog\/wp-json\/wp\/v2\/categories?post=4282"},{"taxonomy":"post_tag","embeddable":true,"href":"https:\/\/inbuzios.com.br\/blog\/wp-json\/wp\/v2\/tags?post=4282"}],"curies":[{"name":"wp","href":"https:\/\/api.w.org\/{rel}","templated":true}]}}