{"id":4288,"date":"2019-11-13T16:01:43","date_gmt":"2019-11-13T16:01:43","guid":{"rendered":"http:\/\/inbuzios.com\/blog\/?p=4288"},"modified":"2020-07-27T14:16:14","modified_gmt":"2020-07-27T14:16:14","slug":"novos-voos-para-cabo-frio-facilitam-a-chegada-a-buzios-no-verao-2020","status":"publish","type":"post","link":"https:\/\/inbuzios.com.br\/blog\/2019\/11\/13\/novos-voos-para-cabo-frio-facilitam-a-chegada-a-buzios-no-verao-2020\/","title":{"rendered":"Novos voos para Cabo Frio facilitam a chegada a B\u00fazios no ver\u00e3o 2020"},"content":{"rendered":"<p><span style=\"font-weight: 400;\">Chegar de avi\u00e3o no aeroporto de Cabo Frio n\u00e3o \u00e9 mais privil\u00e9gio apenas dos mineiros. Agora \u00e9 a vez dos paulistanos chegarem \u00e0 B\u00fazios com mais facilidade e rapidez! A cia a\u00e9rea GOL j\u00e1 abriu as vendas da nova linha de voos que vai do aeroporto de Guarulhos direto ao aeroporto de Cabo Frio.<\/span><\/p>\n<p><span style=\"font-weight: 400;\">Al\u00e9m da nova linha operada pela GOL, a empresa AZUL tamb\u00e9m continuar\u00e1 operando voos da capital mineira Belo Horizonte para Cabo Frio, como j\u00e1 vem fazendo h\u00e1 alguns anos.<\/span><\/p>\n<p><span style=\"font-weight: 400;\">Agora voc\u00ea deve estar se perguntando: E como ir de Cabo Frio para B\u00fazios?? Com a In B\u00fazios, \u00e9 claro! A melhor empresa de transporte especializado em turismo que atua em B\u00fazios e em todo o Estado do Rio de Janeiro. Saiba mais sobre os voos e nosso transfer:<\/span><\/p>\n<h2><span style=\"font-weight: 400;\">Voos GOL de S\u00e3o Paulo para Cabo Frio<\/span><\/h2>\n<p><span style=\"font-weight: 400;\">A rota a ser operada pela GOL no ver\u00e3o 2019\/2020 ser\u00e1 uma rota direta entre o aeroporto de Guarulhos e Cabo Frio. Os v\u00f4os ter\u00e3o dura\u00e7\u00e3o de 1h10min e a sa\u00edda de Guarulhos ser\u00e1 \u00e0s 9h50, com chegada em Cabo Frio \u00e0s 11h. A volta de Cabo Frio ser\u00e1 \u00e0s 11h30, pousando em Guarulhos \u00e0s 12h40.<\/span><\/p>\n<p><span style=\"font-weight: 400;\">A rota vai ser operada com diferentes frequ<\/span><span style=\"font-weight: 400;\">\u00eancias ao longo das f\u00e9rias de ver\u00e3o e in\u00edcio do outono, at\u00e9 o feriado da Semana Santa. Confira os dias:<\/span><\/p>\n<ul>\n<li style=\"font-weight: 400;\"><span style=\"font-weight: 400;\">26\/dezembro a 20\/janeiro: diariamente<\/span><\/li>\n<li style=\"font-weight: 400;\"><span style=\"font-weight: 400;\">21\/janeiro a 20\/fevereiro: 5\u00aa, 6\u00aa, s\u00e1bado e domingo<\/span><\/li>\n<li style=\"font-weight: 400;\"><span style=\"font-weight: 400;\">21\/fevereiro a 2\/mar\u00e7o: 2\u00aa, 4\u00aa, 5\u00aa, 6\u00aa, s\u00e1bado e domingo<\/span><\/li>\n<li style=\"font-weight: 400;\"><span style=\"font-weight: 400;\">3\/mar\u00e7o a 12\/abril: 4\u00aa, s\u00e1bado e domingo<\/span><\/li>\n<\/ul>\n<p><span style=\"font-weight: 400;\">As passagens j\u00e1 est\u00e3o \u00e0 venda no site! Quanto \u00e0s tarifas, elas\u00a0 iniciaram a R$ 218 (ida) e R$ 213 (volta) em v\u00e1rias datas de janeiro, fevereiro e mar\u00e7o.Considerando que uma passagem de\u00a0 \u00f4nibus de S\u00e3o Paulo direto a Cabo Frio custa entre R$ 138 e R$ 309, est\u00e1 valendo super a pena!!!<\/span><\/p>\n<h2><span style=\"font-weight: 400;\">Voos AZUL de Belo Horizonte para Cabo Frio<\/span><\/h2>\n<div id=\"attachment_4290\" style=\"width: 994px\" class=\"wp-caption alignnone\"><img loading=\"lazy\" decoding=\"async\" aria-describedby=\"caption-attachment-4290\" class=\"size-full wp-image-4290\" src=\"http:\/\/inbuzios.com\/blog\/wp-content\/uploads\/2019\/11\/Cabo-Frio-come\u00e7a-a-receber-voos-de-Belo-Horizonte.jpeg.jpg\" alt=\"\" width=\"984\" height=\"738\" \/><p id=\"caption-attachment-4290\" class=\"wp-caption-text\">Foto: Clique di\u00e1rio<\/p><\/div>\n<p><span style=\"font-weight: 400;\">A AZUL linhas a\u00e9reas j\u00e1 vem operando h\u00e1 algum tempo voos diretos de Belo Horizonte para Cabo Frio com tarifas tamb\u00e9m bastante acess\u00edveis para compras com anteced\u00eancia. A dura\u00e7\u00e3o dos voos \u00e9 de 1h a 1h20min, dependendo da aeronave e \u00e9 permitido apenas mala de m\u00e3o sem cobran\u00e7a extra.<\/span><\/p>\n<p><span style=\"font-weight: 400;\">A empresa vai utilizar dois tipos de aeronaves, sendo um Embraer a jato 195 com capacidade para transportar de 80 a 120 passageiros; e um turbo-h\u00e9lice ATR-72 com capacidade para at\u00e9 72 passageiros em voos regionais.<\/span><\/p>\n<p><span style=\"font-weight: 400;\">A opera\u00e7\u00e3o, realizada pela Azul Linhas A\u00e9reas, come\u00e7ou no dia 1\u00ba de novembro e segue at\u00e9 o dia 31 de abril de 2020. Os valores iniciam em R$398,00 ida e volta com taxas (datas para dezembro a abril) e as passagens podem ser compradas diretamente no site da azul ou em outros sites de busca.\u00a0<\/span><\/p>\n<h2><span style=\"font-weight: 400;\">Transfer do Rio de Janeiro e de Cabo Frio para B\u00fazios<\/span><\/h2>\n<div id=\"attachment_4291\" style=\"width: 1034px\" class=\"wp-caption alignnone\"><img loading=\"lazy\" decoding=\"async\" aria-describedby=\"caption-attachment-4291\" class=\"size-large wp-image-4291\" src=\"http:\/\/inbuzios.com\/blog\/wp-content\/uploads\/2019\/11\/IMG_1859_1-1024x599.jpg\" alt=\"\" width=\"1024\" height=\"599\" \/><p id=\"caption-attachment-4291\" class=\"wp-caption-text\">Foto: Acervo<\/p><\/div>\n<p><span style=\"font-weight: 400;\">Nossos Transfers do Rio de Janeiro ou de Cabo Frio para B\u00fazios com certeza s\u00e3o a melhor op\u00e7\u00e3o para para ir dos aeroportos para B\u00fazios. <\/span><span style=\"font-weight: 400;\">Esses servi\u00e7os de Transporte e turismo podem ser contratados de acordo com a sua necessidade, programando a chegada do transfer conforme os <\/span><i><span style=\"font-weight: 400;\">hor\u00e1rios dos voos, de check-in e check-out no hotel.<\/span><\/i><span style=\"font-weight: 400;\"> Os detalhes ir\u00e3o variar conforme o servi\u00e7o contratado, j\u00e1 que existem duas op\u00e7\u00f5es de transfer: <\/span><b>regular e privado<\/b><span style=\"font-weight: 400;\">.<\/span><\/p>\n<p><span style=\"font-weight: 400;\">O servi\u00e7o de <\/span><b>transfer regular<\/b><span style=\"font-weight: 400;\"> \u00e9 uma modalidade em que o transporte at\u00e9 o hotel \u00e9 compartilhado com outros turistas. Neste caso, o deslocamento pode ser feito em vans, micro-\u00f4nibus ou \u00f4nibus exclusivos. Se voc\u00ea vem do Rio, esse servi\u00e7o \u00e9 mais barato e disponibilizado em diversos hor\u00e1rios ao dia. Clique <\/span><a href=\"https:\/\/www.inbuzios.com\/produto\/transfer-rio-buzios\"><span style=\"font-weight: 400;\">aqui<\/span><\/a><span style=\"font-weight: 400;\"> e veja mais informa\u00e7\u00f5es sobre nosso transfer regular do Rio de Janeiro para B\u00fazios.<\/span><\/p>\n<p><span style=\"font-weight: 400;\">O<\/span><b> transfer privado<\/b><span style=\"font-weight: 400;\"> \u00e9 uma alternativa para quem busca maior conforto e privacidade ou n\u00e3o tem o servi\u00e7o regular dispon\u00edvel. Ao contr\u00e1rio do que acontece no servi\u00e7o de transfer regular, esta modalidade garante um carro exclusivo para seu grupo. Compartilhando o ve\u00edculo apenas com os seus familiares ou amigos, o motorista ficar\u00e1 \u00e0 disposi\u00e7\u00e3o para partir assim que voc\u00ea estiver pronto, n\u00e3o havendo necessidade de esperar por outras pessoas.\u00a0 \u00c9 voc\u00ea quem define o hor\u00e1rio de partida! Para os que chegam pelo aeroporto de Cabo Frio, onde ainda n\u00e3o h\u00e1 volume muito grande de passageiros, esta \u00e9 a melhor op\u00e7\u00e3o para vir a B\u00fazios.<\/span><\/p>\n<p><span style=\"font-weight: 400;\">J\u00e1 reservou seu voo? Entre em contato conosco e reserve tamb\u00e9m o seu transfer. Tire todas as suas d\u00favidas atrav\u00e9s do nosso <\/span><a href=\"https:\/\/www.inbuzios.com\/produto\/transfer-rio-buzios\"><span style=\"font-weight: 400;\">chat online<\/span><\/a><span style=\"font-weight: 400;\"> ou leia mais sobre nossos servi\u00e7os em nosso blog, nos artigos: <\/span><a href=\"https:\/\/www.inbuzios.com\/blog\/15-beneficios-exclusivos-que-apenas-os-clientes-do-transfer-in-buzios-possuem\/\"><span style=\"font-weight: 400;\">15 benef\u00edcios exclusivos que apenas os clientes do Transfer In B\u00fazios possuem<\/span><\/a><span style=\"font-weight: 400;\"> e <\/span><a href=\"https:\/\/www.inbuzios.com\/blog\/transfer-rio-x-buzios-e-com-a-in-buzios-conheca-nossos-onibus\/\"><span style=\"font-weight: 400;\">Transfer Rio x B\u00fazios \u00e9 com a In B\u00fazios: Conhe\u00e7a nossos \u00f4nibus<\/span><\/a><\/p>\n","protected":false},"excerpt":{"rendered":"<p>Chegar de avi\u00e3o no aeroporto de Cabo Frio n\u00e3o \u00e9 mais privil\u00e9gio apenas dos mineiros. Agora \u00e9 a vez dos paulistanos chegarem \u00e0 B\u00fazios com mais facilidade e rapidez! A&#8230;<\/p>\n","protected":false},"author":1,"featured_media":4504,"comment_status":"open","ping_status":"open","sticky":false,"template":"","format":"standard","meta":{"_jetpack_memberships_contains_paid_content":false,"footnotes":""},"categories":[3],"tags":[7,16,17,21,62,96,97,98,100,101],"class_list":["post-4288","post","type-post","status-publish","format-standard","has-post-thumbnail","hentry","category-dicas","tag-aeroporto-de-cabo-frio","tag-city-tour-em-buzios","tag-city-tour-em-cabo-frio","tag-como-ir-de-aviao-para-buzios","tag-passeios-regiao-dos-lagos","tag-transfer-buzios","tag-transfer-regiao-dos-lagos","tag-transfer-rioxbuzios","tag-viagem-de-aviao-para-cabo-frio","tag-viajar-para-buzios-de-aviao"],"yoast_head":"<!-- This site is optimized with the Yoast SEO plugin v27.4 - https:\/\/yoast.com\/product\/yoast-seo-wordpress\/ -->\n<title>Novos voos para Cabo Frio facilitam a chegada a B\u00fazios no ver\u00e3o 2020 - In B\u00fazios<\/title>\n<meta name=\"robots\" content=\"index, follow, max-snippet:-1, max-image-preview:large, max-video-preview:-1\" \/>\n<link rel=\"canonical\" href=\"https:\/\/inbuzios.com.br\/blog\/2019\/11\/13\/novos-voos-para-cabo-frio-facilitam-a-chegada-a-buzios-no-verao-2020\/\" \/>\n<meta property=\"og:locale\" content=\"pt_BR\" \/>\n<meta property=\"og:type\" content=\"article\" \/>\n<meta property=\"og:title\" content=\"Novos voos para Cabo Frio facilitam a chegada a B\u00fazios no ver\u00e3o 2020 - In B\u00fazios\" \/>\n<meta property=\"og:description\" content=\"Chegar de avi\u00e3o no aeroporto de Cabo Frio n\u00e3o \u00e9 mais privil\u00e9gio apenas dos mineiros. Agora \u00e9 a vez dos paulistanos chegarem \u00e0 B\u00fazios com mais facilidade e rapidez! A...\" \/>\n<meta property=\"og:url\" content=\"https:\/\/inbuzios.com.br\/blog\/2019\/11\/13\/novos-voos-para-cabo-frio-facilitam-a-chegada-a-buzios-no-verao-2020\/\" \/>\n<meta property=\"og:site_name\" content=\"In B\u00fazios\" \/>\n<meta property=\"article:published_time\" content=\"2019-11-13T16:01:43+00:00\" \/>\n<meta property=\"article:modified_time\" content=\"2020-07-27T14:16:14+00:00\" \/>\n<meta property=\"og:image\" content=\"https:\/\/inbuzios.com.br\/blog\/wp-content\/uploads\/2020\/07\/azeda_bz.jpg\" \/>\n\t<meta property=\"og:image:width\" content=\"900\" \/>\n\t<meta property=\"og:image:height\" content=\"564\" \/>\n\t<meta property=\"og:image:type\" content=\"image\/jpeg\" \/>\n<meta name=\"author\" content=\"admin\" \/>\n<meta name=\"twitter:card\" content=\"summary_large_image\" \/>\n<meta name=\"twitter:label1\" content=\"Escrito por\" \/>\n\t<meta name=\"twitter:data1\" content=\"admin\" \/>\n\t<meta name=\"twitter:label2\" content=\"Est. tempo de leitura\" \/>\n\t<meta name=\"twitter:data2\" content=\"4 minutos\" \/>\n<script type=\"application\/ld+json\" class=\"yoast-schema-graph\">{\"@context\":\"https:\\\/\\\/schema.org\",\"@graph\":[{\"@type\":\"Article\",\"@id\":\"https:\\\/\\\/inbuzios.com.br\\\/blog\\\/2019\\\/11\\\/13\\\/novos-voos-para-cabo-frio-facilitam-a-chegada-a-buzios-no-verao-2020\\\/#article\",\"isPartOf\":{\"@id\":\"https:\\\/\\\/inbuzios.com.br\\\/blog\\\/2019\\\/11\\\/13\\\/novos-voos-para-cabo-frio-facilitam-a-chegada-a-buzios-no-verao-2020\\\/\"},\"author\":{\"name\":\"admin\",\"@id\":\"https:\\\/\\\/inbuzios.com.br\\\/blog\\\/#\\\/schema\\\/person\\\/dbe01781c030a430fd9f84e28a8d6258\"},\"headline\":\"Novos voos para Cabo Frio facilitam a chegada a B\u00fazios no ver\u00e3o 2020\",\"datePublished\":\"2019-11-13T16:01:43+00:00\",\"dateModified\":\"2020-07-27T14:16:14+00:00\",\"mainEntityOfPage\":{\"@id\":\"https:\\\/\\\/inbuzios.com.br\\\/blog\\\/2019\\\/11\\\/13\\\/novos-voos-para-cabo-frio-facilitam-a-chegada-a-buzios-no-verao-2020\\\/\"},\"wordCount\":847,\"commentCount\":0,\"image\":{\"@id\":\"https:\\\/\\\/inbuzios.com.br\\\/blog\\\/2019\\\/11\\\/13\\\/novos-voos-para-cabo-frio-facilitam-a-chegada-a-buzios-no-verao-2020\\\/#primaryimage\"},\"thumbnailUrl\":\"https:\\\/\\\/inbuzios.com.br\\\/blog\\\/wp-content\\\/uploads\\\/2020\\\/07\\\/azeda_bz.jpg\",\"keywords\":[\"aeroporto de cabo frio\",\"city tour em b\u00fazios\",\"city tour em cabo frio\",\"como ir de avi\u00e3o para b\u00fazios\",\"passeios regi\u00e3o dos lagos\",\"transfer b\u00fazios\",\"transfer regi\u00e3o dos lagos\",\"transfer rioxbuzios\",\"viagem de avi\u00e3o para cabo frio\",\"viajar para b\u00fazios de avi\u00e3o\"],\"articleSection\":[\"Dicas\"],\"inLanguage\":\"pt-BR\",\"potentialAction\":[{\"@type\":\"CommentAction\",\"name\":\"Comment\",\"target\":[\"https:\\\/\\\/inbuzios.com.br\\\/blog\\\/2019\\\/11\\\/13\\\/novos-voos-para-cabo-frio-facilitam-a-chegada-a-buzios-no-verao-2020\\\/#respond\"]}]},{\"@type\":\"WebPage\",\"@id\":\"https:\\\/\\\/inbuzios.com.br\\\/blog\\\/2019\\\/11\\\/13\\\/novos-voos-para-cabo-frio-facilitam-a-chegada-a-buzios-no-verao-2020\\\/\",\"url\":\"https:\\\/\\\/inbuzios.com.br\\\/blog\\\/2019\\\/11\\\/13\\\/novos-voos-para-cabo-frio-facilitam-a-chegada-a-buzios-no-verao-2020\\\/\",\"name\":\"Novos voos para Cabo Frio facilitam a chegada a B\u00fazios no ver\u00e3o 2020 - In B\u00fazios\",\"isPartOf\":{\"@id\":\"https:\\\/\\\/inbuzios.com.br\\\/blog\\\/#website\"},\"primaryImageOfPage\":{\"@id\":\"https:\\\/\\\/inbuzios.com.br\\\/blog\\\/2019\\\/11\\\/13\\\/novos-voos-para-cabo-frio-facilitam-a-chegada-a-buzios-no-verao-2020\\\/#primaryimage\"},\"image\":{\"@id\":\"https:\\\/\\\/inbuzios.com.br\\\/blog\\\/2019\\\/11\\\/13\\\/novos-voos-para-cabo-frio-facilitam-a-chegada-a-buzios-no-verao-2020\\\/#primaryimage\"},\"thumbnailUrl\":\"https:\\\/\\\/inbuzios.com.br\\\/blog\\\/wp-content\\\/uploads\\\/2020\\\/07\\\/azeda_bz.jpg\",\"datePublished\":\"2019-11-13T16:01:43+00:00\",\"dateModified\":\"2020-07-27T14:16:14+00:00\",\"author\":{\"@id\":\"https:\\\/\\\/inbuzios.com.br\\\/blog\\\/#\\\/schema\\\/person\\\/dbe01781c030a430fd9f84e28a8d6258\"},\"breadcrumb\":{\"@id\":\"https:\\\/\\\/inbuzios.com.br\\\/blog\\\/2019\\\/11\\\/13\\\/novos-voos-para-cabo-frio-facilitam-a-chegada-a-buzios-no-verao-2020\\\/#breadcrumb\"},\"inLanguage\":\"pt-BR\",\"potentialAction\":[{\"@type\":\"ReadAction\",\"target\":[\"https:\\\/\\\/inbuzios.com.br\\\/blog\\\/2019\\\/11\\\/13\\\/novos-voos-para-cabo-frio-facilitam-a-chegada-a-buzios-no-verao-2020\\\/\"]}]},{\"@type\":\"ImageObject\",\"inLanguage\":\"pt-BR\",\"@id\":\"https:\\\/\\\/inbuzios.com.br\\\/blog\\\/2019\\\/11\\\/13\\\/novos-voos-para-cabo-frio-facilitam-a-chegada-a-buzios-no-verao-2020\\\/#primaryimage\",\"url\":\"https:\\\/\\\/inbuzios.com.br\\\/blog\\\/wp-content\\\/uploads\\\/2020\\\/07\\\/azeda_bz.jpg\",\"contentUrl\":\"https:\\\/\\\/inbuzios.com.br\\\/blog\\\/wp-content\\\/uploads\\\/2020\\\/07\\\/azeda_bz.jpg\",\"width\":900,\"height\":564},{\"@type\":\"BreadcrumbList\",\"@id\":\"https:\\\/\\\/inbuzios.com.br\\\/blog\\\/2019\\\/11\\\/13\\\/novos-voos-para-cabo-frio-facilitam-a-chegada-a-buzios-no-verao-2020\\\/#breadcrumb\",\"itemListElement\":[{\"@type\":\"ListItem\",\"position\":1,\"name\":\"In\u00edcio\",\"item\":\"https:\\\/\\\/inbuzios.com.br\\\/blog\\\/\"},{\"@type\":\"ListItem\",\"position\":2,\"name\":\"Novos voos para Cabo Frio facilitam a chegada a B\u00fazios no ver\u00e3o 2020\"}]},{\"@type\":\"WebSite\",\"@id\":\"https:\\\/\\\/inbuzios.com.br\\\/blog\\\/#website\",\"url\":\"https:\\\/\\\/inbuzios.com.br\\\/blog\\\/\",\"name\":\"In B\u00fazios\",\"description\":\"Turismo Receptivo\",\"potentialAction\":[{\"@type\":\"SearchAction\",\"target\":{\"@type\":\"EntryPoint\",\"urlTemplate\":\"https:\\\/\\\/inbuzios.com.br\\\/blog\\\/?s={search_term_string}\"},\"query-input\":{\"@type\":\"PropertyValueSpecification\",\"valueRequired\":true,\"valueName\":\"search_term_string\"}}],\"inLanguage\":\"pt-BR\"},{\"@type\":\"Person\",\"@id\":\"https:\\\/\\\/inbuzios.com.br\\\/blog\\\/#\\\/schema\\\/person\\\/dbe01781c030a430fd9f84e28a8d6258\",\"name\":\"admin\",\"image\":{\"@type\":\"ImageObject\",\"inLanguage\":\"pt-BR\",\"@id\":\"https:\\\/\\\/secure.gravatar.com\\\/avatar\\\/839a24fd6406768d30580b79b6ee2d0b018004c0661e5e4ce1c59db1389277ed?s=96&d=mm&r=g\",\"url\":\"https:\\\/\\\/secure.gravatar.com\\\/avatar\\\/839a24fd6406768d30580b79b6ee2d0b018004c0661e5e4ce1c59db1389277ed?s=96&d=mm&r=g\",\"contentUrl\":\"https:\\\/\\\/secure.gravatar.com\\\/avatar\\\/839a24fd6406768d30580b79b6ee2d0b018004c0661e5e4ce1c59db1389277ed?s=96&d=mm&r=g\",\"caption\":\"admin\"},\"sameAs\":[\"https:\\\/\\\/inbuzios.com.br\\\/blog\"],\"url\":\"https:\\\/\\\/inbuzios.com.br\\\/blog\\\/author\\\/admin\\\/\"}]}<\/script>\n<!-- \/ Yoast SEO plugin. -->","yoast_head_json":{"title":"Novos voos para Cabo Frio facilitam a chegada a B\u00fazios no ver\u00e3o 2020 - In B\u00fazios","robots":{"index":"index","follow":"follow","max-snippet":"max-snippet:-1","max-image-preview":"max-image-preview:large","max-video-preview":"max-video-preview:-1"},"canonical":"https:\/\/inbuzios.com.br\/blog\/2019\/11\/13\/novos-voos-para-cabo-frio-facilitam-a-chegada-a-buzios-no-verao-2020\/","og_locale":"pt_BR","og_type":"article","og_title":"Novos voos para Cabo Frio facilitam a chegada a B\u00fazios no ver\u00e3o 2020 - In B\u00fazios","og_description":"Chegar de avi\u00e3o no aeroporto de Cabo Frio n\u00e3o \u00e9 mais privil\u00e9gio apenas dos mineiros. Agora \u00e9 a vez dos paulistanos chegarem \u00e0 B\u00fazios com mais facilidade e rapidez! A...","og_url":"https:\/\/inbuzios.com.br\/blog\/2019\/11\/13\/novos-voos-para-cabo-frio-facilitam-a-chegada-a-buzios-no-verao-2020\/","og_site_name":"In B\u00fazios","article_published_time":"2019-11-13T16:01:43+00:00","article_modified_time":"2020-07-27T14:16:14+00:00","og_image":[{"width":900,"height":564,"url":"https:\/\/inbuzios.com.br\/blog\/wp-content\/uploads\/2020\/07\/azeda_bz.jpg","type":"image\/jpeg"}],"author":"admin","twitter_card":"summary_large_image","twitter_misc":{"Escrito por":"admin","Est. tempo de leitura":"4 minutos"},"schema":{"@context":"https:\/\/schema.org","@graph":[{"@type":"Article","@id":"https:\/\/inbuzios.com.br\/blog\/2019\/11\/13\/novos-voos-para-cabo-frio-facilitam-a-chegada-a-buzios-no-verao-2020\/#article","isPartOf":{"@id":"https:\/\/inbuzios.com.br\/blog\/2019\/11\/13\/novos-voos-para-cabo-frio-facilitam-a-chegada-a-buzios-no-verao-2020\/"},"author":{"name":"admin","@id":"https:\/\/inbuzios.com.br\/blog\/#\/schema\/person\/dbe01781c030a430fd9f84e28a8d6258"},"headline":"Novos voos para Cabo Frio facilitam a chegada a B\u00fazios no ver\u00e3o 2020","datePublished":"2019-11-13T16:01:43+00:00","dateModified":"2020-07-27T14:16:14+00:00","mainEntityOfPage":{"@id":"https:\/\/inbuzios.com.br\/blog\/2019\/11\/13\/novos-voos-para-cabo-frio-facilitam-a-chegada-a-buzios-no-verao-2020\/"},"wordCount":847,"commentCount":0,"image":{"@id":"https:\/\/inbuzios.com.br\/blog\/2019\/11\/13\/novos-voos-para-cabo-frio-facilitam-a-chegada-a-buzios-no-verao-2020\/#primaryimage"},"thumbnailUrl":"https:\/\/inbuzios.com.br\/blog\/wp-content\/uploads\/2020\/07\/azeda_bz.jpg","keywords":["aeroporto de cabo frio","city tour em b\u00fazios","city tour em cabo frio","como ir de avi\u00e3o para b\u00fazios","passeios regi\u00e3o dos lagos","transfer b\u00fazios","transfer regi\u00e3o dos lagos","transfer rioxbuzios","viagem de avi\u00e3o para cabo frio","viajar para b\u00fazios de avi\u00e3o"],"articleSection":["Dicas"],"inLanguage":"pt-BR","potentialAction":[{"@type":"CommentAction","name":"Comment","target":["https:\/\/inbuzios.com.br\/blog\/2019\/11\/13\/novos-voos-para-cabo-frio-facilitam-a-chegada-a-buzios-no-verao-2020\/#respond"]}]},{"@type":"WebPage","@id":"https:\/\/inbuzios.com.br\/blog\/2019\/11\/13\/novos-voos-para-cabo-frio-facilitam-a-chegada-a-buzios-no-verao-2020\/","url":"https:\/\/inbuzios.com.br\/blog\/2019\/11\/13\/novos-voos-para-cabo-frio-facilitam-a-chegada-a-buzios-no-verao-2020\/","name":"Novos voos para Cabo Frio facilitam a chegada a B\u00fazios no ver\u00e3o 2020 - In B\u00fazios","isPartOf":{"@id":"https:\/\/inbuzios.com.br\/blog\/#website"},"primaryImageOfPage":{"@id":"https:\/\/inbuzios.com.br\/blog\/2019\/11\/13\/novos-voos-para-cabo-frio-facilitam-a-chegada-a-buzios-no-verao-2020\/#primaryimage"},"image":{"@id":"https:\/\/inbuzios.com.br\/blog\/2019\/11\/13\/novos-voos-para-cabo-frio-facilitam-a-chegada-a-buzios-no-verao-2020\/#primaryimage"},"thumbnailUrl":"https:\/\/inbuzios.com.br\/blog\/wp-content\/uploads\/2020\/07\/azeda_bz.jpg","datePublished":"2019-11-13T16:01:43+00:00","dateModified":"2020-07-27T14:16:14+00:00","author":{"@id":"https:\/\/inbuzios.com.br\/blog\/#\/schema\/person\/dbe01781c030a430fd9f84e28a8d6258"},"breadcrumb":{"@id":"https:\/\/inbuzios.com.br\/blog\/2019\/11\/13\/novos-voos-para-cabo-frio-facilitam-a-chegada-a-buzios-no-verao-2020\/#breadcrumb"},"inLanguage":"pt-BR","potentialAction":[{"@type":"ReadAction","target":["https:\/\/inbuzios.com.br\/blog\/2019\/11\/13\/novos-voos-para-cabo-frio-facilitam-a-chegada-a-buzios-no-verao-2020\/"]}]},{"@type":"ImageObject","inLanguage":"pt-BR","@id":"https:\/\/inbuzios.com.br\/blog\/2019\/11\/13\/novos-voos-para-cabo-frio-facilitam-a-chegada-a-buzios-no-verao-2020\/#primaryimage","url":"https:\/\/inbuzios.com.br\/blog\/wp-content\/uploads\/2020\/07\/azeda_bz.jpg","contentUrl":"https:\/\/inbuzios.com.br\/blog\/wp-content\/uploads\/2020\/07\/azeda_bz.jpg","width":900,"height":564},{"@type":"BreadcrumbList","@id":"https:\/\/inbuzios.com.br\/blog\/2019\/11\/13\/novos-voos-para-cabo-frio-facilitam-a-chegada-a-buzios-no-verao-2020\/#breadcrumb","itemListElement":[{"@type":"ListItem","position":1,"name":"In\u00edcio","item":"https:\/\/inbuzios.com.br\/blog\/"},{"@type":"ListItem","position":2,"name":"Novos voos para Cabo Frio facilitam a chegada a B\u00fazios no ver\u00e3o 2020"}]},{"@type":"WebSite","@id":"https:\/\/inbuzios.com.br\/blog\/#website","url":"https:\/\/inbuzios.com.br\/blog\/","name":"In B\u00fazios","description":"Turismo Receptivo","potentialAction":[{"@type":"SearchAction","target":{"@type":"EntryPoint","urlTemplate":"https:\/\/inbuzios.com.br\/blog\/?s={search_term_string}"},"query-input":{"@type":"PropertyValueSpecification","valueRequired":true,"valueName":"search_term_string"}}],"inLanguage":"pt-BR"},{"@type":"Person","@id":"https:\/\/inbuzios.com.br\/blog\/#\/schema\/person\/dbe01781c030a430fd9f84e28a8d6258","name":"admin","image":{"@type":"ImageObject","inLanguage":"pt-BR","@id":"https:\/\/secure.gravatar.com\/avatar\/839a24fd6406768d30580b79b6ee2d0b018004c0661e5e4ce1c59db1389277ed?s=96&d=mm&r=g","url":"https:\/\/secure.gravatar.com\/avatar\/839a24fd6406768d30580b79b6ee2d0b018004c0661e5e4ce1c59db1389277ed?s=96&d=mm&r=g","contentUrl":"https:\/\/secure.gravatar.com\/avatar\/839a24fd6406768d30580b79b6ee2d0b018004c0661e5e4ce1c59db1389277ed?s=96&d=mm&r=g","caption":"admin"},"sameAs":["https:\/\/inbuzios.com.br\/blog"],"url":"https:\/\/inbuzios.com.br\/blog\/author\/admin\/"}]}},"jetpack_featured_media_url":"https:\/\/inbuzios.com.br\/blog\/wp-content\/uploads\/2020\/07\/azeda_bz.jpg","jetpack_sharing_enabled":true,"amp_enabled":true,"_links":{"self":[{"href":"https:\/\/inbuzios.com.br\/blog\/wp-json\/wp\/v2\/posts\/4288","targetHints":{"allow":["GET"]}}],"collection":[{"href":"https:\/\/inbuzios.com.br\/blog\/wp-json\/wp\/v2\/posts"}],"about":[{"href":"https:\/\/inbuzios.com.br\/blog\/wp-json\/wp\/v2\/types\/post"}],"author":[{"embeddable":true,"href":"https:\/\/inbuzios.com.br\/blog\/wp-json\/wp\/v2\/users\/1"}],"replies":[{"embeddable":true,"href":"https:\/\/inbuzios.com.br\/blog\/wp-json\/wp\/v2\/comments?post=4288"}],"version-history":[{"count":1,"href":"https:\/\/inbuzios.com.br\/blog\/wp-json\/wp\/v2\/posts\/4288\/revisions"}],"predecessor-version":[{"id":4718,"href":"https:\/\/inbuzios.com.br\/blog\/wp-json\/wp\/v2\/posts\/4288\/revisions\/4718"}],"wp:featuredmedia":[{"embeddable":true,"href":"https:\/\/inbuzios.com.br\/blog\/wp-json\/wp\/v2\/media\/4504"}],"wp:attachment":[{"href":"https:\/\/inbuzios.com.br\/blog\/wp-json\/wp\/v2\/media?parent=4288"}],"wp:term":[{"taxonomy":"category","embeddable":true,"href":"https:\/\/inbuzios.com.br\/blog\/wp-json\/wp\/v2\/categories?post=4288"},{"taxonomy":"post_tag","embeddable":true,"href":"https:\/\/inbuzios.com.br\/blog\/wp-json\/wp\/v2\/tags?post=4288"}],"curies":[{"name":"wp","href":"https:\/\/api.w.org\/{rel}","templated":true}]}}