{"id":4296,"date":"2019-11-14T14:05:22","date_gmt":"2019-11-14T14:05:22","guid":{"rendered":"http:\/\/inbuzios.com\/blog\/?p=4296"},"modified":"2020-07-27T14:15:41","modified_gmt":"2020-07-27T14:15:41","slug":"lugares-para-conhecer-em-cabo-frio-praia-do-forte","status":"publish","type":"post","link":"https:\/\/inbuzios.com.br\/blog\/2019\/11\/14\/lugares-para-conhecer-em-cabo-frio-praia-do-forte\/","title":{"rendered":"Lugares para conhecer em Cabo Frio: Praia do Forte"},"content":{"rendered":"<p><span style=\"font-weight: 400;\">Tendo o mesmo estilo das lindas praias de Arraial do Cabo, a \u00e1gua cristalina e a areia branquinha da Praia do Forte deixam o lugar ainda mais paradis\u00edaco e encantador.<\/span><\/p>\n<p><span style=\"font-weight: 400;\">Com a grande valoriza\u00e7\u00e3o da \u00e1rea, a praia est\u00e1 sempre limpa, com um \u00f3timo ambiente tanto para um bom surf e futev\u00f4lei, quanto para um passeio delicioso com a fam\u00edlia pela orla ou quem sabe um programa mais cultural conhecendo o ponto hist\u00f3rico Forte de S\u00e3o Mateus.<\/span><\/p>\n<p><span style=\"font-weight: 400;\">Continue com a gente e saiba um pouquinho mais sobre a principal Praia de Cabo Frio!<\/span><\/p>\n<h2><span style=\"font-weight: 400;\">O Forte S\u00e3o Mateus<\/span><\/h2>\n<div id=\"attachment_4297\" style=\"width: 1034px\" class=\"wp-caption alignnone\"><img loading=\"lazy\" decoding=\"async\" aria-describedby=\"caption-attachment-4297\" class=\"wp-image-4297\" src=\"http:\/\/inbuzios.com\/blog\/wp-content\/uploads\/2019\/11\/fortesm.jpg\" alt=\"\" width=\"1024\" height=\"681\" \/><p id=\"caption-attachment-4297\" class=\"wp-caption-text\">Foto: Acervo<\/p><\/div>\n<p><span style=\"font-weight: 400;\">O Forte de S\u00e3o Mateus, que d\u00e1 nome \u00e0 Praia do Forte, \u00e9 um patrim\u00f4nio hist\u00f3rico de Cabo Frio localizado no lado esquerdo da praia. \u00d3tima atra\u00e7\u00e3o tur\u00edstica para conhecer um pouco da hist\u00f3ria da cidade.<\/span><\/p>\n<p><span style=\"font-weight: 400;\">O forte foi constru\u00eddo em 1617 a mando do<\/span><span style=\"font-weight: 400;\"> governador e capit\u00e3o-mor da <\/span><span style=\"font-weight: 400;\">capitania do Rio de Janeiro<\/span><span style=\"font-weight: 400;\">, <\/span><span style=\"font-weight: 400;\">Constantino Menelau<\/span><span style=\"font-weight: 400;\">, <\/span><span style=\"font-weight: 400;\">para prote\u00e7\u00e3o da povoa\u00e7\u00e3o de Santa Helena do Cabo Frio e da barra do canal da <\/span><span style=\"font-weight: 400;\">lagoa de Araruama<\/span><span style=\"font-weight: 400;\"> (hoje <\/span><span style=\"font-weight: 400;\">canal do Itajuru<\/span><span style=\"font-weight: 400;\">). Foi nessa conjuntura que ocorreu a transfer\u00eancia da primitiva povoa\u00e7\u00e3o para o local do atual bairro da Passagem, rebatizada com o nome de Nossa Senhora da Assun\u00e7\u00e3o do Cabo Frio.<\/span><\/p>\n<p><span style=\"font-weight: 400;\">Uma curiosidade a mais sobre o Forte \u00e9 que o canh\u00e3o atualmente \u00e0 entrada do Clube de Regatas do Flamengo pertenceu ao Forte de S\u00e3o Mateus, tendo sido removido da praia em 1950. Vai conhecer? Sim ou claro?<\/span><\/p>\n<h2><span style=\"font-weight: 400;\">A Orla da Praia do Forte<\/span><\/h2>\n<div id=\"attachment_4298\" style=\"width: 1034px\" class=\"wp-caption alignnone\"><img loading=\"lazy\" decoding=\"async\" aria-describedby=\"caption-attachment-4298\" class=\"wp-image-4298\" src=\"http:\/\/inbuzios.com\/blog\/wp-content\/uploads\/2019\/11\/IMG_1859_1-1.jpg\" alt=\"\" width=\"1024\" height=\"769\" \/><p id=\"caption-attachment-4298\" class=\"wp-caption-text\">Foto: Marcia Rosa<\/p><\/div>\n<p><span style=\"font-weight: 400;\">Na Orla da praia, al\u00e9m de quiosques e uma ciclovia que costuma ficar cheia at\u00e9 \u00e0 noite com pessoas passeando e apreciando a paisagem, voc\u00ea tamb\u00e9m encontra do outro lado da rua restaurantes de todos os tipos, bares e sorveterias.\u00a0 No canto direito da praia encontramos a Pra\u00e7a das \u00c1guas, que \u00e9 outra atra\u00e7\u00e3o tur\u00edstica de Cabo Frio.<\/span><\/p>\n<p><span style=\"font-weight: 400;\">\u00c9 uma pra\u00e7a no canto direito da praia do Forte, que ocupa uma \u00e1rea de 1.600m com uma arquitetura super interessante que abriga um lago com chafariz, ilumina\u00e7\u00e3o com cores e um grafite 3D subaqu\u00e1tico, com desenhos que retratam a vida marinha. A \u00e1rea abriga ainda duas est\u00e1tuas em bronze, sendo uma do surfista Victor Ribas e a outra do jogador de futebol Leandro, al\u00e9m de uma concorrida pista de skate. Vale \u00e0 pena a visita!<\/span><\/p>\n<div id=\"attachment_4300\" style=\"width: 1034px\" class=\"wp-caption alignnone\"><img loading=\"lazy\" decoding=\"async\" aria-describedby=\"caption-attachment-4300\" class=\"wp-image-4300\" src=\"http:\/\/inbuzios.com\/blog\/wp-content\/uploads\/2019\/11\/pracaaguas.jpg\" alt=\"\" width=\"1024\" height=\"640\" \/><p id=\"caption-attachment-4300\" class=\"wp-caption-text\">Foto: Acervo<\/p><\/div>\n<h2><span style=\"font-weight: 400;\">Passeio ou Transfer para Cabo Frio com a In B\u00fazios<\/span><\/h2>\n<p><span style=\"font-weight: 400;\">Para quem est\u00e1 hospedado em B\u00fazios, a In B\u00fazios oferece um <\/span><a href=\"https:\/\/www.inbuzios.com\/produto\/full-day-cabo-frio\"><span style=\"font-weight: 400;\">passeio full day para Cabo Frio<\/span><\/a><span style=\"font-weight: 400;\"> que consegue conjugar a Praia, o forte, o bairro hist\u00f3rico da Passagem e ainda uma parada de compras no Shopping. \u00c9 um passeio completo e que leva para conhecer os principais pontos da cidade em um \u00fanico dia, sendo a melhor op\u00e7\u00e3o para quem est\u00e1 em B\u00fazios, mas n\u00e3o quer perder a oportunidade de conhecer a Bela Cabo Frio. Clique <\/span><a href=\"https:\/\/www.inbuzios.com\/produto\/full-day-cabo-frio\"><span style=\"font-weight: 400;\">aqui<\/span><\/a><span style=\"font-weight: 400;\"> e saiba mais sobre o passeio.<\/span><\/p>\n<p><span style=\"font-weight: 400;\">Caso a ideia seja hospedar-se em Cabo Frio, a In B\u00fazios tamb\u00e9m oferece o servi\u00e7o de transfer, que \u00e9 um transporte especializado em turismo que sai dos aeroportos de Cabo Frio, do Rio de Janeiro ou dos hot\u00e9is na zona sul do RJ e leva diretamente para o hotel ou casa em que a pessoa vai se hospedar em Cabo Frio, com v\u00e1rios hor\u00e1rios ao dia e podendo ser regular ou privado.\u00a0 Se quer saber mais sobre o transfer do Rio de Janeiro para Cabo Frio, clique <\/span><a href=\"https:\/\/www.inbuzios.com\/produto\/transfer-aeroporto-rio-para-cabo-frio\"><span style=\"font-weight: 400;\">aqui<\/span><\/a><span style=\"font-weight: 400;\">.<\/span><\/p>\n<p><span style=\"font-weight: 400;\">Acesse nosso blog e veja tamb\u00e9m os artigos sobre o <\/span><a href=\"https:\/\/www.inbuzios.com\/blog\/lugares-para-conhecer-em-cabo-frio-bairro-da-passagem\/\"><span style=\"font-weight: 400;\">Bairro da Passagem<\/span><\/a><span style=\"font-weight: 400;\">, em Cabo Frio, as <\/span><a href=\"https:\/\/www.inbuzios.com\/blog\/lugares-para-conhecer-em-arraial-do-cabo-as-prainhas-do-pontal-do-atalaia\/\"><span style=\"font-weight: 400;\">Prainhas do Pontal do Atalaia<\/span><\/a><span style=\"font-weight: 400;\"> em Arraial do Cabo e o nosso <\/span><a href=\"https:\/\/www.inbuzios.com\/blog\/roteiro-de-3-dias-em-buzios\/\"><span style=\"font-weight: 400;\">roteiro de 3 dias em B\u00fazios<\/span><\/a><span style=\"font-weight: 400;\">, ficando por dentro das atra\u00e7\u00f5es da regi\u00e3o! At\u00e9 a pr\u00f3xima!<\/span><\/p>\n<div id=\"attachment_4299\" style=\"width: 1034px\" class=\"wp-caption alignnone\"><img loading=\"lazy\" decoding=\"async\" aria-describedby=\"caption-attachment-4299\" class=\"size-large wp-image-4299\" src=\"http:\/\/inbuzios.com\/blog\/wp-content\/uploads\/2019\/11\/IMG-20190923-WA0004-1024x768.jpg\" alt=\"\" width=\"1024\" height=\"768\" \/><p id=\"caption-attachment-4299\" class=\"wp-caption-text\">Foto: Acervo<\/p><\/div>\n","protected":false},"excerpt":{"rendered":"<p>Tendo o mesmo estilo das lindas praias de Arraial do Cabo, a \u00e1gua cristalina e a areia branquinha da Praia do Forte deixam o lugar ainda mais paradis\u00edaco e encantador&#8230;.<\/p>\n","protected":false},"author":1,"featured_media":4612,"comment_status":"open","ping_status":"open","sticky":false,"template":"","format":"standard","meta":{"_jetpack_memberships_contains_paid_content":false,"footnotes":""},"categories":[4],"tags":[17,38,52,57,59,76,82,97,98],"class_list":["post-4296","post","type-post","status-publish","format-standard","has-post-thumbnail","hentry","category-lugares-para-conhecer-em-buzios","tag-city-tour-em-cabo-frio","tag-lugares-para-conhecer-em-cabo-frio","tag-onde-ir-em-cabo-frio","tag-passeio-regiao-dos-lagos","tag-passeios-em-cabo-frio","tag-praia-do-forte-cabo-frio","tag-praias-de-cabo-frio","tag-transfer-regiao-dos-lagos","tag-transfer-rioxbuzios"],"yoast_head":"<!-- This site is optimized with the Yoast SEO plugin v27.4 - https:\/\/yoast.com\/product\/yoast-seo-wordpress\/ -->\n<title>Lugares para conhecer em Cabo Frio: Praia do Forte - In B\u00fazios<\/title>\n<meta name=\"robots\" content=\"index, follow, max-snippet:-1, max-image-preview:large, max-video-preview:-1\" \/>\n<link rel=\"canonical\" href=\"https:\/\/inbuzios.com.br\/blog\/2019\/11\/14\/lugares-para-conhecer-em-cabo-frio-praia-do-forte\/\" \/>\n<meta property=\"og:locale\" content=\"pt_BR\" \/>\n<meta property=\"og:type\" content=\"article\" \/>\n<meta property=\"og:title\" content=\"Lugares para conhecer em Cabo Frio: Praia do Forte - In B\u00fazios\" \/>\n<meta property=\"og:description\" content=\"Tendo o mesmo estilo das lindas praias de Arraial do Cabo, a \u00e1gua cristalina e a areia branquinha da Praia do Forte deixam o lugar ainda mais paradis\u00edaco e encantador....\" \/>\n<meta property=\"og:url\" content=\"https:\/\/inbuzios.com.br\/blog\/2019\/11\/14\/lugares-para-conhecer-em-cabo-frio-praia-do-forte\/\" \/>\n<meta property=\"og:site_name\" content=\"In B\u00fazios\" \/>\n<meta property=\"article:published_time\" content=\"2019-11-14T14:05:22+00:00\" \/>\n<meta property=\"article:modified_time\" content=\"2020-07-27T14:15:41+00:00\" \/>\n<meta property=\"og:image\" content=\"https:\/\/inbuzios.com.br\/blog\/wp-content\/uploads\/2020\/07\/praiaforte._Cr\u00e9ditos_a_Tribuna.jpg\" \/>\n\t<meta property=\"og:image:width\" content=\"703\" \/>\n\t<meta property=\"og:image:height\" content=\"436\" \/>\n\t<meta property=\"og:image:type\" content=\"image\/jpeg\" \/>\n<meta name=\"author\" content=\"admin\" \/>\n<meta name=\"twitter:card\" content=\"summary_large_image\" \/>\n<meta name=\"twitter:label1\" content=\"Escrito por\" \/>\n\t<meta name=\"twitter:data1\" content=\"admin\" \/>\n\t<meta name=\"twitter:label2\" content=\"Est. tempo de leitura\" \/>\n\t<meta name=\"twitter:data2\" content=\"3 minutos\" \/>\n<script type=\"application\/ld+json\" class=\"yoast-schema-graph\">{\"@context\":\"https:\\\/\\\/schema.org\",\"@graph\":[{\"@type\":\"Article\",\"@id\":\"https:\\\/\\\/inbuzios.com.br\\\/blog\\\/2019\\\/11\\\/14\\\/lugares-para-conhecer-em-cabo-frio-praia-do-forte\\\/#article\",\"isPartOf\":{\"@id\":\"https:\\\/\\\/inbuzios.com.br\\\/blog\\\/2019\\\/11\\\/14\\\/lugares-para-conhecer-em-cabo-frio-praia-do-forte\\\/\"},\"author\":{\"name\":\"admin\",\"@id\":\"https:\\\/\\\/inbuzios.com.br\\\/blog\\\/#\\\/schema\\\/person\\\/dbe01781c030a430fd9f84e28a8d6258\"},\"headline\":\"Lugares para conhecer em Cabo Frio: Praia do Forte\",\"datePublished\":\"2019-11-14T14:05:22+00:00\",\"dateModified\":\"2020-07-27T14:15:41+00:00\",\"mainEntityOfPage\":{\"@id\":\"https:\\\/\\\/inbuzios.com.br\\\/blog\\\/2019\\\/11\\\/14\\\/lugares-para-conhecer-em-cabo-frio-praia-do-forte\\\/\"},\"wordCount\":694,\"commentCount\":0,\"image\":{\"@id\":\"https:\\\/\\\/inbuzios.com.br\\\/blog\\\/2019\\\/11\\\/14\\\/lugares-para-conhecer-em-cabo-frio-praia-do-forte\\\/#primaryimage\"},\"thumbnailUrl\":\"https:\\\/\\\/inbuzios.com.br\\\/blog\\\/wp-content\\\/uploads\\\/2020\\\/07\\\/praiaforte._Cr\u00e9ditos_a_Tribuna.jpg\",\"keywords\":[\"city tour em cabo frio\",\"lugares para conhecer em cabo frio\",\"onde ir em cabo frio\",\"passeio regi\u00e3o dos lagos\",\"passeios em cabo frio\",\"praia do forte cabo frio\",\"praias de cabo frio\",\"transfer regi\u00e3o dos lagos\",\"transfer rioxbuzios\"],\"articleSection\":[\"Lugares para conhecer em B\u00fazios\"],\"inLanguage\":\"pt-BR\",\"potentialAction\":[{\"@type\":\"CommentAction\",\"name\":\"Comment\",\"target\":[\"https:\\\/\\\/inbuzios.com.br\\\/blog\\\/2019\\\/11\\\/14\\\/lugares-para-conhecer-em-cabo-frio-praia-do-forte\\\/#respond\"]}]},{\"@type\":\"WebPage\",\"@id\":\"https:\\\/\\\/inbuzios.com.br\\\/blog\\\/2019\\\/11\\\/14\\\/lugares-para-conhecer-em-cabo-frio-praia-do-forte\\\/\",\"url\":\"https:\\\/\\\/inbuzios.com.br\\\/blog\\\/2019\\\/11\\\/14\\\/lugares-para-conhecer-em-cabo-frio-praia-do-forte\\\/\",\"name\":\"Lugares para conhecer em Cabo Frio: Praia do Forte - In B\u00fazios\",\"isPartOf\":{\"@id\":\"https:\\\/\\\/inbuzios.com.br\\\/blog\\\/#website\"},\"primaryImageOfPage\":{\"@id\":\"https:\\\/\\\/inbuzios.com.br\\\/blog\\\/2019\\\/11\\\/14\\\/lugares-para-conhecer-em-cabo-frio-praia-do-forte\\\/#primaryimage\"},\"image\":{\"@id\":\"https:\\\/\\\/inbuzios.com.br\\\/blog\\\/2019\\\/11\\\/14\\\/lugares-para-conhecer-em-cabo-frio-praia-do-forte\\\/#primaryimage\"},\"thumbnailUrl\":\"https:\\\/\\\/inbuzios.com.br\\\/blog\\\/wp-content\\\/uploads\\\/2020\\\/07\\\/praiaforte._Cr\u00e9ditos_a_Tribuna.jpg\",\"datePublished\":\"2019-11-14T14:05:22+00:00\",\"dateModified\":\"2020-07-27T14:15:41+00:00\",\"author\":{\"@id\":\"https:\\\/\\\/inbuzios.com.br\\\/blog\\\/#\\\/schema\\\/person\\\/dbe01781c030a430fd9f84e28a8d6258\"},\"breadcrumb\":{\"@id\":\"https:\\\/\\\/inbuzios.com.br\\\/blog\\\/2019\\\/11\\\/14\\\/lugares-para-conhecer-em-cabo-frio-praia-do-forte\\\/#breadcrumb\"},\"inLanguage\":\"pt-BR\",\"potentialAction\":[{\"@type\":\"ReadAction\",\"target\":[\"https:\\\/\\\/inbuzios.com.br\\\/blog\\\/2019\\\/11\\\/14\\\/lugares-para-conhecer-em-cabo-frio-praia-do-forte\\\/\"]}]},{\"@type\":\"ImageObject\",\"inLanguage\":\"pt-BR\",\"@id\":\"https:\\\/\\\/inbuzios.com.br\\\/blog\\\/2019\\\/11\\\/14\\\/lugares-para-conhecer-em-cabo-frio-praia-do-forte\\\/#primaryimage\",\"url\":\"https:\\\/\\\/inbuzios.com.br\\\/blog\\\/wp-content\\\/uploads\\\/2020\\\/07\\\/praiaforte._Cr\u00e9ditos_a_Tribuna.jpg\",\"contentUrl\":\"https:\\\/\\\/inbuzios.com.br\\\/blog\\\/wp-content\\\/uploads\\\/2020\\\/07\\\/praiaforte._Cr\u00e9ditos_a_Tribuna.jpg\",\"width\":703,\"height\":436},{\"@type\":\"BreadcrumbList\",\"@id\":\"https:\\\/\\\/inbuzios.com.br\\\/blog\\\/2019\\\/11\\\/14\\\/lugares-para-conhecer-em-cabo-frio-praia-do-forte\\\/#breadcrumb\",\"itemListElement\":[{\"@type\":\"ListItem\",\"position\":1,\"name\":\"In\u00edcio\",\"item\":\"https:\\\/\\\/inbuzios.com.br\\\/blog\\\/\"},{\"@type\":\"ListItem\",\"position\":2,\"name\":\"Lugares para conhecer em Cabo Frio: Praia do Forte\"}]},{\"@type\":\"WebSite\",\"@id\":\"https:\\\/\\\/inbuzios.com.br\\\/blog\\\/#website\",\"url\":\"https:\\\/\\\/inbuzios.com.br\\\/blog\\\/\",\"name\":\"In B\u00fazios\",\"description\":\"Turismo Receptivo\",\"potentialAction\":[{\"@type\":\"SearchAction\",\"target\":{\"@type\":\"EntryPoint\",\"urlTemplate\":\"https:\\\/\\\/inbuzios.com.br\\\/blog\\\/?s={search_term_string}\"},\"query-input\":{\"@type\":\"PropertyValueSpecification\",\"valueRequired\":true,\"valueName\":\"search_term_string\"}}],\"inLanguage\":\"pt-BR\"},{\"@type\":\"Person\",\"@id\":\"https:\\\/\\\/inbuzios.com.br\\\/blog\\\/#\\\/schema\\\/person\\\/dbe01781c030a430fd9f84e28a8d6258\",\"name\":\"admin\",\"image\":{\"@type\":\"ImageObject\",\"inLanguage\":\"pt-BR\",\"@id\":\"https:\\\/\\\/secure.gravatar.com\\\/avatar\\\/839a24fd6406768d30580b79b6ee2d0b018004c0661e5e4ce1c59db1389277ed?s=96&d=mm&r=g\",\"url\":\"https:\\\/\\\/secure.gravatar.com\\\/avatar\\\/839a24fd6406768d30580b79b6ee2d0b018004c0661e5e4ce1c59db1389277ed?s=96&d=mm&r=g\",\"contentUrl\":\"https:\\\/\\\/secure.gravatar.com\\\/avatar\\\/839a24fd6406768d30580b79b6ee2d0b018004c0661e5e4ce1c59db1389277ed?s=96&d=mm&r=g\",\"caption\":\"admin\"},\"sameAs\":[\"https:\\\/\\\/inbuzios.com.br\\\/blog\"],\"url\":\"https:\\\/\\\/inbuzios.com.br\\\/blog\\\/author\\\/admin\\\/\"}]}<\/script>\n<!-- \/ Yoast SEO plugin. -->","yoast_head_json":{"title":"Lugares para conhecer em Cabo Frio: Praia do Forte - In B\u00fazios","robots":{"index":"index","follow":"follow","max-snippet":"max-snippet:-1","max-image-preview":"max-image-preview:large","max-video-preview":"max-video-preview:-1"},"canonical":"https:\/\/inbuzios.com.br\/blog\/2019\/11\/14\/lugares-para-conhecer-em-cabo-frio-praia-do-forte\/","og_locale":"pt_BR","og_type":"article","og_title":"Lugares para conhecer em Cabo Frio: Praia do Forte - In B\u00fazios","og_description":"Tendo o mesmo estilo das lindas praias de Arraial do Cabo, a \u00e1gua cristalina e a areia branquinha da Praia do Forte deixam o lugar ainda mais paradis\u00edaco e encantador....","og_url":"https:\/\/inbuzios.com.br\/blog\/2019\/11\/14\/lugares-para-conhecer-em-cabo-frio-praia-do-forte\/","og_site_name":"In B\u00fazios","article_published_time":"2019-11-14T14:05:22+00:00","article_modified_time":"2020-07-27T14:15:41+00:00","og_image":[{"width":703,"height":436,"url":"https:\/\/inbuzios.com.br\/blog\/wp-content\/uploads\/2020\/07\/praiaforte._Cr\u00e9ditos_a_Tribuna.jpg","type":"image\/jpeg"}],"author":"admin","twitter_card":"summary_large_image","twitter_misc":{"Escrito por":"admin","Est. tempo de leitura":"3 minutos"},"schema":{"@context":"https:\/\/schema.org","@graph":[{"@type":"Article","@id":"https:\/\/inbuzios.com.br\/blog\/2019\/11\/14\/lugares-para-conhecer-em-cabo-frio-praia-do-forte\/#article","isPartOf":{"@id":"https:\/\/inbuzios.com.br\/blog\/2019\/11\/14\/lugares-para-conhecer-em-cabo-frio-praia-do-forte\/"},"author":{"name":"admin","@id":"https:\/\/inbuzios.com.br\/blog\/#\/schema\/person\/dbe01781c030a430fd9f84e28a8d6258"},"headline":"Lugares para conhecer em Cabo Frio: Praia do Forte","datePublished":"2019-11-14T14:05:22+00:00","dateModified":"2020-07-27T14:15:41+00:00","mainEntityOfPage":{"@id":"https:\/\/inbuzios.com.br\/blog\/2019\/11\/14\/lugares-para-conhecer-em-cabo-frio-praia-do-forte\/"},"wordCount":694,"commentCount":0,"image":{"@id":"https:\/\/inbuzios.com.br\/blog\/2019\/11\/14\/lugares-para-conhecer-em-cabo-frio-praia-do-forte\/#primaryimage"},"thumbnailUrl":"https:\/\/inbuzios.com.br\/blog\/wp-content\/uploads\/2020\/07\/praiaforte._Cr\u00e9ditos_a_Tribuna.jpg","keywords":["city tour em cabo frio","lugares para conhecer em cabo frio","onde ir em cabo frio","passeio regi\u00e3o dos lagos","passeios em cabo frio","praia do forte cabo frio","praias de cabo frio","transfer regi\u00e3o dos lagos","transfer rioxbuzios"],"articleSection":["Lugares para conhecer em B\u00fazios"],"inLanguage":"pt-BR","potentialAction":[{"@type":"CommentAction","name":"Comment","target":["https:\/\/inbuzios.com.br\/blog\/2019\/11\/14\/lugares-para-conhecer-em-cabo-frio-praia-do-forte\/#respond"]}]},{"@type":"WebPage","@id":"https:\/\/inbuzios.com.br\/blog\/2019\/11\/14\/lugares-para-conhecer-em-cabo-frio-praia-do-forte\/","url":"https:\/\/inbuzios.com.br\/blog\/2019\/11\/14\/lugares-para-conhecer-em-cabo-frio-praia-do-forte\/","name":"Lugares para conhecer em Cabo Frio: Praia do Forte - In B\u00fazios","isPartOf":{"@id":"https:\/\/inbuzios.com.br\/blog\/#website"},"primaryImageOfPage":{"@id":"https:\/\/inbuzios.com.br\/blog\/2019\/11\/14\/lugares-para-conhecer-em-cabo-frio-praia-do-forte\/#primaryimage"},"image":{"@id":"https:\/\/inbuzios.com.br\/blog\/2019\/11\/14\/lugares-para-conhecer-em-cabo-frio-praia-do-forte\/#primaryimage"},"thumbnailUrl":"https:\/\/inbuzios.com.br\/blog\/wp-content\/uploads\/2020\/07\/praiaforte._Cr\u00e9ditos_a_Tribuna.jpg","datePublished":"2019-11-14T14:05:22+00:00","dateModified":"2020-07-27T14:15:41+00:00","author":{"@id":"https:\/\/inbuzios.com.br\/blog\/#\/schema\/person\/dbe01781c030a430fd9f84e28a8d6258"},"breadcrumb":{"@id":"https:\/\/inbuzios.com.br\/blog\/2019\/11\/14\/lugares-para-conhecer-em-cabo-frio-praia-do-forte\/#breadcrumb"},"inLanguage":"pt-BR","potentialAction":[{"@type":"ReadAction","target":["https:\/\/inbuzios.com.br\/blog\/2019\/11\/14\/lugares-para-conhecer-em-cabo-frio-praia-do-forte\/"]}]},{"@type":"ImageObject","inLanguage":"pt-BR","@id":"https:\/\/inbuzios.com.br\/blog\/2019\/11\/14\/lugares-para-conhecer-em-cabo-frio-praia-do-forte\/#primaryimage","url":"https:\/\/inbuzios.com.br\/blog\/wp-content\/uploads\/2020\/07\/praiaforte._Cr\u00e9ditos_a_Tribuna.jpg","contentUrl":"https:\/\/inbuzios.com.br\/blog\/wp-content\/uploads\/2020\/07\/praiaforte._Cr\u00e9ditos_a_Tribuna.jpg","width":703,"height":436},{"@type":"BreadcrumbList","@id":"https:\/\/inbuzios.com.br\/blog\/2019\/11\/14\/lugares-para-conhecer-em-cabo-frio-praia-do-forte\/#breadcrumb","itemListElement":[{"@type":"ListItem","position":1,"name":"In\u00edcio","item":"https:\/\/inbuzios.com.br\/blog\/"},{"@type":"ListItem","position":2,"name":"Lugares para conhecer em Cabo Frio: Praia do Forte"}]},{"@type":"WebSite","@id":"https:\/\/inbuzios.com.br\/blog\/#website","url":"https:\/\/inbuzios.com.br\/blog\/","name":"In B\u00fazios","description":"Turismo Receptivo","potentialAction":[{"@type":"SearchAction","target":{"@type":"EntryPoint","urlTemplate":"https:\/\/inbuzios.com.br\/blog\/?s={search_term_string}"},"query-input":{"@type":"PropertyValueSpecification","valueRequired":true,"valueName":"search_term_string"}}],"inLanguage":"pt-BR"},{"@type":"Person","@id":"https:\/\/inbuzios.com.br\/blog\/#\/schema\/person\/dbe01781c030a430fd9f84e28a8d6258","name":"admin","image":{"@type":"ImageObject","inLanguage":"pt-BR","@id":"https:\/\/secure.gravatar.com\/avatar\/839a24fd6406768d30580b79b6ee2d0b018004c0661e5e4ce1c59db1389277ed?s=96&d=mm&r=g","url":"https:\/\/secure.gravatar.com\/avatar\/839a24fd6406768d30580b79b6ee2d0b018004c0661e5e4ce1c59db1389277ed?s=96&d=mm&r=g","contentUrl":"https:\/\/secure.gravatar.com\/avatar\/839a24fd6406768d30580b79b6ee2d0b018004c0661e5e4ce1c59db1389277ed?s=96&d=mm&r=g","caption":"admin"},"sameAs":["https:\/\/inbuzios.com.br\/blog"],"url":"https:\/\/inbuzios.com.br\/blog\/author\/admin\/"}]}},"jetpack_featured_media_url":"https:\/\/inbuzios.com.br\/blog\/wp-content\/uploads\/2020\/07\/praiaforte._Cr\u00e9ditos_a_Tribuna.jpg","jetpack_sharing_enabled":true,"amp_enabled":true,"_links":{"self":[{"href":"https:\/\/inbuzios.com.br\/blog\/wp-json\/wp\/v2\/posts\/4296","targetHints":{"allow":["GET"]}}],"collection":[{"href":"https:\/\/inbuzios.com.br\/blog\/wp-json\/wp\/v2\/posts"}],"about":[{"href":"https:\/\/inbuzios.com.br\/blog\/wp-json\/wp\/v2\/types\/post"}],"author":[{"embeddable":true,"href":"https:\/\/inbuzios.com.br\/blog\/wp-json\/wp\/v2\/users\/1"}],"replies":[{"embeddable":true,"href":"https:\/\/inbuzios.com.br\/blog\/wp-json\/wp\/v2\/comments?post=4296"}],"version-history":[{"count":1,"href":"https:\/\/inbuzios.com.br\/blog\/wp-json\/wp\/v2\/posts\/4296\/revisions"}],"predecessor-version":[{"id":4717,"href":"https:\/\/inbuzios.com.br\/blog\/wp-json\/wp\/v2\/posts\/4296\/revisions\/4717"}],"wp:featuredmedia":[{"embeddable":true,"href":"https:\/\/inbuzios.com.br\/blog\/wp-json\/wp\/v2\/media\/4612"}],"wp:attachment":[{"href":"https:\/\/inbuzios.com.br\/blog\/wp-json\/wp\/v2\/media?parent=4296"}],"wp:term":[{"taxonomy":"category","embeddable":true,"href":"https:\/\/inbuzios.com.br\/blog\/wp-json\/wp\/v2\/categories?post=4296"},{"taxonomy":"post_tag","embeddable":true,"href":"https:\/\/inbuzios.com.br\/blog\/wp-json\/wp\/v2\/tags?post=4296"}],"curies":[{"name":"wp","href":"https:\/\/api.w.org\/{rel}","templated":true}]}}