{"id":4401,"date":"2020-01-27T17:57:43","date_gmt":"2020-01-27T17:57:43","guid":{"rendered":"http:\/\/inbuzios.com\/blog\/?p=4401"},"modified":"2020-07-27T13:57:06","modified_gmt":"2020-07-27T13:57:06","slug":"do-leme-ao-pontal-conheca-as-praias-do-rio-de-janeiro-parte-1","status":"publish","type":"post","link":"https:\/\/inbuzios.com.br\/blog\/2020\/01\/27\/do-leme-ao-pontal-conheca-as-praias-do-rio-de-janeiro-parte-1\/","title":{"rendered":"Do Leme ao Pontal: Conhe\u00e7a as praias do Rio de Janeiro (Parte 1)"},"content":{"rendered":"<p><span style=\"font-weight: 400;\">O Rio de Janeiro \u00e9 mesmo a cidade maravilhosa! S\u00e3o tantos pontos tur\u00edsticos que fica at\u00e9 dif\u00edcil saber por onde come\u00e7ar. Mas, j\u00e1 que ningu\u00e9m vai para o Rio de Janeiro procurando neve (hehehe), vamos come\u00e7ar pelas praias!!!<\/span><\/p>\n<p><span style=\"font-weight: 400;\">Como s\u00e3o muitas as praias do Rio e queremos contar um pouquinho sobre todas elas, vamos dividir esse post em 3 partes, sendo essa a primeira, em que falaremos sobre as praias da zona sul do Rio de Janeiro.\u00a0<\/span><\/p>\n<h2><span style=\"font-weight: 400;\">Praia do Flamengo<\/span><\/h2>\n<div id=\"attachment_4406\" style=\"width: 1034px\" class=\"wp-caption alignnone\"><img loading=\"lazy\" decoding=\"async\" aria-describedby=\"caption-attachment-4406\" class=\"size-large wp-image-4406\" src=\"https:\/\/inbuzios.com.br\/blog\/wp-content\/uploads\/2020\/07\/Flamengo._Cr\u00e9ditos.RioTur-1024x679.jpg\" alt=\"\" width=\"1024\" height=\"679\" \/><p id=\"caption-attachment-4406\" class=\"wp-caption-text\">Foto: RioTur<\/p><\/div>\n<p><span style=\"font-weight: 400;\">A Praia do Flamengo, banhada pelo mar da Ba\u00eda de Guanabara, n\u00e3o \u00e9 apropriada para banho, mas em suas \u00e1guas temos alguns eventos esportivos como o GP Brasil de moton\u00e1utica e, no ar, tamb\u00e9m fazem por l\u00e1 o Air Race, uma esp\u00e9cie de corrida de avi\u00f5es com malabarismos espetaculares.<\/span><\/p>\n<p><span style=\"font-weight: 400;\">Em toda a sua orla encontra-se o aterro do Flamengo, lugar lindo e muito arborizado no qual podemos fazer diversas atividades f\u00edsicas, esportivas e at\u00e9 mesmo culturais, frequentemente utilizado para exibi\u00e7\u00e3o de eventos musicais.<\/span><\/p>\n<p><span style=\"font-weight: 400;\">Dica: V\u00e1 preferencialmente no domingo, quando a pista principal \u00e9 fechada para carros e as pessoas v\u00e3o andar de bicicleta, patins, caminhar e fazer piquenique, \u00e9 uma del\u00edcia!<\/span><\/p>\n<h2><span style=\"font-weight: 400;\">Praia de Botafogo<\/span><\/h2>\n<div id=\"attachment_4403\" style=\"width: 1034px\" class=\"wp-caption alignnone\"><img loading=\"lazy\" decoding=\"async\" aria-describedby=\"caption-attachment-4403\" class=\"size-large wp-image-4403\" src=\"https:\/\/inbuzios.com.br\/blog\/wp-content\/uploads\/2020\/07\/Botafogo._Cr\u00e9ditos._Helcio_B_Silva-1024x768.jpg\" alt=\"\" width=\"1024\" height=\"768\" \/><p id=\"caption-attachment-4403\" class=\"wp-caption-text\">Foto: Helcio B Silva<\/p><\/div>\n<p><span style=\"font-weight: 400;\">Assim como a Praia do Flamengo, a Praia de Botafogo tamb\u00e9m \u00e9 <\/span><span style=\"font-weight: 400;\">banhada pelo mar da Ba\u00eda da Guanabara, por isso n\u00e3o recomend\u00e1vel para banho. Mas, nas suas areias podem ser praticados v\u00e1rios tipos de esportes como futebol, v\u00f4lei e frescobol.<\/span><\/p>\n<p><span style=\"font-weight: 400;\">\u00a0Na verdade apenas fazer uma caminhada apreciando sua bela vista do P\u00e3o de A\u00e7\u00facar, marinas na Urca e arredores j\u00e1 vale muito. Tire muitas fotos!<\/span><\/p>\n<h2><span style=\"font-weight: 400;\">Praia Vermelha<\/span><\/h2>\n<div id=\"attachment_4411\" style=\"width: 1034px\" class=\"wp-caption alignnone\"><img loading=\"lazy\" decoding=\"async\" aria-describedby=\"caption-attachment-4411\" class=\"wp-image-4411\" src=\"https:\/\/inbuzios.com.br\/blog\/wp-content\/uploads\/2020\/07\/Praia_vermelha._Cr\u00e9ditos._thammy_yhasmym.jpg\" alt=\"\" width=\"1024\" height=\"630\" \/><p id=\"caption-attachment-4411\" class=\"wp-caption-text\">Foto: thammy_yhasmym<\/p><\/div>\n<p><span style=\"font-weight: 400;\">Localizada na Urca, um dos bairros mais famosos do Rio de Janeiro, a Praia Vermelha fica localizada ao lado da pra\u00e7a de onde parte o bondinho para o P\u00e3o de A\u00e7\u00facar, entre o Morro da Urca e o Morro da Babil\u00f4nia, possuindo uma bela vista de um dos principais cart\u00f5es postais da cidade.<\/span><\/p>\n<p><span style=\"font-weight: 400;\">Apesar de n\u00e3o ser muito grande, com menos de 300 metros, a praia tem uma vista extraordin\u00e1ria, o que proporciona um p\u00f4r do sol maravilhoso. Durante o p\u00f4r do sol, o reflexo nos cristais de granada presentes na areia da praia d\u00e3o um tom avermelhado na areia, o que deu origem ao seu nome, Praia Vermelha.<\/span><\/p>\n<h2><span style=\"font-weight: 400;\">Praia do Leme\u00a0<\/span><\/h2>\n<div id=\"attachment_4410\" style=\"width: 1034px\" class=\"wp-caption alignnone\"><img loading=\"lazy\" decoding=\"async\" aria-describedby=\"caption-attachment-4410\" class=\"size-large wp-image-4410\" src=\"https:\/\/inbuzios.com.br\/blog\/wp-content\/uploads\/2020\/07\/Leme._google-1024x682.jpg\" alt=\"\" width=\"1024\" height=\"682\" \/><p id=\"caption-attachment-4410\" class=\"wp-caption-text\">Foto: Google<\/p><\/div>\n<p><span style=\"font-weight: 400;\">Localizada \u00e0 esquerda da Praia de Copacabana, a Praia do leme possui larga faixa de areia de cerca de 1 Km de extens\u00e3o e \u00e9 considerada <\/span><span style=\"font-weight: 400;\">uma das mais tranquilas da Zona Sul. <\/span><span style=\"font-weight: 400;\">Calma, com areias fofas e brancas e mar relativamente calmo, com \u00e1guas claras, limpas e geladas.<\/span><\/p>\n<p><span style=\"font-weight: 400;\">Em cima do morro \u00e0 esquerda da Praia <\/span><span style=\"font-weight: 400;\">fica o Forte Duque de Caxias, mais conhecido como Forte do Leme. L\u00e1 em cima, al\u00e9m do Forte, h\u00e1 tamb\u00e9m um s\u00edtio hist\u00f3rico em mem\u00f3ria a Duque de Caxias com exposi\u00e7\u00f5es, v\u00eddeos sobre o Forte e exposi\u00e7\u00f5es tempor\u00e1rias sobre ecologia e o meio ambiente. De l\u00e1, a paisagem \u00e9 de perder o f\u00f4lego: \u00e9 poss\u00edvel ver a Praia de Copacabana, o Morro Dois Irm\u00e3os, a Pedra da G\u00e1vea, a encosta do P\u00e3o de A\u00e7\u00facar e o Cristo Redentor.<\/span><\/p>\n<h2><span style=\"font-weight: 400;\">Praia de Copacabana<\/span><\/h2>\n<div id=\"attachment_4405\" style=\"width: 1034px\" class=\"wp-caption alignnone\"><img loading=\"lazy\" decoding=\"async\" aria-describedby=\"caption-attachment-4405\" class=\"wp-image-4405\" src=\"https:\/\/inbuzios.com.br\/blog\/wp-content\/uploads\/2020\/07\/Cpacabana._Cr\u00e9ditos._Luiza_Diltz.jpg\" alt=\"\" width=\"1024\" height=\"686\" \/><p id=\"caption-attachment-4405\" class=\"wp-caption-text\">Foto: Luiza Diltz<\/p><\/div>\n<p><span style=\"font-weight: 400;\">Copacabana \u00e9 a praia mais emblem\u00e1tica do Rio de Janeiro e tamb\u00e9m uma das praias mais famosas do mundo! S\u00e3o 4 km de orla com muitos quiosques e o famoso cal\u00e7ad\u00e3o de pedras portuguesas pretas e brancas que tamb\u00e9m \u00e9 um cart\u00e3o postal da cidade.<\/span><\/p>\n<p><span style=\"font-weight: 400;\">Vale muito a pena reservar um momento da sua viagem ao Rio para passear pelo local, andar de bicicleta na ciclovia e refrescar-se com uma \u00e1gua de coco apreciando o visual para o mar. Outra dica \u00e9 conhecer o Forte de Copacabana e tamb\u00e9m tirar fotos com a est\u00e1tua de Carlos Drummond de Andrade, na altura do posto 6.<\/span><\/p>\n<h2><span style=\"font-weight: 400;\">Praia do Arpoador\u00a0<\/span><\/h2>\n<div id=\"attachment_4402\" style=\"width: 1034px\" class=\"wp-caption alignnone\"><img loading=\"lazy\" decoding=\"async\" aria-describedby=\"caption-attachment-4402\" class=\"size-large wp-image-4402\" src=\"https:\/\/inbuzios.com.br\/blog\/wp-content\/uploads\/2020\/07\/Arpoador._Cr\u00e9ditos._Rodrigo_Soldon.jpg\" alt=\"\" width=\"1024\" height=\"678\" \/><p id=\"caption-attachment-4402\" class=\"wp-caption-text\">Foto: Rodrigo Soldon<\/p><\/div>\n<p><span style=\"font-weight: 400;\">A Praia do Arpoador \u00e9 a queridinha dos surfistas e tamb\u00e9m uma das preferidas para assistir um belo p\u00f4r do sol. Com apenas 800m de extens\u00e3o, ela fica <\/span><span style=\"font-weight: 400;\">entre o Forte de Copacabana e a Rua Otaviano com a Avenida Vieira Souto.<\/span><\/p>\n<p><span style=\"font-weight: 400;\">Um dos principais pontos tur\u00edsticos \u00e9 a Pedra do Arpoador, que separa essa praia, da de Copacabana. \u00c9 um dos lugares mais procurados para apreciar um belo entardecer, olhando de um lado o Morro dos Dois Irm\u00e3os e do outro, as praias do Diabo e de Copacabana. O p\u00f4r do sol \u00e9 m\u00e1gico. E, pela sua beleza, \u00e9 aplaudido por turistas e moradores que s\u00f3 v\u00e3o ao local para observar esse momento do dia.<\/span><\/p>\n<h2><span style=\"font-weight: 400;\">Praia de Ipanema\u00a0<\/span><\/h2>\n<div id=\"attachment_4408\" style=\"width: 1034px\" class=\"wp-caption alignnone\"><img loading=\"lazy\" decoding=\"async\" aria-describedby=\"caption-attachment-4408\" class=\"wp-image-4408\" src=\"https:\/\/inbuzios.com.br\/blog\/wp-content\/uploads\/2020\/07\/Ipanema.google.jpg\" alt=\"\" width=\"1024\" height=\"684\" \/><p id=\"caption-attachment-4408\" class=\"wp-caption-text\">Foto: Google<\/p><\/div>\n<p><span style=\"font-weight: 400;\">Ipanema \u00e9 a segunda praia mais famosa do Rio de Janeiro (s\u00f3 perdendo pra Copacabana) e \u00e9 bastante badalada, frequentada por artistas, jovens, turistas e moradores que aproveitam seu cal\u00e7ad\u00e3o tanto de dia quanto \u00e0 noite, seja para a pr\u00e1tica de exerc\u00edcios, seja para caminhar, ver os amigos e tomar uma \u00e1gua de coco.<\/span><\/p>\n<p><span style=\"font-weight: 400;\">Tem uma parte da praia destinada ao p\u00fablico LGBT+, que fica na altura da Rua Farme de Amoedo.<\/span><\/p>\n<p><span style=\"font-weight: 400;\">Ao longo de sua hist\u00f3ria, a beleza e o encanto da praia de Ipanema serviram como inspira\u00e7\u00e3o para poetas, escritores e compositores. Entre as inspira\u00e7\u00f5es est\u00e1 uma das m\u00fasicas mais conhecidas do mundo, a Garota de Ipanema, de Tom Jobim e Vin\u00edcius de Moraes.<\/span><\/p>\n<h2><span style=\"font-weight: 400;\">Praia do Leblon<\/span><\/h2>\n<div id=\"attachment_4409\" style=\"width: 1034px\" class=\"wp-caption alignnone\"><img loading=\"lazy\" decoding=\"async\" aria-describedby=\"caption-attachment-4409\" class=\"size-large wp-image-4409\" src=\"https:\/\/inbuzios.com.br\/blog\/wp-content\/uploads\/2020\/07\/Leblon.cr\u00e9itos.G1.jpeg-1024x768.jpg\" alt=\"\" width=\"1024\" height=\"768\" \/><p id=\"caption-attachment-4409\" class=\"wp-caption-text\">Foto: G1<\/p><\/div>\n<p><span style=\"font-weight: 400;\">A praia do Leblon est\u00e1 localizada no bairro Leblon, considerado um dos mais nobres da cidade do Rio de Janeiro. O bairro \u00e9 famoso por abrigar restaurantes cariocas de renome, al\u00e9m de bares, quiosques e hot\u00e9is que garantem uma \u00f3tima infraestrutura tur\u00edstica.<\/span><\/p>\n<p><span style=\"font-weight: 400;\">Possui um ambiente familiar, tranquilo e ideal para crian\u00e7as pequenas. A orla tem espa\u00e7o para todos que desejam curtir o sol e praticar esportes. Mas, um dos encantos do Leblon \u00e9 a paisagem do P\u00e3o de A\u00e7\u00facar e do Morro Dois Irm\u00e3os no entardecer. Local que garante \u00f3timas fotos, passeios atrav\u00e9s da orla e observa\u00e7\u00e3o do bairro e da praia do Leblon e Ipanema atrav\u00e9s de um mirante.<\/span><\/p>\n<h2><span style=\"font-weight: 400;\">Conhe\u00e7a todas com a In B\u00fazios: Passeio Rio Completo<\/span><\/h2>\n<div id=\"attachment_4407\" style=\"width: 1034px\" class=\"wp-caption alignnone\"><img loading=\"lazy\" decoding=\"async\" aria-describedby=\"caption-attachment-4407\" class=\"size-large wp-image-4407\" src=\"https:\/\/inbuzios.com.br\/blog\/wp-content\/uploads\/2020\/07\/IMG_2286-1024x683.jpg\" alt=\"\" width=\"1024\" height=\"683\" \/><p id=\"caption-attachment-4407\" class=\"wp-caption-text\">Foto: Acervo<\/p><\/div>\n<p><span style=\"font-weight: 400;\">O passeio Rio Completo \u00e9 melhor op\u00e7\u00e3o pra quem quer conhecer bastantes pontos tur\u00edsticos num s\u00f3 dia. Voc\u00ea vai conhecer v\u00e1rias das praias mencionadas acima, al\u00e9m de outros pontos de visita obrigat\u00f3ria como o Cristo Redentor, maracan\u00e3, catedral metropolitana e o p\u00e3o de a\u00e7\u00facar.<\/span><\/p>\n<p><span style=\"font-weight: 400;\">Uma van te busca no hotel (ou endere\u00e7o a informar) a partir das 8h, faz o tour completo e te leva de volta no final da tarde por volta das 18h. Al\u00e9m de ser muito mais seguro, ainda economiza bastante tempo, j\u00e1 que os ingressos das atra\u00e7\u00f5es mais cheias s\u00e3o comprados previamente pelo guia.<\/span><\/p>\n<p><span style=\"font-weight: 400;\">Saiba mais sobre o passeio Rio Completo e fa\u00e7a sua reserva clicando <\/span><a href=\"https:\/\/www.inbuzios.com.br\/produto\/rio-completo\"><span style=\"font-weight: 400;\">aqui<\/span><\/a><span style=\"font-weight: 400;\">. \u00c9 realmente imperd\u00edvel!<\/span><\/p>\n<p><span style=\"font-weight: 400;\">Vai chegar no Rio de avi\u00e3o? Aproveite e contrate nosso <\/span><a href=\"https:\/\/www.inbuzios.com.br\/produto\/transfer-galeao-gig-x-hoteis-rio\"><span style=\"font-weight: 400;\">transfer dos aeroportos para os hot\u00e9is no Rio<\/span><\/a><span style=\"font-weight: 400;\"> e n\u00e3o esque\u00e7a de j\u00e1 deixar reservada a sua volta!<\/span><\/p>\n<p><span style=\"font-weight: 400;\">Leia tamb\u00e9m nosso <\/span><a href=\"https:\/\/www.inbuzios.com.br\/blog\/lugares-para-conhecer-no-rio-lapa\/\"><span style=\"font-weight: 400;\">post sobre a Lapa<\/span><\/a><span style=\"font-weight: 400;\">, o bairro mais bo\u00eamio do RJ e cheio de belas atra\u00e7\u00f5es que voc\u00ea precisa conhecer.<\/span><\/p>\n<p><span style=\"font-weight: 400;\">Gostou desse post? N\u00e3o deixe de ler tamb\u00e9m a <a href=\"https:\/\/www.inbuzios.com.br\/blog\/do-leme-ao-pontal-conheca-as-praias-do-rio-de-janeiro-parte-2\/\">Parte 2<\/a> e <a href=\"https:\/\/www.inbuzios.com.br\/blog\/do-leme-ao-pontal-conheca-as-praias-do-rio-de-janeiro-parte-3\/\">Parte 3<\/a>, para saber sobre TODAS as praias do litoral carioca!<\/span><\/p>\n<p>&nbsp;<\/p>\n","protected":false},"excerpt":{"rendered":"<p>O Rio de Janeiro \u00e9 mesmo a cidade maravilhosa! S\u00e3o tantos pontos tur\u00edsticos que fica at\u00e9 dif\u00edcil saber por onde come\u00e7ar. Mas, j\u00e1 que ningu\u00e9m vai para o Rio de&#8230;<\/p>\n","protected":false},"author":1,"featured_media":4700,"comment_status":"open","ping_status":"open","sticky":false,"template":"","format":"standard","meta":{"_jetpack_memberships_contains_paid_content":false,"footnotes":""},"categories":[5],"tags":[18,39,61,83,96,97],"class_list":["post-4401","post","type-post","status-publish","format-standard","has-post-thumbnail","hentry","category-lugares-para-conhecer-no-rio-de-janeiro","tag-city-tour-no-rio-de-janeiro","tag-lugares-para-conhecer-no-rio","tag-passeios-pelo-rio-de-janeiro","tag-praias-do-rio-de-janeiro","tag-transfer-buzios","tag-transfer-regiao-dos-lagos"],"yoast_head":"<!-- This site is optimized with the Yoast SEO plugin v27.4 - https:\/\/yoast.com\/product\/yoast-seo-wordpress\/ -->\n<title>Do Leme ao Pontal: Conhe\u00e7a as praias do Rio de Janeiro (Parte 1) - In B\u00fazios<\/title>\n<meta name=\"robots\" content=\"index, follow, max-snippet:-1, max-image-preview:large, max-video-preview:-1\" \/>\n<link rel=\"canonical\" href=\"https:\/\/inbuzios.com.br\/blog\/2020\/01\/27\/do-leme-ao-pontal-conheca-as-praias-do-rio-de-janeiro-parte-1\/\" \/>\n<meta property=\"og:locale\" content=\"pt_BR\" \/>\n<meta property=\"og:type\" content=\"article\" \/>\n<meta property=\"og:title\" content=\"Do Leme ao Pontal: Conhe\u00e7a as praias do Rio de Janeiro (Parte 1) - In B\u00fazios\" \/>\n<meta property=\"og:description\" content=\"O Rio de Janeiro \u00e9 mesmo a cidade maravilhosa! S\u00e3o tantos pontos tur\u00edsticos que fica at\u00e9 dif\u00edcil saber por onde come\u00e7ar. Mas, j\u00e1 que ningu\u00e9m vai para o Rio de...\" \/>\n<meta property=\"og:url\" content=\"https:\/\/inbuzios.com.br\/blog\/2020\/01\/27\/do-leme-ao-pontal-conheca-as-praias-do-rio-de-janeiro-parte-1\/\" \/>\n<meta property=\"og:site_name\" content=\"In B\u00fazios\" \/>\n<meta property=\"article:published_time\" content=\"2020-01-27T17:57:43+00:00\" \/>\n<meta property=\"article:modified_time\" content=\"2020-07-27T13:57:06+00:00\" \/>\n<meta property=\"og:image\" content=\"https:\/\/inbuzios.com.br\/blog\/wp-content\/uploads\/2020\/01\/capa.google.jpg\" \/>\n\t<meta property=\"og:image:width\" content=\"350\" \/>\n\t<meta property=\"og:image:height\" content=\"350\" \/>\n\t<meta property=\"og:image:type\" content=\"image\/jpeg\" \/>\n<meta name=\"author\" content=\"admin\" \/>\n<meta name=\"twitter:card\" content=\"summary_large_image\" \/>\n<meta name=\"twitter:label1\" content=\"Escrito por\" \/>\n\t<meta name=\"twitter:data1\" content=\"admin\" \/>\n\t<meta name=\"twitter:label2\" content=\"Est. tempo de leitura\" \/>\n\t<meta name=\"twitter:data2\" content=\"7 minutos\" \/>\n<script type=\"application\/ld+json\" class=\"yoast-schema-graph\">{\"@context\":\"https:\\\/\\\/schema.org\",\"@graph\":[{\"@type\":\"Article\",\"@id\":\"https:\\\/\\\/inbuzios.com.br\\\/blog\\\/2020\\\/01\\\/27\\\/do-leme-ao-pontal-conheca-as-praias-do-rio-de-janeiro-parte-1\\\/#article\",\"isPartOf\":{\"@id\":\"https:\\\/\\\/inbuzios.com.br\\\/blog\\\/2020\\\/01\\\/27\\\/do-leme-ao-pontal-conheca-as-praias-do-rio-de-janeiro-parte-1\\\/\"},\"author\":{\"name\":\"admin\",\"@id\":\"https:\\\/\\\/inbuzios.com.br\\\/blog\\\/#\\\/schema\\\/person\\\/dbe01781c030a430fd9f84e28a8d6258\"},\"headline\":\"Do Leme ao Pontal: Conhe\u00e7a as praias do Rio de Janeiro (Parte 1)\",\"datePublished\":\"2020-01-27T17:57:43+00:00\",\"dateModified\":\"2020-07-27T13:57:06+00:00\",\"mainEntityOfPage\":{\"@id\":\"https:\\\/\\\/inbuzios.com.br\\\/blog\\\/2020\\\/01\\\/27\\\/do-leme-ao-pontal-conheca-as-praias-do-rio-de-janeiro-parte-1\\\/\"},\"wordCount\":1344,\"commentCount\":0,\"image\":{\"@id\":\"https:\\\/\\\/inbuzios.com.br\\\/blog\\\/2020\\\/01\\\/27\\\/do-leme-ao-pontal-conheca-as-praias-do-rio-de-janeiro-parte-1\\\/#primaryimage\"},\"thumbnailUrl\":\"https:\\\/\\\/inbuzios.com.br\\\/blog\\\/wp-content\\\/uploads\\\/2020\\\/01\\\/capa.google.jpg\",\"keywords\":[\"city tour no rio de janeiro\",\"lugares para conhecer no rio\",\"passeios pelo rio de janeiro\",\"praias do rio de janeiro\",\"transfer b\u00fazios\",\"transfer regi\u00e3o dos lagos\"],\"articleSection\":[\"Lugares para conhecer no Rio de Janeiro\"],\"inLanguage\":\"pt-BR\",\"potentialAction\":[{\"@type\":\"CommentAction\",\"name\":\"Comment\",\"target\":[\"https:\\\/\\\/inbuzios.com.br\\\/blog\\\/2020\\\/01\\\/27\\\/do-leme-ao-pontal-conheca-as-praias-do-rio-de-janeiro-parte-1\\\/#respond\"]}]},{\"@type\":\"WebPage\",\"@id\":\"https:\\\/\\\/inbuzios.com.br\\\/blog\\\/2020\\\/01\\\/27\\\/do-leme-ao-pontal-conheca-as-praias-do-rio-de-janeiro-parte-1\\\/\",\"url\":\"https:\\\/\\\/inbuzios.com.br\\\/blog\\\/2020\\\/01\\\/27\\\/do-leme-ao-pontal-conheca-as-praias-do-rio-de-janeiro-parte-1\\\/\",\"name\":\"Do Leme ao Pontal: Conhe\u00e7a as praias do Rio de Janeiro (Parte 1) - In B\u00fazios\",\"isPartOf\":{\"@id\":\"https:\\\/\\\/inbuzios.com.br\\\/blog\\\/#website\"},\"primaryImageOfPage\":{\"@id\":\"https:\\\/\\\/inbuzios.com.br\\\/blog\\\/2020\\\/01\\\/27\\\/do-leme-ao-pontal-conheca-as-praias-do-rio-de-janeiro-parte-1\\\/#primaryimage\"},\"image\":{\"@id\":\"https:\\\/\\\/inbuzios.com.br\\\/blog\\\/2020\\\/01\\\/27\\\/do-leme-ao-pontal-conheca-as-praias-do-rio-de-janeiro-parte-1\\\/#primaryimage\"},\"thumbnailUrl\":\"https:\\\/\\\/inbuzios.com.br\\\/blog\\\/wp-content\\\/uploads\\\/2020\\\/01\\\/capa.google.jpg\",\"datePublished\":\"2020-01-27T17:57:43+00:00\",\"dateModified\":\"2020-07-27T13:57:06+00:00\",\"author\":{\"@id\":\"https:\\\/\\\/inbuzios.com.br\\\/blog\\\/#\\\/schema\\\/person\\\/dbe01781c030a430fd9f84e28a8d6258\"},\"breadcrumb\":{\"@id\":\"https:\\\/\\\/inbuzios.com.br\\\/blog\\\/2020\\\/01\\\/27\\\/do-leme-ao-pontal-conheca-as-praias-do-rio-de-janeiro-parte-1\\\/#breadcrumb\"},\"inLanguage\":\"pt-BR\",\"potentialAction\":[{\"@type\":\"ReadAction\",\"target\":[\"https:\\\/\\\/inbuzios.com.br\\\/blog\\\/2020\\\/01\\\/27\\\/do-leme-ao-pontal-conheca-as-praias-do-rio-de-janeiro-parte-1\\\/\"]}]},{\"@type\":\"ImageObject\",\"inLanguage\":\"pt-BR\",\"@id\":\"https:\\\/\\\/inbuzios.com.br\\\/blog\\\/2020\\\/01\\\/27\\\/do-leme-ao-pontal-conheca-as-praias-do-rio-de-janeiro-parte-1\\\/#primaryimage\",\"url\":\"https:\\\/\\\/inbuzios.com.br\\\/blog\\\/wp-content\\\/uploads\\\/2020\\\/01\\\/capa.google.jpg\",\"contentUrl\":\"https:\\\/\\\/inbuzios.com.br\\\/blog\\\/wp-content\\\/uploads\\\/2020\\\/01\\\/capa.google.jpg\",\"width\":350,\"height\":350},{\"@type\":\"BreadcrumbList\",\"@id\":\"https:\\\/\\\/inbuzios.com.br\\\/blog\\\/2020\\\/01\\\/27\\\/do-leme-ao-pontal-conheca-as-praias-do-rio-de-janeiro-parte-1\\\/#breadcrumb\",\"itemListElement\":[{\"@type\":\"ListItem\",\"position\":1,\"name\":\"In\u00edcio\",\"item\":\"https:\\\/\\\/inbuzios.com.br\\\/blog\\\/\"},{\"@type\":\"ListItem\",\"position\":2,\"name\":\"Do Leme ao Pontal: Conhe\u00e7a as praias do Rio de Janeiro (Parte 1)\"}]},{\"@type\":\"WebSite\",\"@id\":\"https:\\\/\\\/inbuzios.com.br\\\/blog\\\/#website\",\"url\":\"https:\\\/\\\/inbuzios.com.br\\\/blog\\\/\",\"name\":\"In B\u00fazios\",\"description\":\"Turismo Receptivo\",\"potentialAction\":[{\"@type\":\"SearchAction\",\"target\":{\"@type\":\"EntryPoint\",\"urlTemplate\":\"https:\\\/\\\/inbuzios.com.br\\\/blog\\\/?s={search_term_string}\"},\"query-input\":{\"@type\":\"PropertyValueSpecification\",\"valueRequired\":true,\"valueName\":\"search_term_string\"}}],\"inLanguage\":\"pt-BR\"},{\"@type\":\"Person\",\"@id\":\"https:\\\/\\\/inbuzios.com.br\\\/blog\\\/#\\\/schema\\\/person\\\/dbe01781c030a430fd9f84e28a8d6258\",\"name\":\"admin\",\"image\":{\"@type\":\"ImageObject\",\"inLanguage\":\"pt-BR\",\"@id\":\"https:\\\/\\\/secure.gravatar.com\\\/avatar\\\/839a24fd6406768d30580b79b6ee2d0b018004c0661e5e4ce1c59db1389277ed?s=96&d=mm&r=g\",\"url\":\"https:\\\/\\\/secure.gravatar.com\\\/avatar\\\/839a24fd6406768d30580b79b6ee2d0b018004c0661e5e4ce1c59db1389277ed?s=96&d=mm&r=g\",\"contentUrl\":\"https:\\\/\\\/secure.gravatar.com\\\/avatar\\\/839a24fd6406768d30580b79b6ee2d0b018004c0661e5e4ce1c59db1389277ed?s=96&d=mm&r=g\",\"caption\":\"admin\"},\"sameAs\":[\"https:\\\/\\\/inbuzios.com.br\\\/blog\"],\"url\":\"https:\\\/\\\/inbuzios.com.br\\\/blog\\\/author\\\/admin\\\/\"}]}<\/script>\n<!-- \/ Yoast SEO plugin. -->","yoast_head_json":{"title":"Do Leme ao Pontal: Conhe\u00e7a as praias do Rio de Janeiro (Parte 1) - In B\u00fazios","robots":{"index":"index","follow":"follow","max-snippet":"max-snippet:-1","max-image-preview":"max-image-preview:large","max-video-preview":"max-video-preview:-1"},"canonical":"https:\/\/inbuzios.com.br\/blog\/2020\/01\/27\/do-leme-ao-pontal-conheca-as-praias-do-rio-de-janeiro-parte-1\/","og_locale":"pt_BR","og_type":"article","og_title":"Do Leme ao Pontal: Conhe\u00e7a as praias do Rio de Janeiro (Parte 1) - In B\u00fazios","og_description":"O Rio de Janeiro \u00e9 mesmo a cidade maravilhosa! S\u00e3o tantos pontos tur\u00edsticos que fica at\u00e9 dif\u00edcil saber por onde come\u00e7ar. Mas, j\u00e1 que ningu\u00e9m vai para o Rio de...","og_url":"https:\/\/inbuzios.com.br\/blog\/2020\/01\/27\/do-leme-ao-pontal-conheca-as-praias-do-rio-de-janeiro-parte-1\/","og_site_name":"In B\u00fazios","article_published_time":"2020-01-27T17:57:43+00:00","article_modified_time":"2020-07-27T13:57:06+00:00","og_image":[{"width":350,"height":350,"url":"https:\/\/inbuzios.com.br\/blog\/wp-content\/uploads\/2020\/01\/capa.google.jpg","type":"image\/jpeg"}],"author":"admin","twitter_card":"summary_large_image","twitter_misc":{"Escrito por":"admin","Est. tempo de leitura":"7 minutos"},"schema":{"@context":"https:\/\/schema.org","@graph":[{"@type":"Article","@id":"https:\/\/inbuzios.com.br\/blog\/2020\/01\/27\/do-leme-ao-pontal-conheca-as-praias-do-rio-de-janeiro-parte-1\/#article","isPartOf":{"@id":"https:\/\/inbuzios.com.br\/blog\/2020\/01\/27\/do-leme-ao-pontal-conheca-as-praias-do-rio-de-janeiro-parte-1\/"},"author":{"name":"admin","@id":"https:\/\/inbuzios.com.br\/blog\/#\/schema\/person\/dbe01781c030a430fd9f84e28a8d6258"},"headline":"Do Leme ao Pontal: Conhe\u00e7a as praias do Rio de Janeiro (Parte 1)","datePublished":"2020-01-27T17:57:43+00:00","dateModified":"2020-07-27T13:57:06+00:00","mainEntityOfPage":{"@id":"https:\/\/inbuzios.com.br\/blog\/2020\/01\/27\/do-leme-ao-pontal-conheca-as-praias-do-rio-de-janeiro-parte-1\/"},"wordCount":1344,"commentCount":0,"image":{"@id":"https:\/\/inbuzios.com.br\/blog\/2020\/01\/27\/do-leme-ao-pontal-conheca-as-praias-do-rio-de-janeiro-parte-1\/#primaryimage"},"thumbnailUrl":"https:\/\/inbuzios.com.br\/blog\/wp-content\/uploads\/2020\/01\/capa.google.jpg","keywords":["city tour no rio de janeiro","lugares para conhecer no rio","passeios pelo rio de janeiro","praias do rio de janeiro","transfer b\u00fazios","transfer regi\u00e3o dos lagos"],"articleSection":["Lugares para conhecer no Rio de Janeiro"],"inLanguage":"pt-BR","potentialAction":[{"@type":"CommentAction","name":"Comment","target":["https:\/\/inbuzios.com.br\/blog\/2020\/01\/27\/do-leme-ao-pontal-conheca-as-praias-do-rio-de-janeiro-parte-1\/#respond"]}]},{"@type":"WebPage","@id":"https:\/\/inbuzios.com.br\/blog\/2020\/01\/27\/do-leme-ao-pontal-conheca-as-praias-do-rio-de-janeiro-parte-1\/","url":"https:\/\/inbuzios.com.br\/blog\/2020\/01\/27\/do-leme-ao-pontal-conheca-as-praias-do-rio-de-janeiro-parte-1\/","name":"Do Leme ao Pontal: Conhe\u00e7a as praias do Rio de Janeiro (Parte 1) - In B\u00fazios","isPartOf":{"@id":"https:\/\/inbuzios.com.br\/blog\/#website"},"primaryImageOfPage":{"@id":"https:\/\/inbuzios.com.br\/blog\/2020\/01\/27\/do-leme-ao-pontal-conheca-as-praias-do-rio-de-janeiro-parte-1\/#primaryimage"},"image":{"@id":"https:\/\/inbuzios.com.br\/blog\/2020\/01\/27\/do-leme-ao-pontal-conheca-as-praias-do-rio-de-janeiro-parte-1\/#primaryimage"},"thumbnailUrl":"https:\/\/inbuzios.com.br\/blog\/wp-content\/uploads\/2020\/01\/capa.google.jpg","datePublished":"2020-01-27T17:57:43+00:00","dateModified":"2020-07-27T13:57:06+00:00","author":{"@id":"https:\/\/inbuzios.com.br\/blog\/#\/schema\/person\/dbe01781c030a430fd9f84e28a8d6258"},"breadcrumb":{"@id":"https:\/\/inbuzios.com.br\/blog\/2020\/01\/27\/do-leme-ao-pontal-conheca-as-praias-do-rio-de-janeiro-parte-1\/#breadcrumb"},"inLanguage":"pt-BR","potentialAction":[{"@type":"ReadAction","target":["https:\/\/inbuzios.com.br\/blog\/2020\/01\/27\/do-leme-ao-pontal-conheca-as-praias-do-rio-de-janeiro-parte-1\/"]}]},{"@type":"ImageObject","inLanguage":"pt-BR","@id":"https:\/\/inbuzios.com.br\/blog\/2020\/01\/27\/do-leme-ao-pontal-conheca-as-praias-do-rio-de-janeiro-parte-1\/#primaryimage","url":"https:\/\/inbuzios.com.br\/blog\/wp-content\/uploads\/2020\/01\/capa.google.jpg","contentUrl":"https:\/\/inbuzios.com.br\/blog\/wp-content\/uploads\/2020\/01\/capa.google.jpg","width":350,"height":350},{"@type":"BreadcrumbList","@id":"https:\/\/inbuzios.com.br\/blog\/2020\/01\/27\/do-leme-ao-pontal-conheca-as-praias-do-rio-de-janeiro-parte-1\/#breadcrumb","itemListElement":[{"@type":"ListItem","position":1,"name":"In\u00edcio","item":"https:\/\/inbuzios.com.br\/blog\/"},{"@type":"ListItem","position":2,"name":"Do Leme ao Pontal: Conhe\u00e7a as praias do Rio de Janeiro (Parte 1)"}]},{"@type":"WebSite","@id":"https:\/\/inbuzios.com.br\/blog\/#website","url":"https:\/\/inbuzios.com.br\/blog\/","name":"In B\u00fazios","description":"Turismo Receptivo","potentialAction":[{"@type":"SearchAction","target":{"@type":"EntryPoint","urlTemplate":"https:\/\/inbuzios.com.br\/blog\/?s={search_term_string}"},"query-input":{"@type":"PropertyValueSpecification","valueRequired":true,"valueName":"search_term_string"}}],"inLanguage":"pt-BR"},{"@type":"Person","@id":"https:\/\/inbuzios.com.br\/blog\/#\/schema\/person\/dbe01781c030a430fd9f84e28a8d6258","name":"admin","image":{"@type":"ImageObject","inLanguage":"pt-BR","@id":"https:\/\/secure.gravatar.com\/avatar\/839a24fd6406768d30580b79b6ee2d0b018004c0661e5e4ce1c59db1389277ed?s=96&d=mm&r=g","url":"https:\/\/secure.gravatar.com\/avatar\/839a24fd6406768d30580b79b6ee2d0b018004c0661e5e4ce1c59db1389277ed?s=96&d=mm&r=g","contentUrl":"https:\/\/secure.gravatar.com\/avatar\/839a24fd6406768d30580b79b6ee2d0b018004c0661e5e4ce1c59db1389277ed?s=96&d=mm&r=g","caption":"admin"},"sameAs":["https:\/\/inbuzios.com.br\/blog"],"url":"https:\/\/inbuzios.com.br\/blog\/author\/admin\/"}]}},"jetpack_featured_media_url":"https:\/\/inbuzios.com.br\/blog\/wp-content\/uploads\/2020\/01\/capa.google.jpg","jetpack_sharing_enabled":true,"amp_enabled":true,"_links":{"self":[{"href":"https:\/\/inbuzios.com.br\/blog\/wp-json\/wp\/v2\/posts\/4401","targetHints":{"allow":["GET"]}}],"collection":[{"href":"https:\/\/inbuzios.com.br\/blog\/wp-json\/wp\/v2\/posts"}],"about":[{"href":"https:\/\/inbuzios.com.br\/blog\/wp-json\/wp\/v2\/types\/post"}],"author":[{"embeddable":true,"href":"https:\/\/inbuzios.com.br\/blog\/wp-json\/wp\/v2\/users\/1"}],"replies":[{"embeddable":true,"href":"https:\/\/inbuzios.com.br\/blog\/wp-json\/wp\/v2\/comments?post=4401"}],"version-history":[{"count":3,"href":"https:\/\/inbuzios.com.br\/blog\/wp-json\/wp\/v2\/posts\/4401\/revisions"}],"predecessor-version":[{"id":4704,"href":"https:\/\/inbuzios.com.br\/blog\/wp-json\/wp\/v2\/posts\/4401\/revisions\/4704"}],"wp:featuredmedia":[{"embeddable":true,"href":"https:\/\/inbuzios.com.br\/blog\/wp-json\/wp\/v2\/media\/4700"}],"wp:attachment":[{"href":"https:\/\/inbuzios.com.br\/blog\/wp-json\/wp\/v2\/media?parent=4401"}],"wp:term":[{"taxonomy":"category","embeddable":true,"href":"https:\/\/inbuzios.com.br\/blog\/wp-json\/wp\/v2\/categories?post=4401"},{"taxonomy":"post_tag","embeddable":true,"href":"https:\/\/inbuzios.com.br\/blog\/wp-json\/wp\/v2\/tags?post=4401"}],"curies":[{"name":"wp","href":"https:\/\/api.w.org\/{rel}","templated":true}]}}