{"id":4415,"date":"2020-02-04T18:16:11","date_gmt":"2020-02-04T18:16:11","guid":{"rendered":"http:\/\/inbuzios.com\/blog\/?p=4415"},"modified":"2020-07-27T13:58:44","modified_gmt":"2020-07-27T13:58:44","slug":"do-leme-ao-pontal-conheca-as-praias-do-rio-de-janeiro-parte-2","status":"publish","type":"post","link":"https:\/\/inbuzios.com.br\/blog\/2020\/02\/04\/do-leme-ao-pontal-conheca-as-praias-do-rio-de-janeiro-parte-2\/","title":{"rendered":"Do Leme ao Pontal: Conhe\u00e7a as praias do Rio de Janeiro (Parte 2)"},"content":{"rendered":"<p><span style=\"font-weight: 400;\">Esta \u00e9 a segunda parte de uma s\u00e9rie de tr\u00eas artigos sobre as praias do Rio de Janeiro. Esperamos que j\u00e1 tenha lido o primeiro, mas, se n\u00e3o leu, n\u00e3o faz mal pois a ordem n\u00e3o faz diferen\u00e7a, basta saber que come\u00e7amos pelas praias da zona sul no primeiro (do Flamengo ao Leblon) e este vai da Praia do Vidigal (final da zona sul) at\u00e9 a praia do Secreto, na zona oeste da cidade.<\/span><\/p>\n<h2><span style=\"font-weight: 400;\">Praia do Vidigal<\/span><\/h2>\n<div id=\"attachment_4424\" style=\"width: 1034px\" class=\"wp-caption alignnone\"><img loading=\"lazy\" decoding=\"async\" aria-describedby=\"caption-attachment-4424\" class=\"size-large wp-image-4424\" src=\"https:\/\/inbuzios.com.br\/blog\/wp-content\/uploads\/2020\/07\/vidigal.google2-1024x721.jpg\" alt=\"\" width=\"1024\" height=\"721\" \/><p id=\"caption-attachment-4424\" class=\"wp-caption-text\">Foto: Google<\/p><\/div>\n<p><span style=\"font-weight: 400;\">A Praia do Vidigal \u00e9 uma pequena praia de cerca de 500m de extens\u00e3o e fica localizada entre <\/span><span style=\"font-weight: 400;\">os bairros de S\u00e3o Conrado e Leblon e aos p\u00e9s do morro Dois Irm\u00e3os, onde est\u00e1 a Comunidade do Vidigal.<\/span><\/p>\n<p><span style=\"font-weight: 400;\">No final de 1960, o conceituado hotel Sheraton se instalou na regi\u00e3o e tinha a inten\u00e7\u00e3o de fechar o acesso \u00e0 praia apenas para seus h\u00f3spedes. Para nossa alegria, esse projeto n\u00e3o foi adiante. Para acessar a praia existe uma escadaria de 133 degraus que liga a Avenida Niemeyer \u00e0 praia.<\/span><\/p>\n<h2><span style=\"font-weight: 400;\">Praia de S\u00e3o Conrado<\/span><\/h2>\n<div id=\"attachment_4422\" style=\"width: 1034px\" class=\"wp-caption alignnone\"><img loading=\"lazy\" decoding=\"async\" aria-describedby=\"caption-attachment-4422\" class=\"size-large wp-image-4422\" src=\"https:\/\/inbuzios.com.br\/blog\/wp-content\/uploads\/2020\/07\/s\u00e3oconrado.google-1024x576.jpg\" alt=\"\" width=\"1024\" height=\"576\" \/><p id=\"caption-attachment-4422\" class=\"wp-caption-text\">Foto: Google<\/p><\/div>\n<p><span style=\"font-weight: 400;\">Al\u00e9m da \u00e1gua azul esverdeada e a \u00f3tima estrutura, na Praia de S\u00e3o Conrado voc\u00ea tem vista para dois grandes cart\u00f5es postais do Rio de Janeiro: a Pedra da G\u00e1vea e o Morro Dois Irm\u00e3os. Com pouco mais de 2 km de extens\u00e3o, o local tamb\u00e9m \u00e9 perfeito para quem gosta de praticar esportes \u00e0 beira mar.<\/span><\/p>\n<p><span style=\"font-weight: 400;\">Na extens\u00e3o de toda a praia h\u00e1 um cal\u00e7ad\u00e3o com belas palmeiras, bancos e ciclovia, tudo para criar o clima perfeito tamb\u00e9m na orla da praia. Que tal caminhar, correr, andar de bicicleta ou s\u00f3 sentar em frente ao mar para contemplar a natureza?<\/span><\/p>\n<h2><span style=\"font-weight: 400;\">Praia do Pepino<\/span><\/h2>\n<div id=\"attachment_4418\" style=\"width: 1034px\" class=\"wp-caption alignnone\"><img loading=\"lazy\" decoding=\"async\" aria-describedby=\"caption-attachment-4418\" class=\"size-large wp-image-4418\" src=\"https:\/\/inbuzios.com.br\/blog\/wp-content\/uploads\/2020\/07\/praiadopepino._Cr\u00e9ditos._Asa_Delta_Tour-1024x576.jpeg\" alt=\"\" width=\"1024\" height=\"576\" \/><p id=\"caption-attachment-4418\" class=\"wp-caption-text\">Foto: Asa Delta Tour<\/p><\/div>\n<p><span style=\"font-weight: 400;\">A Praia do Pepino \u00e9 um trecho da Praia de S\u00e3o Conrado j\u00e1 conhecido por ser \u00e1rea de pouso dos praticantes de asa delta e parapente que decolam da Pedra Bonita, a poucos quil\u00f4metros dali.<\/span><\/p>\n<p><span style=\"font-weight: 400;\">Muita gente a frequenta para praticar esportes. Al\u00e9m dos saltos de asa delta, escalar as montanhas e aproveitar as ondas perfeitas para o surfe tamb\u00e9m s\u00e3o atividades bem comuns por ali.<\/span><\/p>\n<h2><span style=\"font-weight: 400;\">Praia da Joatinga<\/span><\/h2>\n<div id=\"attachment_4427\" style=\"width: 1034px\" class=\"wp-caption alignnone\"><img loading=\"lazy\" decoding=\"async\" aria-describedby=\"caption-attachment-4427\" class=\"size-large wp-image-4427\" src=\"https:\/\/inbuzios.com.br\/blog\/wp-content\/uploads\/2020\/07\/joatinga._Cr\u00e9ditos.carpemundi-1024x683.jpg\" alt=\"\" width=\"1024\" height=\"683\" \/><p id=\"caption-attachment-4427\" class=\"wp-caption-text\">Foto: carpemundi<\/p><\/div>\n<p><span style=\"font-weight: 400;\">A Praia da Joatinga \u00e9 um verdadeiro para\u00edso escondido no bairro do Jo\u00e1, entre S\u00e3o Conrado e Barra da Tijuca. A praia \u00e9 bem pequena, com menos de 300m de faixa de areia e n\u00e3o \u00e9 acess\u00edvel em dias de mar\u00e9 alta, quando o mar cobre quase toda a areia. \u00c9 o point dos surfistas, de gente bonita e da galera jovem.<\/span><\/p>\n<p><span style=\"font-weight: 400;\">Para chegar na praia \u00e9 preciso fazer uma pequena trilha com algumas pedras e trechos mais \u00edngremes, mas nada muito dif\u00edcil, sendo bastante frequentada tamb\u00e9m por fam\u00edlias com crian\u00e7as. \u00c9 uma praia linda e exclusiva, \u00f3tima para quem quer um pouco de privacidade e seguran\u00e7a.<\/span><\/p>\n<h2><span style=\"font-weight: 400;\">Praia da Barra da Tijuca<\/span><\/h2>\n<div id=\"attachment_4416\" style=\"width: 1034px\" class=\"wp-caption alignnone\"><img loading=\"lazy\" decoding=\"async\" aria-describedby=\"caption-attachment-4416\" class=\"size-large wp-image-4416\" src=\"https:\/\/inbuzios.com.br\/blog\/wp-content\/uploads\/2020\/07\/Barra._Cr\u00e9ditos.Rio2fly-1024x670.jpg\" alt=\"\" width=\"1024\" height=\"670\" \/><p id=\"caption-attachment-4416\" class=\"wp-caption-text\">Foto: Rio2fly<\/p><\/div>\n<p><span style=\"font-weight: 400;\">Localizada na Barra da Tijuca, ao longo da Av. L\u00facio Costa (antiga Sernambetiba), a Praia da Barra det\u00e9m o t\u00edtulo de maior praia do Rio de Janeiro com quase 18 km de extens\u00e3o.<\/span><\/p>\n<p><span style=\"font-weight: 400;\">A praia \u00e9 caracterizada por sua areia branca, com \u00e1guas esverdeadas e l\u00edmpidas, al\u00e9m de locais com bastante ondas devido aos fortes ventos.<\/span><\/p>\n<p><span style=\"font-weight: 400;\">Os principais esportes praticados da praia s\u00e3o a pesca de beira, kitesurf, windsurf e flysurf, al\u00e9m de ser palco de muitos campeonatos. Em sua orla, \u00e9 muito comum encontrar pessoas praticando outros esportes, como futebol de areia, futvolei, volei e frescobol, e mesmo fazendo caminhadas no cal\u00e7ad\u00e3o ou andando de bicicleta ao longo da ciclovia. Ao contr\u00e1rio das praias da zona sul, a orla da Praia da Barra n\u00e3o \u00e9 muito frequentada \u00e0 noite.<\/span><\/p>\n<h2><span style=\"font-weight: 400;\">Praia da Reserva<\/span><\/h2>\n<div id=\"attachment_4421\" style=\"width: 1034px\" class=\"wp-caption alignnone\"><img loading=\"lazy\" decoding=\"async\" aria-describedby=\"caption-attachment-4421\" class=\"size-large wp-image-4421\" src=\"https:\/\/inbuzios.com.br\/blog\/wp-content\/uploads\/2020\/07\/Reserva.google-1024x768.jpg\" alt=\"\" width=\"1024\" height=\"768\" \/><p id=\"caption-attachment-4421\" class=\"wp-caption-text\">Foto: Google<\/p><\/div>\n<p><span style=\"font-weight: 400;\">A praia da Reserva est\u00e1 localizada entre a praia da Barra da Tijuca e a Praia do Recreio e r<\/span><span style=\"font-weight: 400;\">ecebeu esse nome por estar situada ao longo da <\/span><span style=\"font-weight: 400;\">Reserva de Mar<\/span><span style=\"font-weight: 400;\">a<\/span><span style=\"font-weight: 400;\">pendi<\/span><span style=\"font-weight: 400;\">, uma <\/span><span style=\"font-weight: 400;\">\u00e1rea de prote\u00e7\u00e3o ambiental<\/span><span style=\"font-weight: 400;\"> destinada \u00e0 preserva\u00e7\u00e3o da vegeta\u00e7\u00e3o de <\/span><span style=\"font-weight: 400;\">restinga<\/span><span style=\"font-weight: 400;\"> e de <\/span><span style=\"font-weight: 400;\">manguezal<\/span><span style=\"font-weight: 400;\">. No interior da reserva, localiza-se a <\/span><span style=\"font-weight: 400;\">Lagoa de Marapendi<\/span><span style=\"font-weight: 400;\">, utilizada para a pr\u00e1tica de esportes n\u00e1uticos, como <\/span><span style=\"font-weight: 400;\">canoagem<\/span><span style=\"font-weight: 400;\">, <\/span><span style=\"font-weight: 400;\">remo<\/span><span style=\"font-weight: 400;\"> e <\/span><span style=\"font-weight: 400;\">ve<\/span><span style=\"font-weight: 400;\">l<\/span><span style=\"font-weight: 400;\">a<\/span><span style=\"font-weight: 400;\">.<\/span><\/p>\n<p><span style=\"font-weight: 400;\">Mar esverdeado com \u00e1guas claras, limpas e bem onduladas \u00e9 apropriado para os esportes aqu\u00e1ticos. Os surfistas adoram esta praia,mas \u00e9 importante saber que ela n\u00e3o \u00e9 acess\u00edvel por transporte p\u00fablico.<\/span><\/p>\n<p><span style=\"font-weight: 400;\">Em setembro de 2011 a Praia da Reserva passou a fazer parte do Parque Natural Municipal Barra da Tijuca Nelson Mandela, tornando-se uma Unidade de Conserva\u00e7\u00e3o.<\/span><\/p>\n<h2><span style=\"font-weight: 400;\">Praia do Recreio e do Pontal<\/span><\/h2>\n<div id=\"attachment_4419\" style=\"width: 1034px\" class=\"wp-caption alignnone\"><img loading=\"lazy\" decoding=\"async\" aria-describedby=\"caption-attachment-4419\" class=\"size-large wp-image-4419\" src=\"https:\/\/inbuzios.com.br\/blog\/wp-content\/uploads\/2020\/07\/recreio.cr\u00e9ditos.loucosporpraia-1024x768.jpg\" alt=\"\" width=\"1024\" height=\"768\" \/><p id=\"caption-attachment-4419\" class=\"wp-caption-text\">Foto: loucosporpraia<\/p><\/div>\n<p><span style=\"font-weight: 400;\">\u00c9 a maior e mais agitada praia do bairro Recreio dos Bandeirantes e possui ondas mais fortes e as \u00e1guas mais limpas do litoral carioca. Com cerca de 3km de extens\u00e3o, possui diversas escolas de surf e <\/span><span style=\"font-weight: 400;\">v\u00f4lei de<\/span> <span style=\"font-weight: 400;\">praia<\/span><span style=\"font-weight: 400;\">, sendo muito frequentada por surfistas e palco de muitos campeonatos de bodyboard.<\/span><\/p>\n<p><span style=\"font-weight: 400;\">Os pr\u00e9dios que ficam na frente da praia s\u00e3o limitados por lei a 3 andares, por isso o sol n\u00e3o \u00e9 bloqueado atr\u00e1s das grandes constru\u00e7\u00f5es. Seu limite vai da praia da <\/span><span style=\"font-weight: 400;\">Barra da Tijuca<\/span><span style=\"font-weight: 400;\"> at\u00e9 a pedra do Pontal. J\u00e1 a praia do Pontal (do outro lado da pedra) \u00e9 caracterizada por \u00e1guas mais calmas e pr\u00e9dios de gabarito mais alto localizados no pr\u00f3prio cal\u00e7ad\u00e3o da praia.\u00a0<\/span><\/p>\n<h2><span style=\"font-weight: 400;\">Praia da Macumba<\/span><\/h2>\n<div id=\"attachment_4417\" style=\"width: 1034px\" class=\"wp-caption alignnone\"><img loading=\"lazy\" decoding=\"async\" aria-describedby=\"caption-attachment-4417\" class=\"size-large wp-image-4417\" src=\"https:\/\/inbuzios.com.br\/blog\/wp-content\/uploads\/2020\/07\/macumba.Cr\u00e9ditos._BlogAt\u00e9OndeEuPuderIr-1024x768.jpg\" alt=\"\" width=\"1024\" height=\"768\" \/><p id=\"caption-attachment-4417\" class=\"wp-caption-text\">Foto: BlogAt\u00e9OndeEuPuderIr<\/p><\/div>\n<p><span style=\"font-weight: 400;\">A Praia da Macumba tem cerca de 1,3 km de extens\u00e3o, localiza-se entre a Prainha e a Praia do Pontal. A praia recebeu esse nome por ser um local onde adeptos da <\/span><span style=\"font-weight: 400;\">Umbanda<\/span><span style=\"font-weight: 400;\"> e do <\/span><span style=\"font-weight: 400;\">Candombl\u00e9<\/span><span style=\"font-weight: 400;\"> que tinham o h\u00e1bito de fazer despachos e trabalhos religiosos.<\/span><\/p>\n<p><span style=\"font-weight: 400;\">\u00c9 conhecida tamb\u00e9m como o para\u00edso dos <\/span><span style=\"font-weight: 400;\">surfistas<\/span><span style=\"font-weight: 400;\"> que utilizam <\/span><span style=\"font-weight: 400;\">longboard<\/span><span style=\"font-weight: 400;\"> devido \u00e0s suas ondas que oferecem condi\u00e7\u00f5es para o surf durante o ano todo.\u00a0<\/span><\/p>\n<h2><span style=\"font-weight: 400;\">V\u00e1 de Transfer dos aeroportos para o seu Hotel na Barra da Tijuca<\/span><\/h2>\n<div id=\"attachment_4423\" style=\"width: 1034px\" class=\"wp-caption alignnone\"><img loading=\"lazy\" decoding=\"async\" aria-describedby=\"caption-attachment-4423\" class=\"size-large wp-image-4423\" src=\"https:\/\/inbuzios.com.br\/blog\/wp-content\/uploads\/2020\/07\/van.jpg\" alt=\"\" width=\"1024\" height=\"702\" \/><p id=\"caption-attachment-4423\" class=\"wp-caption-text\">Foto: Acervo<\/p><\/div>\n<p><span style=\"font-weight: 400;\">Se voc\u00ea est\u00e1 indo passar f\u00e9rias no Rio de Janeiro e vai ficar hospedado na Barra da Tijuca, o Transfer da In B\u00fazios \u00e9 o transporte ideal para ir do aeroporto ao hotel. Trata-se de um transporte especializado em turismo, que pode ser compartilhado ou privativo, sendo uma forma mais barata e com certeza muito mais segura.<\/span><\/p>\n<p><span style=\"font-weight: 400;\">Os ve\u00edculos s\u00e3o equipados com ar condicionado, c\u00e2meras de seguran\u00e7a, rastreamento via sat\u00e9lite e wifi, o que garante muito mais conforto e seguran\u00e7a. As sa\u00eddas durante o dia s\u00e3o de hora em hora em servi\u00e7o regular e durante a madrugada \u00e9 ideal que voc\u00ea consulte os hor\u00e1rios antes de contratar.<\/span><\/p>\n<p><span style=\"font-weight: 400;\">Caso tenha d\u00favidas sobre esse servi\u00e7o, veja nosso artigo sobre os <\/span><a href=\"httpss:\/\/www.inbuzios.com\/blog\/15-beneficios-exclusivos-que-apenas-os-clientes-do-transfer-in-buzios-possuem\/\"><span style=\"font-weight: 400;\">15 benef\u00edcios exclusivos que apenas os clientes do Transfer In B\u00fazios possuem<\/span><\/a><span style=\"font-weight: 400;\">. <\/span><span style=\"font-weight: 400;\">Se quiser fazer sua reserva de transfer agora mesmo, clique <\/span><a href=\"httpss:\/\/www.inbuzios.com\/produto\/transfer-galeao-gig-x-hoteis-rio\"><span style=\"font-weight: 400;\">aqui<\/span><\/a><span style=\"font-weight: 400;\">.<\/span><\/p>\n<p><span style=\"font-weight: 400;\">Gostou desse post? N\u00e3o deixe de ler tamb\u00e9m a <a href=\"https:\/\/www.inbuzios.com\/blog\/do-leme-ao-pontal-conheca-as-praias-do-rio-de-janeiro-parte-1\/\">Parte 1<\/a> e <a href=\"https:\/\/www.inbuzios.com\/blog\/do-leme-ao-pontal-conheca-as-praias-do-rio-de-janeiro-parte-3\/\">Parte 3<\/a>, para saber sobre TODAS as praias do litoral carioca!<\/span><\/p>\n<p><span style=\"font-weight: 400;\">Leia tamb\u00e9m nosso artigo sobre a <\/span><a href=\"httpss:\/\/www.inbuzios.com\/blog\/lugares-para-conhecer-no-rio-lapa\/\"><span style=\"font-weight: 400;\">Lapa<\/span><\/a><span style=\"font-weight: 400;\"> e o <\/span><a href=\"httpss:\/\/www.inbuzios.com\/blog\/checklist-10-itens-que-precisam-ser-checados-antes-de-sair-para-suas-ferias\/\"><span style=\"font-weight: 400;\">checklist<\/span><\/a><span style=\"font-weight: 400;\"> que preparamos com tudo o que voc\u00ea precisa verificar antes de sair de f\u00e9rias! Aproveite e at\u00e9 a Parte 3!<\/span><\/p>\n<p>&nbsp;<\/p>\n","protected":false},"excerpt":{"rendered":"<p>Esta \u00e9 a segunda parte de uma s\u00e9rie de tr\u00eas artigos sobre as praias do Rio de Janeiro. Esperamos que j\u00e1 tenha lido o primeiro, mas, se n\u00e3o leu, n\u00e3o&#8230;<\/p>\n","protected":false},"author":1,"featured_media":4619,"comment_status":"open","ping_status":"open","sticky":false,"template":"","format":"standard","meta":{"_jetpack_memberships_contains_paid_content":false,"footnotes":""},"categories":[5],"tags":[18,39,61,83,96,97],"class_list":["post-4415","post","type-post","status-publish","format-standard","has-post-thumbnail","hentry","category-lugares-para-conhecer-no-rio-de-janeiro","tag-city-tour-no-rio-de-janeiro","tag-lugares-para-conhecer-no-rio","tag-passeios-pelo-rio-de-janeiro","tag-praias-do-rio-de-janeiro","tag-transfer-buzios","tag-transfer-regiao-dos-lagos"],"yoast_head":"<!-- This site is optimized with the Yoast SEO plugin v27.4 - https:\/\/yoast.com\/product\/yoast-seo-wordpress\/ -->\n<title>Do Leme ao Pontal: Conhe\u00e7a as praias do Rio de Janeiro (Parte 2) - In B\u00fazios<\/title>\n<meta name=\"robots\" content=\"index, follow, max-snippet:-1, max-image-preview:large, max-video-preview:-1\" \/>\n<link rel=\"canonical\" href=\"https:\/\/inbuzios.com.br\/blog\/2020\/02\/04\/do-leme-ao-pontal-conheca-as-praias-do-rio-de-janeiro-parte-2\/\" \/>\n<meta property=\"og:locale\" content=\"pt_BR\" \/>\n<meta property=\"og:type\" content=\"article\" \/>\n<meta property=\"og:title\" content=\"Do Leme ao Pontal: Conhe\u00e7a as praias do Rio de Janeiro (Parte 2) - In B\u00fazios\" \/>\n<meta property=\"og:description\" content=\"Esta \u00e9 a segunda parte de uma s\u00e9rie de tr\u00eas artigos sobre as praias do Rio de Janeiro. Esperamos que j\u00e1 tenha lido o primeiro, mas, se n\u00e3o leu, n\u00e3o...\" \/>\n<meta property=\"og:url\" content=\"https:\/\/inbuzios.com.br\/blog\/2020\/02\/04\/do-leme-ao-pontal-conheca-as-praias-do-rio-de-janeiro-parte-2\/\" \/>\n<meta property=\"og:site_name\" content=\"In B\u00fazios\" \/>\n<meta property=\"article:published_time\" content=\"2020-02-04T18:16:11+00:00\" \/>\n<meta property=\"article:modified_time\" content=\"2020-07-27T13:58:44+00:00\" \/>\n<meta property=\"og:image\" content=\"https:\/\/inbuzios.com.br\/blog\/wp-content\/uploads\/2020\/07\/recreio.google.jpg\" \/>\n\t<meta property=\"og:image:width\" content=\"1790\" \/>\n\t<meta property=\"og:image:height\" content=\"1000\" \/>\n\t<meta property=\"og:image:type\" content=\"image\/jpeg\" \/>\n<meta name=\"author\" content=\"admin\" \/>\n<meta name=\"twitter:card\" content=\"summary_large_image\" \/>\n<meta name=\"twitter:label1\" content=\"Escrito por\" \/>\n\t<meta name=\"twitter:data1\" content=\"admin\" \/>\n\t<meta name=\"twitter:label2\" content=\"Est. tempo de leitura\" \/>\n\t<meta name=\"twitter:data2\" content=\"6 minutos\" \/>\n<script type=\"application\/ld+json\" class=\"yoast-schema-graph\">{\"@context\":\"https:\\\/\\\/schema.org\",\"@graph\":[{\"@type\":\"Article\",\"@id\":\"https:\\\/\\\/inbuzios.com.br\\\/blog\\\/2020\\\/02\\\/04\\\/do-leme-ao-pontal-conheca-as-praias-do-rio-de-janeiro-parte-2\\\/#article\",\"isPartOf\":{\"@id\":\"https:\\\/\\\/inbuzios.com.br\\\/blog\\\/2020\\\/02\\\/04\\\/do-leme-ao-pontal-conheca-as-praias-do-rio-de-janeiro-parte-2\\\/\"},\"author\":{\"name\":\"admin\",\"@id\":\"https:\\\/\\\/inbuzios.com.br\\\/blog\\\/#\\\/schema\\\/person\\\/dbe01781c030a430fd9f84e28a8d6258\"},\"headline\":\"Do Leme ao Pontal: Conhe\u00e7a as praias do Rio de Janeiro (Parte 2)\",\"datePublished\":\"2020-02-04T18:16:11+00:00\",\"dateModified\":\"2020-07-27T13:58:44+00:00\",\"mainEntityOfPage\":{\"@id\":\"https:\\\/\\\/inbuzios.com.br\\\/blog\\\/2020\\\/02\\\/04\\\/do-leme-ao-pontal-conheca-as-praias-do-rio-de-janeiro-parte-2\\\/\"},\"wordCount\":1285,\"commentCount\":0,\"image\":{\"@id\":\"https:\\\/\\\/inbuzios.com.br\\\/blog\\\/2020\\\/02\\\/04\\\/do-leme-ao-pontal-conheca-as-praias-do-rio-de-janeiro-parte-2\\\/#primaryimage\"},\"thumbnailUrl\":\"https:\\\/\\\/inbuzios.com.br\\\/blog\\\/wp-content\\\/uploads\\\/2020\\\/07\\\/recreio.google.jpg\",\"keywords\":[\"city tour no rio de janeiro\",\"lugares para conhecer no rio\",\"passeios pelo rio de janeiro\",\"praias do rio de janeiro\",\"transfer b\u00fazios\",\"transfer regi\u00e3o dos lagos\"],\"articleSection\":[\"Lugares para conhecer no Rio de Janeiro\"],\"inLanguage\":\"pt-BR\",\"potentialAction\":[{\"@type\":\"CommentAction\",\"name\":\"Comment\",\"target\":[\"https:\\\/\\\/inbuzios.com.br\\\/blog\\\/2020\\\/02\\\/04\\\/do-leme-ao-pontal-conheca-as-praias-do-rio-de-janeiro-parte-2\\\/#respond\"]}]},{\"@type\":\"WebPage\",\"@id\":\"https:\\\/\\\/inbuzios.com.br\\\/blog\\\/2020\\\/02\\\/04\\\/do-leme-ao-pontal-conheca-as-praias-do-rio-de-janeiro-parte-2\\\/\",\"url\":\"https:\\\/\\\/inbuzios.com.br\\\/blog\\\/2020\\\/02\\\/04\\\/do-leme-ao-pontal-conheca-as-praias-do-rio-de-janeiro-parte-2\\\/\",\"name\":\"Do Leme ao Pontal: Conhe\u00e7a as praias do Rio de Janeiro (Parte 2) - In B\u00fazios\",\"isPartOf\":{\"@id\":\"https:\\\/\\\/inbuzios.com.br\\\/blog\\\/#website\"},\"primaryImageOfPage\":{\"@id\":\"https:\\\/\\\/inbuzios.com.br\\\/blog\\\/2020\\\/02\\\/04\\\/do-leme-ao-pontal-conheca-as-praias-do-rio-de-janeiro-parte-2\\\/#primaryimage\"},\"image\":{\"@id\":\"https:\\\/\\\/inbuzios.com.br\\\/blog\\\/2020\\\/02\\\/04\\\/do-leme-ao-pontal-conheca-as-praias-do-rio-de-janeiro-parte-2\\\/#primaryimage\"},\"thumbnailUrl\":\"https:\\\/\\\/inbuzios.com.br\\\/blog\\\/wp-content\\\/uploads\\\/2020\\\/07\\\/recreio.google.jpg\",\"datePublished\":\"2020-02-04T18:16:11+00:00\",\"dateModified\":\"2020-07-27T13:58:44+00:00\",\"author\":{\"@id\":\"https:\\\/\\\/inbuzios.com.br\\\/blog\\\/#\\\/schema\\\/person\\\/dbe01781c030a430fd9f84e28a8d6258\"},\"breadcrumb\":{\"@id\":\"https:\\\/\\\/inbuzios.com.br\\\/blog\\\/2020\\\/02\\\/04\\\/do-leme-ao-pontal-conheca-as-praias-do-rio-de-janeiro-parte-2\\\/#breadcrumb\"},\"inLanguage\":\"pt-BR\",\"potentialAction\":[{\"@type\":\"ReadAction\",\"target\":[\"https:\\\/\\\/inbuzios.com.br\\\/blog\\\/2020\\\/02\\\/04\\\/do-leme-ao-pontal-conheca-as-praias-do-rio-de-janeiro-parte-2\\\/\"]}]},{\"@type\":\"ImageObject\",\"inLanguage\":\"pt-BR\",\"@id\":\"https:\\\/\\\/inbuzios.com.br\\\/blog\\\/2020\\\/02\\\/04\\\/do-leme-ao-pontal-conheca-as-praias-do-rio-de-janeiro-parte-2\\\/#primaryimage\",\"url\":\"https:\\\/\\\/inbuzios.com.br\\\/blog\\\/wp-content\\\/uploads\\\/2020\\\/07\\\/recreio.google.jpg\",\"contentUrl\":\"https:\\\/\\\/inbuzios.com.br\\\/blog\\\/wp-content\\\/uploads\\\/2020\\\/07\\\/recreio.google.jpg\",\"width\":1790,\"height\":1000},{\"@type\":\"BreadcrumbList\",\"@id\":\"https:\\\/\\\/inbuzios.com.br\\\/blog\\\/2020\\\/02\\\/04\\\/do-leme-ao-pontal-conheca-as-praias-do-rio-de-janeiro-parte-2\\\/#breadcrumb\",\"itemListElement\":[{\"@type\":\"ListItem\",\"position\":1,\"name\":\"In\u00edcio\",\"item\":\"https:\\\/\\\/inbuzios.com.br\\\/blog\\\/\"},{\"@type\":\"ListItem\",\"position\":2,\"name\":\"Do Leme ao Pontal: Conhe\u00e7a as praias do Rio de Janeiro (Parte 2)\"}]},{\"@type\":\"WebSite\",\"@id\":\"https:\\\/\\\/inbuzios.com.br\\\/blog\\\/#website\",\"url\":\"https:\\\/\\\/inbuzios.com.br\\\/blog\\\/\",\"name\":\"In B\u00fazios\",\"description\":\"Turismo Receptivo\",\"potentialAction\":[{\"@type\":\"SearchAction\",\"target\":{\"@type\":\"EntryPoint\",\"urlTemplate\":\"https:\\\/\\\/inbuzios.com.br\\\/blog\\\/?s={search_term_string}\"},\"query-input\":{\"@type\":\"PropertyValueSpecification\",\"valueRequired\":true,\"valueName\":\"search_term_string\"}}],\"inLanguage\":\"pt-BR\"},{\"@type\":\"Person\",\"@id\":\"https:\\\/\\\/inbuzios.com.br\\\/blog\\\/#\\\/schema\\\/person\\\/dbe01781c030a430fd9f84e28a8d6258\",\"name\":\"admin\",\"image\":{\"@type\":\"ImageObject\",\"inLanguage\":\"pt-BR\",\"@id\":\"https:\\\/\\\/secure.gravatar.com\\\/avatar\\\/839a24fd6406768d30580b79b6ee2d0b018004c0661e5e4ce1c59db1389277ed?s=96&d=mm&r=g\",\"url\":\"https:\\\/\\\/secure.gravatar.com\\\/avatar\\\/839a24fd6406768d30580b79b6ee2d0b018004c0661e5e4ce1c59db1389277ed?s=96&d=mm&r=g\",\"contentUrl\":\"https:\\\/\\\/secure.gravatar.com\\\/avatar\\\/839a24fd6406768d30580b79b6ee2d0b018004c0661e5e4ce1c59db1389277ed?s=96&d=mm&r=g\",\"caption\":\"admin\"},\"sameAs\":[\"https:\\\/\\\/inbuzios.com.br\\\/blog\"],\"url\":\"https:\\\/\\\/inbuzios.com.br\\\/blog\\\/author\\\/admin\\\/\"}]}<\/script>\n<!-- \/ Yoast SEO plugin. -->","yoast_head_json":{"title":"Do Leme ao Pontal: Conhe\u00e7a as praias do Rio de Janeiro (Parte 2) - In B\u00fazios","robots":{"index":"index","follow":"follow","max-snippet":"max-snippet:-1","max-image-preview":"max-image-preview:large","max-video-preview":"max-video-preview:-1"},"canonical":"https:\/\/inbuzios.com.br\/blog\/2020\/02\/04\/do-leme-ao-pontal-conheca-as-praias-do-rio-de-janeiro-parte-2\/","og_locale":"pt_BR","og_type":"article","og_title":"Do Leme ao Pontal: Conhe\u00e7a as praias do Rio de Janeiro (Parte 2) - In B\u00fazios","og_description":"Esta \u00e9 a segunda parte de uma s\u00e9rie de tr\u00eas artigos sobre as praias do Rio de Janeiro. Esperamos que j\u00e1 tenha lido o primeiro, mas, se n\u00e3o leu, n\u00e3o...","og_url":"https:\/\/inbuzios.com.br\/blog\/2020\/02\/04\/do-leme-ao-pontal-conheca-as-praias-do-rio-de-janeiro-parte-2\/","og_site_name":"In B\u00fazios","article_published_time":"2020-02-04T18:16:11+00:00","article_modified_time":"2020-07-27T13:58:44+00:00","og_image":[{"width":1790,"height":1000,"url":"https:\/\/inbuzios.com.br\/blog\/wp-content\/uploads\/2020\/07\/recreio.google.jpg","type":"image\/jpeg"}],"author":"admin","twitter_card":"summary_large_image","twitter_misc":{"Escrito por":"admin","Est. tempo de leitura":"6 minutos"},"schema":{"@context":"https:\/\/schema.org","@graph":[{"@type":"Article","@id":"https:\/\/inbuzios.com.br\/blog\/2020\/02\/04\/do-leme-ao-pontal-conheca-as-praias-do-rio-de-janeiro-parte-2\/#article","isPartOf":{"@id":"https:\/\/inbuzios.com.br\/blog\/2020\/02\/04\/do-leme-ao-pontal-conheca-as-praias-do-rio-de-janeiro-parte-2\/"},"author":{"name":"admin","@id":"https:\/\/inbuzios.com.br\/blog\/#\/schema\/person\/dbe01781c030a430fd9f84e28a8d6258"},"headline":"Do Leme ao Pontal: Conhe\u00e7a as praias do Rio de Janeiro (Parte 2)","datePublished":"2020-02-04T18:16:11+00:00","dateModified":"2020-07-27T13:58:44+00:00","mainEntityOfPage":{"@id":"https:\/\/inbuzios.com.br\/blog\/2020\/02\/04\/do-leme-ao-pontal-conheca-as-praias-do-rio-de-janeiro-parte-2\/"},"wordCount":1285,"commentCount":0,"image":{"@id":"https:\/\/inbuzios.com.br\/blog\/2020\/02\/04\/do-leme-ao-pontal-conheca-as-praias-do-rio-de-janeiro-parte-2\/#primaryimage"},"thumbnailUrl":"https:\/\/inbuzios.com.br\/blog\/wp-content\/uploads\/2020\/07\/recreio.google.jpg","keywords":["city tour no rio de janeiro","lugares para conhecer no rio","passeios pelo rio de janeiro","praias do rio de janeiro","transfer b\u00fazios","transfer regi\u00e3o dos lagos"],"articleSection":["Lugares para conhecer no Rio de Janeiro"],"inLanguage":"pt-BR","potentialAction":[{"@type":"CommentAction","name":"Comment","target":["https:\/\/inbuzios.com.br\/blog\/2020\/02\/04\/do-leme-ao-pontal-conheca-as-praias-do-rio-de-janeiro-parte-2\/#respond"]}]},{"@type":"WebPage","@id":"https:\/\/inbuzios.com.br\/blog\/2020\/02\/04\/do-leme-ao-pontal-conheca-as-praias-do-rio-de-janeiro-parte-2\/","url":"https:\/\/inbuzios.com.br\/blog\/2020\/02\/04\/do-leme-ao-pontal-conheca-as-praias-do-rio-de-janeiro-parte-2\/","name":"Do Leme ao Pontal: Conhe\u00e7a as praias do Rio de Janeiro (Parte 2) - In B\u00fazios","isPartOf":{"@id":"https:\/\/inbuzios.com.br\/blog\/#website"},"primaryImageOfPage":{"@id":"https:\/\/inbuzios.com.br\/blog\/2020\/02\/04\/do-leme-ao-pontal-conheca-as-praias-do-rio-de-janeiro-parte-2\/#primaryimage"},"image":{"@id":"https:\/\/inbuzios.com.br\/blog\/2020\/02\/04\/do-leme-ao-pontal-conheca-as-praias-do-rio-de-janeiro-parte-2\/#primaryimage"},"thumbnailUrl":"https:\/\/inbuzios.com.br\/blog\/wp-content\/uploads\/2020\/07\/recreio.google.jpg","datePublished":"2020-02-04T18:16:11+00:00","dateModified":"2020-07-27T13:58:44+00:00","author":{"@id":"https:\/\/inbuzios.com.br\/blog\/#\/schema\/person\/dbe01781c030a430fd9f84e28a8d6258"},"breadcrumb":{"@id":"https:\/\/inbuzios.com.br\/blog\/2020\/02\/04\/do-leme-ao-pontal-conheca-as-praias-do-rio-de-janeiro-parte-2\/#breadcrumb"},"inLanguage":"pt-BR","potentialAction":[{"@type":"ReadAction","target":["https:\/\/inbuzios.com.br\/blog\/2020\/02\/04\/do-leme-ao-pontal-conheca-as-praias-do-rio-de-janeiro-parte-2\/"]}]},{"@type":"ImageObject","inLanguage":"pt-BR","@id":"https:\/\/inbuzios.com.br\/blog\/2020\/02\/04\/do-leme-ao-pontal-conheca-as-praias-do-rio-de-janeiro-parte-2\/#primaryimage","url":"https:\/\/inbuzios.com.br\/blog\/wp-content\/uploads\/2020\/07\/recreio.google.jpg","contentUrl":"https:\/\/inbuzios.com.br\/blog\/wp-content\/uploads\/2020\/07\/recreio.google.jpg","width":1790,"height":1000},{"@type":"BreadcrumbList","@id":"https:\/\/inbuzios.com.br\/blog\/2020\/02\/04\/do-leme-ao-pontal-conheca-as-praias-do-rio-de-janeiro-parte-2\/#breadcrumb","itemListElement":[{"@type":"ListItem","position":1,"name":"In\u00edcio","item":"https:\/\/inbuzios.com.br\/blog\/"},{"@type":"ListItem","position":2,"name":"Do Leme ao Pontal: Conhe\u00e7a as praias do Rio de Janeiro (Parte 2)"}]},{"@type":"WebSite","@id":"https:\/\/inbuzios.com.br\/blog\/#website","url":"https:\/\/inbuzios.com.br\/blog\/","name":"In B\u00fazios","description":"Turismo Receptivo","potentialAction":[{"@type":"SearchAction","target":{"@type":"EntryPoint","urlTemplate":"https:\/\/inbuzios.com.br\/blog\/?s={search_term_string}"},"query-input":{"@type":"PropertyValueSpecification","valueRequired":true,"valueName":"search_term_string"}}],"inLanguage":"pt-BR"},{"@type":"Person","@id":"https:\/\/inbuzios.com.br\/blog\/#\/schema\/person\/dbe01781c030a430fd9f84e28a8d6258","name":"admin","image":{"@type":"ImageObject","inLanguage":"pt-BR","@id":"https:\/\/secure.gravatar.com\/avatar\/839a24fd6406768d30580b79b6ee2d0b018004c0661e5e4ce1c59db1389277ed?s=96&d=mm&r=g","url":"https:\/\/secure.gravatar.com\/avatar\/839a24fd6406768d30580b79b6ee2d0b018004c0661e5e4ce1c59db1389277ed?s=96&d=mm&r=g","contentUrl":"https:\/\/secure.gravatar.com\/avatar\/839a24fd6406768d30580b79b6ee2d0b018004c0661e5e4ce1c59db1389277ed?s=96&d=mm&r=g","caption":"admin"},"sameAs":["https:\/\/inbuzios.com.br\/blog"],"url":"https:\/\/inbuzios.com.br\/blog\/author\/admin\/"}]}},"jetpack_featured_media_url":"https:\/\/inbuzios.com.br\/blog\/wp-content\/uploads\/2020\/07\/recreio.google.jpg","jetpack_sharing_enabled":true,"amp_enabled":true,"_links":{"self":[{"href":"https:\/\/inbuzios.com.br\/blog\/wp-json\/wp\/v2\/posts\/4415","targetHints":{"allow":["GET"]}}],"collection":[{"href":"https:\/\/inbuzios.com.br\/blog\/wp-json\/wp\/v2\/posts"}],"about":[{"href":"https:\/\/inbuzios.com.br\/blog\/wp-json\/wp\/v2\/types\/post"}],"author":[{"embeddable":true,"href":"https:\/\/inbuzios.com.br\/blog\/wp-json\/wp\/v2\/users\/1"}],"replies":[{"embeddable":true,"href":"https:\/\/inbuzios.com.br\/blog\/wp-json\/wp\/v2\/comments?post=4415"}],"version-history":[{"count":3,"href":"https:\/\/inbuzios.com.br\/blog\/wp-json\/wp\/v2\/posts\/4415\/revisions"}],"predecessor-version":[{"id":4706,"href":"https:\/\/inbuzios.com.br\/blog\/wp-json\/wp\/v2\/posts\/4415\/revisions\/4706"}],"wp:featuredmedia":[{"embeddable":true,"href":"https:\/\/inbuzios.com.br\/blog\/wp-json\/wp\/v2\/media\/4619"}],"wp:attachment":[{"href":"https:\/\/inbuzios.com.br\/blog\/wp-json\/wp\/v2\/media?parent=4415"}],"wp:term":[{"taxonomy":"category","embeddable":true,"href":"https:\/\/inbuzios.com.br\/blog\/wp-json\/wp\/v2\/categories?post=4415"},{"taxonomy":"post_tag","embeddable":true,"href":"https:\/\/inbuzios.com.br\/blog\/wp-json\/wp\/v2\/tags?post=4415"}],"curies":[{"name":"wp","href":"https:\/\/api.w.org\/{rel}","templated":true}]}}