{"id":4430,"date":"2020-03-12T22:30:48","date_gmt":"2020-03-12T22:30:48","guid":{"rendered":"http:\/\/www.inbuzios.com\/blog\/?p=4430"},"modified":"2020-07-27T13:51:18","modified_gmt":"2020-07-27T13:51:18","slug":"do-leme-ao-pontal-conheca-as-praias-do-rio-de-janeiro-parte-3","status":"publish","type":"post","link":"https:\/\/inbuzios.com.br\/blog\/2020\/03\/12\/do-leme-ao-pontal-conheca-as-praias-do-rio-de-janeiro-parte-3\/","title":{"rendered":"Do Leme ao Pontal: Conhe\u00e7a as praias do Rio de Janeiro (Parte 3)"},"content":{"rendered":"<p><span style=\"font-weight: 400;\">Este \u00e9 o terceiro de tr\u00eas artigos que preparamos especialmente para os nossos clientes contando um pouquinho de cada praia do Rio de Janeiro.<\/span><\/p>\n<p><span style=\"font-weight: 400;\">Em raz\u00e3o da quantidade de praias, dividimos em tr\u00eas partes para n\u00e3o ficar cansativo. Aqui, na parte 3, provavelmente \u00e9 onde voc\u00ea mais vai se surpreender, pois falamos de praias muito menos frequentadas, mas nem por isso menos bonitas. Algumas delas desconhecidas at\u00e9 mesmo dos cariocas!<\/span><\/p>\n<p><span style=\"font-weight: 400;\">Ent\u00e3o leia tudinho at\u00e9 o final e depois comente se voc\u00ea conhece ou j\u00e1 foi em alguma das praias que mencionamos aqui!\u00a0<\/span><\/p>\n<h2><span style=\"font-weight: 400;\">Praia do Secreto<\/span><\/h2>\n<div id=\"attachment_4437\" style=\"width: 1034px\" class=\"wp-caption alignnone\"><img loading=\"lazy\" decoding=\"async\" aria-describedby=\"caption-attachment-4437\" class=\"size-large wp-image-4437\" src=\"https:\/\/www.inbuzios.com.br\/blog\/wp-content\/uploads\/2020\/07\/praiadosecreto.google.jpg\" alt=\"\" width=\"1024\" height=\"576\" \/><p id=\"caption-attachment-4437\" class=\"wp-caption-text\">Foto: Google<\/p><\/div>\n<p><span style=\"font-weight: 400;\">A Praia do Secreto est\u00e1 localizada no canto direito da Praia da Macumba perto da subida da Prainha. \u00c9 um &#8220;pico&#8221; (ponto favor\u00e1vel a pr\u00e1tica do surf) famoso de <\/span><i><span style=\"font-weight: 400;\">bodyboard<\/span><\/i><span style=\"font-weight: 400;\"> e conhecido pelo seu &#8220;tri\u00e2ngulo de direita&#8221; (ondas que quebram da direita para esquerda que tem um formato de <\/span><span style=\"font-weight: 400;\">tri\u00e2ngulo<\/span><span style=\"font-weight: 400;\">). As melhores condi\u00e7\u00f5es para a pr\u00e1tica do <\/span><span style=\"font-weight: 400;\">Bodyboard<\/span><span style=\"font-weight: 400;\"> s\u00e3o quando a ondula\u00e7\u00e3o est\u00e1 de <\/span><span style=\"font-weight: 400;\">sul<\/span><span style=\"font-weight: 400;\"> e o vento terral (da terra para o <\/span><span style=\"font-weight: 400;\">mar<\/span><span style=\"font-weight: 400;\">).<\/span><\/p>\n<p><span style=\"font-weight: 400;\">Mas mesmo para quem n\u00e3o curte pegar ondas, as piscinas de pedras tamb\u00e9m s\u00e3o deliciosas simplesmente para mergulhar e relaxar no sol.<\/span><\/p>\n<h2><span style=\"font-weight: 400;\">Prainha<\/span><\/h2>\n<div id=\"attachment_4439\" style=\"width: 1034px\" class=\"wp-caption alignnone\"><img loading=\"lazy\" decoding=\"async\" aria-describedby=\"caption-attachment-4439\" class=\"size-large wp-image-4439\" src=\"https:\/\/www.inbuzios.com.br\/blog\/wp-content\/uploads\/2020\/07\/Prainha-RJ-Cr\u00e9ditos.TrilhasEAventuras-1024x576.jpg\" alt=\"\" width=\"1024\" height=\"576\" \/><p id=\"caption-attachment-4439\" class=\"wp-caption-text\">Foto: Trilhas E Aventuras<\/p><\/div>\n<p><span style=\"font-weight: 400;\">A Prainha \u00e9 uma joia carioca! Muito linda e muito disputada pelos surfistas, principalmente aos finais de semana, quando fica bem cheia.<\/span><\/p>\n<p><span style=\"font-weight: 400;\">Como o pr\u00f3prio nome j\u00e1 diz, a Prainha \u00e9 uma praia com pequenas dimens\u00f5es, aproximadamente 700 metros de estreita faixa de areia e est\u00e1 localizada entre o Recreio dos Bandeirantes e Grumari na zona Oeste da cidade.<\/span> <span style=\"font-weight: 400;\">Protegida pelos morros e pedras que a cercam e coberta pela abundante vegeta\u00e7\u00e3o de Mata Atl\u00e2ntica nativa, esta praia esconde uma beleza \u00fanica, com areias claras e \u00e1guas cristalinas.<\/span><\/p>\n<h2><span style=\"font-weight: 400;\">Praia de Abric\u00f3<\/span><\/h2>\n<div id=\"attachment_4436\" style=\"width: 1034px\" class=\"wp-caption alignnone\"><img loading=\"lazy\" decoding=\"async\" aria-describedby=\"caption-attachment-4436\" class=\"size-large wp-image-4436\" src=\"https:\/\/www.inbuzios.com.br\/blog\/wp-content\/uploads\/2020\/07\/Praia_de_Abrico-Creditos.guia99Praia-1024x767.jpg\" alt=\"\" width=\"1024\" height=\"767\" \/><p id=\"caption-attachment-4436\" class=\"wp-caption-text\">Foto: guia 99 Praia<\/p><\/div>\n<p><span style=\"font-weight: 400;\">A Praia de Abric\u00f3 \u00e9 a \u00fanica praia destinada \u00e0 pr\u00e1tica de naturismo da cidade do Rio de Janeiro. <\/span><span style=\"font-weight: 400;\">Est\u00e1 localizada dentro do Parque <\/span><span style=\"font-weight: 400;\">Municipal de Grumari, numa \u00e1rea de prote\u00e7\u00e3o ambiental, tamb\u00e9m na Zona Oeste da cidade, na Barra da Tijuca.<\/span><\/p>\n<p><span style=\"font-weight: 400;\">Uma praia considerada bastante tranquila, tem 1.5 km de extens\u00e3o de muito verde e montanhas que contrastam com o mar e formam um cen\u00e1rio maravilhoso para relaxar.<\/span><\/p>\n<p><span style=\"font-weight: 400;\">Aos s\u00e1bados, domingos e feriados n\u00e3o chuvosos a nudez se faz necess\u00e1ria para todos os frequentadores da Praia de Abric\u00f3, inclusive para vendedores ambulantes e fixos. Nos demais dias da semana o uso de roupas \u00e9 opcional, por\u00e9m n\u00e3o recomendado.<\/span><\/p>\n<h2><span style=\"font-weight: 400;\">Grumari<\/span><\/h2>\n<div id=\"attachment_4433\" style=\"width: 1034px\" class=\"wp-caption alignnone\"><img loading=\"lazy\" decoding=\"async\" aria-describedby=\"caption-attachment-4433\" class=\"size-large wp-image-4433\" src=\"https:\/\/www.inbuzios.com.br\/blog\/wp-content\/uploads\/2020\/07\/Grumari.Creditos.FabioDoria-1024x589.jpg\" alt=\"\" width=\"1024\" height=\"589\" \/><p id=\"caption-attachment-4433\" class=\"wp-caption-text\">Foto: Fabio Doria<\/p><\/div>\n<p><span style=\"font-weight: 400;\">Com aproximadamente 2.5 km de extens\u00e3o, a Praia do Grumari fica em uma reserva ambiental e por isso sua natureza \u00e9 bastante preservada e incrivelmente admirada n\u00e3o s\u00f3 pelos visitantes da cidade mas tamb\u00e9m pelos pr\u00f3prios moradores.<\/span><\/p>\n<p><span style=\"font-weight: 400;\">Seu mar de \u00e1guas limpas e transparentes tem uma cor que fica entre o azul e verde. As areias s\u00e3o douradas e limpas. O mar com pequenas ondas \u00e9 prop\u00edcio para surf, bodyboard e esportes aqu\u00e1ticos em geral, mas no rasinho d\u00e1 pra se banhar sem medo. A sua orla \u00e9 cercada por vegeta\u00e7\u00e3o de restinga e casuarinas.<\/span><\/p>\n<h2><span style=\"font-weight: 400;\">Praia do Inferno\u00a0<\/span><\/h2>\n<div id=\"attachment_4441\" style=\"width: 908px\" class=\"wp-caption alignnone\"><img loading=\"lazy\" decoding=\"async\" aria-describedby=\"caption-attachment-4441\" class=\"size-full wp-image-4441\" src=\"https:\/\/www.inbuzios.com.br\/blog\/wp-content\/uploads\/2020\/07\/WhatsApp_Image_2020-02-07_at_12.46.37.jpeg.jpg\" alt=\"\" width=\"898\" height=\"712\" \/><p id=\"caption-attachment-4441\" class=\"wp-caption-text\">Foto: Google<\/p><\/div>\n<p><span style=\"font-weight: 400;\">A Praia do Inferno \u00e9 a primeira de cinco praias conhecidas como \u201cAs praias selvagens do Rio de Janeiro\u201d, sendo as demais as Praias Funda, do Meio, do Perigoso e dos B\u00fazios (as pr\u00f3ximas deste artigo).<\/span><\/p>\n<p><span style=\"font-weight: 400;\">Elas s\u00e3o assim chamadas em raz\u00e3o de ainda possu\u00edrem natureza intoc\u00e1vel, al\u00e9m de serem acess\u00edveis somente pelo mar ou por trilha. A trilha para todas essas praias come\u00e7a no final da rua principal de Barra de Guaratiba e h\u00e1 duas op\u00e7\u00f5es, pelo meio da praia e pelo final da praia. Recomendamos mais a trilha do meio da praia, que \u00e9 a que d\u00e1 acesso \u00e0 Pedra do Tel\u00e9grafo, da foto de capa!<\/span><\/p>\n<p><span style=\"font-weight: 400;\">A beleza da Praia do Inferno realmente impressiona. S\u00e3o cerca de 200m de areia cercada por pared\u00f5es de pedras e mata e as suas \u00e1guas s\u00e3o agitadas e azuis. Al\u00e9m disso, por ser a mais afastada \u00e9 a mais vazia de todas. Vale muito a pena conhecer!<\/span><\/p>\n<h2><span style=\"font-weight: 400;\">Praia Funda<\/span><\/h2>\n<div id=\"attachment_4438\" style=\"width: 1034px\" class=\"wp-caption alignnone\"><img loading=\"lazy\" decoding=\"async\" aria-describedby=\"caption-attachment-4438\" class=\"size-large wp-image-4438\" src=\"https:\/\/www.inbuzios.com.br\/blog\/wp-content\/uploads\/2020\/07\/PraiaFunda.Cr\u00e9ditos.ViajeiBonito-1024x683.jpg\" alt=\"\" width=\"1024\" height=\"683\" \/><p id=\"caption-attachment-4438\" class=\"wp-caption-text\">Foto: Viajei Bonito<\/p><\/div>\n<p><span style=\"font-weight: 400;\">A Praia Funda fica a mais ou menos 300m da Praia do Inferno e bem pertinho dela est\u00e1 a Pedra da Lua, que leva esse nome por ser uma forma\u00e7\u00e3o rochosa cheia de crateras. S\u00e3o cerca de 300m de praia, tamb\u00e9m cercada com pared\u00f5es de pedras e mata, bem parecida com a anterior e igualmente linda.<\/span><\/p>\n<h2><span style=\"font-weight: 400;\">Praia do Meio<\/span><\/h2>\n<div id=\"attachment_4449\" style=\"width: 1034px\" class=\"wp-caption alignnone\"><img loading=\"lazy\" decoding=\"async\" aria-describedby=\"caption-attachment-4449\" class=\"size-large wp-image-4449\" src=\"https:\/\/www.inbuzios.com.br\/blog\/wp-content\/uploads\/2020\/07\/Praiadomeio.-1024x678.jpeg\" alt=\"\" width=\"1024\" height=\"678\" \/><p id=\"caption-attachment-4449\" class=\"wp-caption-text\">Foto: Ciclo Vivo<\/p><\/div>\n<p><span style=\"font-weight: 400;\">Com mais cerca de 500m de caminhada, chegamos \u00e0 Praia do meio. S\u00e3o 350m de extens\u00e3o de areia, o que faz dela a maior das cinco praias selvagens. A chegada \u00e0 essa praia \u00e9 um pouco mais complicada, pois \u00e9 necess\u00e1rio descer\/subir por um pared\u00e3o de pedra com uma corda, sendo dif\u00edcil para pessoas que tenham alguma limita\u00e7\u00e3o f\u00edsica mais importante.<\/span><\/p>\n<h2><span style=\"font-weight: 400;\">Praia do Perigoso<\/span><\/h2>\n<div id=\"attachment_4434\" style=\"width: 1034px\" class=\"wp-caption alignnone\"><img loading=\"lazy\" decoding=\"async\" aria-describedby=\"caption-attachment-4434\" class=\"size-large wp-image-4434\" src=\"https:\/\/www.inbuzios.com.br\/blog\/wp-content\/uploads\/2020\/07\/Praia.Perigoso.google.jpg\" alt=\"\" width=\"1024\" height=\"768\" \/><p id=\"caption-attachment-4434\" class=\"wp-caption-text\">Foto: Google<\/p><\/div>\n<p><span style=\"font-weight: 400;\">A Praia do Perigoso tem somente 150m de extens\u00e3o e tem \u00e1guas bem mais tranquilas do que as anteriores. O acesso tamb\u00e9m \u00e9 mais f\u00e1cil, pois ela fica mais pr\u00f3xima da civiliza\u00e7\u00e3o. Por isso costuma ficar mais movimentada aos finais de semana.<\/span><\/p>\n<p><span style=\"font-weight: 400;\">Ela fica aos p\u00e9s da Pedra da Tartaruga, essa forma\u00e7\u00e3o rochosa de 98m de altura, respons\u00e1vel por dividir duas praias. Subindo na Pedra da Tartaruga, \u00e0 esquerda est\u00e1 a trilha para a Praia do Perigoso, e, \u00e0 direita, a Praia dos B\u00fazios.<\/span><\/p>\n<h2><span style=\"font-weight: 400;\">Praia dos B\u00fazios<\/span><\/h2>\n<div id=\"attachment_4435\" style=\"width: 1034px\" class=\"wp-caption alignnone\"><img loading=\"lazy\" decoding=\"async\" aria-describedby=\"caption-attachment-4435\" class=\"size-large wp-image-4435\" src=\"https:\/\/www.inbuzios.com.br\/blog\/wp-content\/uploads\/2020\/07\/Praia_das_conchas._Creditos.SagaTranscarioca.jpg\" alt=\"\" width=\"1024\" height=\"768\" \/><p id=\"caption-attachment-4435\" class=\"wp-caption-text\">Foto: .Saga Transcarioca<\/p><\/div>\n<p><span style=\"font-weight: 400;\">A Praia dos B\u00fazios, tamb\u00e9m chamada de Praia das Conchas, quase n\u00e3o pode ser considerada praia, j\u00e1 que toda a sua faixa de areia \u00e9 toda cheia de pedras, como mostra a imagem acima. Mesmo assim, \u00e9 uma paisagem bonita que vale ao menos umas fotos.<\/span><\/p>\n<h2><span style=\"font-weight: 400;\">Aproveite ainda mais com a In B\u00fazios &#8211; Sua ag\u00eancia de Turismo no Rio de Janeiro<\/span><\/h2>\n<p><span style=\"font-weight: 400;\">A In B\u00fazios tamb\u00e9m \u00e9 sua ag\u00eancia de Turismo no Rio de Janeiro. Transporte especializado em turismo, Passeios e transfers regulares ou privativos, fretamento de ve\u00edculos e guias bil\u00edngues prontos para te levar para explorar os melhores pontos tur\u00edsticos do Rio.<\/span><\/p>\n<p><span style=\"font-weight: 400;\">Aproveite sua viagem ao Rio e passe uns dias em B\u00fazios! Acesse nosso site <\/span><a href=\"https:\/\/www.inbuzios.com.br\"><span style=\"font-weight: 400;\">w<\/span><span style=\"font-weight: 400;\">ww.inbuzios.com<\/span><\/a><span style=\"font-weight: 400;\"> e consulte-nos para transfers, passeios e hospedagens.<\/span><\/p>\n<p><span style=\"font-weight: 400;\">N\u00e3o deixe conferir tamb\u00e9m a <\/span><a href=\"https:\/\/www.inbuzios.com.br\/blog\/do-leme-ao-pontal-conheca-as-praias-do-rio-de-janeiro-parte-1\/\"><span style=\"font-weight: 400;\">Parte 1<\/span><\/a><span style=\"font-weight: 400;\"> e a <\/span><a href=\"https:\/\/www.inbuzios.com.br\/blog\/do-leme-ao-pontal-conheca-as-praias-do-rio-de-janeiro-parte-2\/\"><span style=\"font-weight: 400;\">Parte 2<\/span><\/a><span style=\"font-weight: 400;\"> dos artigos sobre as Praias do Rio de Janeiro. E, para um passeio pela cidade, aproveite para conferir tamb\u00e9m o nosso post sobre a <\/span><a href=\"https:\/\/www.inbuzios.com.br\/blog\/lugares-para-conhecer-no-rio-lapa\/\"><span style=\"font-weight: 400;\">Lapa<\/span><\/a><span style=\"font-weight: 400;\">.<\/span><\/p>\n<p><span style=\"font-weight: 400;\">Continue acompanhando nosso blog, pois muitos artigos legais ainda v\u00eam por a\u00ed!!\u00a0<\/span><\/p>\n<div id=\"attachment_4431\" style=\"width: 1034px\" class=\"wp-caption alignnone\"><img loading=\"lazy\" decoding=\"async\" aria-describedby=\"caption-attachment-4431\" class=\"size-large wp-image-4431\" src=\"https:\/\/www.inbuzios.com.br\/blog\/wp-content\/uploads\/2020\/07\/79142846_2606890732723727_299786861834928128_o-1024x379.jpg\" alt=\"\" width=\"1024\" height=\"379\" \/><p id=\"caption-attachment-4431\" class=\"wp-caption-text\">Foto: Acervo<\/p><\/div>\n","protected":false},"excerpt":{"rendered":"<p>Este \u00e9 o terceiro de tr\u00eas artigos que preparamos especialmente para os nossos clientes contando um pouquinho de cada praia do Rio de Janeiro. Em raz\u00e3o da quantidade de praias,&#8230;<\/p>\n","protected":false},"author":1,"featured_media":4499,"comment_status":"open","ping_status":"open","sticky":false,"template":"","format":"standard","meta":{"_jetpack_memberships_contains_paid_content":false,"footnotes":""},"categories":[5],"tags":[18,39,61,62,83,96,97,98],"class_list":["post-4430","post","type-post","status-publish","format-standard","has-post-thumbnail","hentry","category-lugares-para-conhecer-no-rio-de-janeiro","tag-city-tour-no-rio-de-janeiro","tag-lugares-para-conhecer-no-rio","tag-passeios-pelo-rio-de-janeiro","tag-passeios-regiao-dos-lagos","tag-praias-do-rio-de-janeiro","tag-transfer-buzios","tag-transfer-regiao-dos-lagos","tag-transfer-rioxbuzios"],"yoast_head":"<!-- This site is optimized with the Yoast SEO plugin v27.4 - https:\/\/yoast.com\/product\/yoast-seo-wordpress\/ -->\n<title>Do Leme ao Pontal: Conhe\u00e7a as praias do Rio de Janeiro (Parte 3) - In B\u00fazios<\/title>\n<meta name=\"robots\" content=\"index, follow, max-snippet:-1, max-image-preview:large, max-video-preview:-1\" \/>\n<link rel=\"canonical\" href=\"https:\/\/inbuzios.com.br\/blog\/2020\/03\/12\/do-leme-ao-pontal-conheca-as-praias-do-rio-de-janeiro-parte-3\/\" \/>\n<meta property=\"og:locale\" content=\"pt_BR\" \/>\n<meta property=\"og:type\" content=\"article\" \/>\n<meta property=\"og:title\" content=\"Do Leme ao Pontal: Conhe\u00e7a as praias do Rio de Janeiro (Parte 3) - In B\u00fazios\" \/>\n<meta property=\"og:description\" content=\"Este \u00e9 o terceiro de tr\u00eas artigos que preparamos especialmente para os nossos clientes contando um pouquinho de cada praia do Rio de Janeiro. Em raz\u00e3o da quantidade de praias,...\" \/>\n<meta property=\"og:url\" content=\"https:\/\/inbuzios.com.br\/blog\/2020\/03\/12\/do-leme-ao-pontal-conheca-as-praias-do-rio-de-janeiro-parte-3\/\" \/>\n<meta property=\"og:site_name\" content=\"In B\u00fazios\" \/>\n<meta property=\"article:published_time\" content=\"2020-03-12T22:30:48+00:00\" \/>\n<meta property=\"article:modified_time\" content=\"2020-07-27T13:51:18+00:00\" \/>\n<meta property=\"og:image\" content=\"https:\/\/inbuzios.com.br\/blog\/wp-content\/uploads\/2020\/07\/Arpoador._Cr\u00e9ditos._Rodrigo_Soldon.jpg\" \/>\n\t<meta property=\"og:image:width\" content=\"1024\" \/>\n\t<meta property=\"og:image:height\" content=\"678\" \/>\n\t<meta property=\"og:image:type\" content=\"image\/jpeg\" \/>\n<meta name=\"author\" content=\"admin\" \/>\n<meta name=\"twitter:card\" content=\"summary_large_image\" \/>\n<meta name=\"twitter:label1\" content=\"Escrito por\" \/>\n\t<meta name=\"twitter:data1\" content=\"admin\" \/>\n\t<meta name=\"twitter:label2\" content=\"Est. tempo de leitura\" \/>\n\t<meta name=\"twitter:data2\" content=\"6 minutos\" \/>\n<script type=\"application\/ld+json\" class=\"yoast-schema-graph\">{\"@context\":\"https:\\\/\\\/schema.org\",\"@graph\":[{\"@type\":\"Article\",\"@id\":\"https:\\\/\\\/inbuzios.com.br\\\/blog\\\/2020\\\/03\\\/12\\\/do-leme-ao-pontal-conheca-as-praias-do-rio-de-janeiro-parte-3\\\/#article\",\"isPartOf\":{\"@id\":\"https:\\\/\\\/inbuzios.com.br\\\/blog\\\/2020\\\/03\\\/12\\\/do-leme-ao-pontal-conheca-as-praias-do-rio-de-janeiro-parte-3\\\/\"},\"author\":{\"name\":\"admin\",\"@id\":\"https:\\\/\\\/inbuzios.com.br\\\/blog\\\/#\\\/schema\\\/person\\\/dbe01781c030a430fd9f84e28a8d6258\"},\"headline\":\"Do Leme ao Pontal: Conhe\u00e7a as praias do Rio de Janeiro (Parte 3)\",\"datePublished\":\"2020-03-12T22:30:48+00:00\",\"dateModified\":\"2020-07-27T13:51:18+00:00\",\"mainEntityOfPage\":{\"@id\":\"https:\\\/\\\/inbuzios.com.br\\\/blog\\\/2020\\\/03\\\/12\\\/do-leme-ao-pontal-conheca-as-praias-do-rio-de-janeiro-parte-3\\\/\"},\"wordCount\":1204,\"commentCount\":0,\"image\":{\"@id\":\"https:\\\/\\\/inbuzios.com.br\\\/blog\\\/2020\\\/03\\\/12\\\/do-leme-ao-pontal-conheca-as-praias-do-rio-de-janeiro-parte-3\\\/#primaryimage\"},\"thumbnailUrl\":\"https:\\\/\\\/inbuzios.com.br\\\/blog\\\/wp-content\\\/uploads\\\/2020\\\/07\\\/Arpoador._Cr\u00e9ditos._Rodrigo_Soldon.jpg\",\"keywords\":[\"city tour no rio de janeiro\",\"lugares para conhecer no rio\",\"passeios pelo rio de janeiro\",\"passeios regi\u00e3o dos lagos\",\"praias do rio de janeiro\",\"transfer b\u00fazios\",\"transfer regi\u00e3o dos lagos\",\"transfer rioxbuzios\"],\"articleSection\":[\"Lugares para conhecer no Rio de Janeiro\"],\"inLanguage\":\"pt-BR\",\"potentialAction\":[{\"@type\":\"CommentAction\",\"name\":\"Comment\",\"target\":[\"https:\\\/\\\/inbuzios.com.br\\\/blog\\\/2020\\\/03\\\/12\\\/do-leme-ao-pontal-conheca-as-praias-do-rio-de-janeiro-parte-3\\\/#respond\"]}]},{\"@type\":\"WebPage\",\"@id\":\"https:\\\/\\\/inbuzios.com.br\\\/blog\\\/2020\\\/03\\\/12\\\/do-leme-ao-pontal-conheca-as-praias-do-rio-de-janeiro-parte-3\\\/\",\"url\":\"https:\\\/\\\/inbuzios.com.br\\\/blog\\\/2020\\\/03\\\/12\\\/do-leme-ao-pontal-conheca-as-praias-do-rio-de-janeiro-parte-3\\\/\",\"name\":\"Do Leme ao Pontal: Conhe\u00e7a as praias do Rio de Janeiro (Parte 3) - In B\u00fazios\",\"isPartOf\":{\"@id\":\"https:\\\/\\\/inbuzios.com.br\\\/blog\\\/#website\"},\"primaryImageOfPage\":{\"@id\":\"https:\\\/\\\/inbuzios.com.br\\\/blog\\\/2020\\\/03\\\/12\\\/do-leme-ao-pontal-conheca-as-praias-do-rio-de-janeiro-parte-3\\\/#primaryimage\"},\"image\":{\"@id\":\"https:\\\/\\\/inbuzios.com.br\\\/blog\\\/2020\\\/03\\\/12\\\/do-leme-ao-pontal-conheca-as-praias-do-rio-de-janeiro-parte-3\\\/#primaryimage\"},\"thumbnailUrl\":\"https:\\\/\\\/inbuzios.com.br\\\/blog\\\/wp-content\\\/uploads\\\/2020\\\/07\\\/Arpoador._Cr\u00e9ditos._Rodrigo_Soldon.jpg\",\"datePublished\":\"2020-03-12T22:30:48+00:00\",\"dateModified\":\"2020-07-27T13:51:18+00:00\",\"author\":{\"@id\":\"https:\\\/\\\/inbuzios.com.br\\\/blog\\\/#\\\/schema\\\/person\\\/dbe01781c030a430fd9f84e28a8d6258\"},\"breadcrumb\":{\"@id\":\"https:\\\/\\\/inbuzios.com.br\\\/blog\\\/2020\\\/03\\\/12\\\/do-leme-ao-pontal-conheca-as-praias-do-rio-de-janeiro-parte-3\\\/#breadcrumb\"},\"inLanguage\":\"pt-BR\",\"potentialAction\":[{\"@type\":\"ReadAction\",\"target\":[\"https:\\\/\\\/inbuzios.com.br\\\/blog\\\/2020\\\/03\\\/12\\\/do-leme-ao-pontal-conheca-as-praias-do-rio-de-janeiro-parte-3\\\/\"]}]},{\"@type\":\"ImageObject\",\"inLanguage\":\"pt-BR\",\"@id\":\"https:\\\/\\\/inbuzios.com.br\\\/blog\\\/2020\\\/03\\\/12\\\/do-leme-ao-pontal-conheca-as-praias-do-rio-de-janeiro-parte-3\\\/#primaryimage\",\"url\":\"https:\\\/\\\/inbuzios.com.br\\\/blog\\\/wp-content\\\/uploads\\\/2020\\\/07\\\/Arpoador._Cr\u00e9ditos._Rodrigo_Soldon.jpg\",\"contentUrl\":\"https:\\\/\\\/inbuzios.com.br\\\/blog\\\/wp-content\\\/uploads\\\/2020\\\/07\\\/Arpoador._Cr\u00e9ditos._Rodrigo_Soldon.jpg\",\"width\":1024,\"height\":678},{\"@type\":\"BreadcrumbList\",\"@id\":\"https:\\\/\\\/inbuzios.com.br\\\/blog\\\/2020\\\/03\\\/12\\\/do-leme-ao-pontal-conheca-as-praias-do-rio-de-janeiro-parte-3\\\/#breadcrumb\",\"itemListElement\":[{\"@type\":\"ListItem\",\"position\":1,\"name\":\"In\u00edcio\",\"item\":\"https:\\\/\\\/inbuzios.com.br\\\/blog\\\/\"},{\"@type\":\"ListItem\",\"position\":2,\"name\":\"Do Leme ao Pontal: Conhe\u00e7a as praias do Rio de Janeiro (Parte 3)\"}]},{\"@type\":\"WebSite\",\"@id\":\"https:\\\/\\\/inbuzios.com.br\\\/blog\\\/#website\",\"url\":\"https:\\\/\\\/inbuzios.com.br\\\/blog\\\/\",\"name\":\"In B\u00fazios\",\"description\":\"Turismo Receptivo\",\"potentialAction\":[{\"@type\":\"SearchAction\",\"target\":{\"@type\":\"EntryPoint\",\"urlTemplate\":\"https:\\\/\\\/inbuzios.com.br\\\/blog\\\/?s={search_term_string}\"},\"query-input\":{\"@type\":\"PropertyValueSpecification\",\"valueRequired\":true,\"valueName\":\"search_term_string\"}}],\"inLanguage\":\"pt-BR\"},{\"@type\":\"Person\",\"@id\":\"https:\\\/\\\/inbuzios.com.br\\\/blog\\\/#\\\/schema\\\/person\\\/dbe01781c030a430fd9f84e28a8d6258\",\"name\":\"admin\",\"image\":{\"@type\":\"ImageObject\",\"inLanguage\":\"pt-BR\",\"@id\":\"https:\\\/\\\/secure.gravatar.com\\\/avatar\\\/839a24fd6406768d30580b79b6ee2d0b018004c0661e5e4ce1c59db1389277ed?s=96&d=mm&r=g\",\"url\":\"https:\\\/\\\/secure.gravatar.com\\\/avatar\\\/839a24fd6406768d30580b79b6ee2d0b018004c0661e5e4ce1c59db1389277ed?s=96&d=mm&r=g\",\"contentUrl\":\"https:\\\/\\\/secure.gravatar.com\\\/avatar\\\/839a24fd6406768d30580b79b6ee2d0b018004c0661e5e4ce1c59db1389277ed?s=96&d=mm&r=g\",\"caption\":\"admin\"},\"sameAs\":[\"https:\\\/\\\/inbuzios.com.br\\\/blog\"],\"url\":\"https:\\\/\\\/inbuzios.com.br\\\/blog\\\/author\\\/admin\\\/\"}]}<\/script>\n<!-- \/ Yoast SEO plugin. -->","yoast_head_json":{"title":"Do Leme ao Pontal: Conhe\u00e7a as praias do Rio de Janeiro (Parte 3) - In B\u00fazios","robots":{"index":"index","follow":"follow","max-snippet":"max-snippet:-1","max-image-preview":"max-image-preview:large","max-video-preview":"max-video-preview:-1"},"canonical":"https:\/\/inbuzios.com.br\/blog\/2020\/03\/12\/do-leme-ao-pontal-conheca-as-praias-do-rio-de-janeiro-parte-3\/","og_locale":"pt_BR","og_type":"article","og_title":"Do Leme ao Pontal: Conhe\u00e7a as praias do Rio de Janeiro (Parte 3) - In B\u00fazios","og_description":"Este \u00e9 o terceiro de tr\u00eas artigos que preparamos especialmente para os nossos clientes contando um pouquinho de cada praia do Rio de Janeiro. Em raz\u00e3o da quantidade de praias,...","og_url":"https:\/\/inbuzios.com.br\/blog\/2020\/03\/12\/do-leme-ao-pontal-conheca-as-praias-do-rio-de-janeiro-parte-3\/","og_site_name":"In B\u00fazios","article_published_time":"2020-03-12T22:30:48+00:00","article_modified_time":"2020-07-27T13:51:18+00:00","og_image":[{"width":1024,"height":678,"url":"https:\/\/inbuzios.com.br\/blog\/wp-content\/uploads\/2020\/07\/Arpoador._Cr\u00e9ditos._Rodrigo_Soldon.jpg","type":"image\/jpeg"}],"author":"admin","twitter_card":"summary_large_image","twitter_misc":{"Escrito por":"admin","Est. tempo de leitura":"6 minutos"},"schema":{"@context":"https:\/\/schema.org","@graph":[{"@type":"Article","@id":"https:\/\/inbuzios.com.br\/blog\/2020\/03\/12\/do-leme-ao-pontal-conheca-as-praias-do-rio-de-janeiro-parte-3\/#article","isPartOf":{"@id":"https:\/\/inbuzios.com.br\/blog\/2020\/03\/12\/do-leme-ao-pontal-conheca-as-praias-do-rio-de-janeiro-parte-3\/"},"author":{"name":"admin","@id":"https:\/\/inbuzios.com.br\/blog\/#\/schema\/person\/dbe01781c030a430fd9f84e28a8d6258"},"headline":"Do Leme ao Pontal: Conhe\u00e7a as praias do Rio de Janeiro (Parte 3)","datePublished":"2020-03-12T22:30:48+00:00","dateModified":"2020-07-27T13:51:18+00:00","mainEntityOfPage":{"@id":"https:\/\/inbuzios.com.br\/blog\/2020\/03\/12\/do-leme-ao-pontal-conheca-as-praias-do-rio-de-janeiro-parte-3\/"},"wordCount":1204,"commentCount":0,"image":{"@id":"https:\/\/inbuzios.com.br\/blog\/2020\/03\/12\/do-leme-ao-pontal-conheca-as-praias-do-rio-de-janeiro-parte-3\/#primaryimage"},"thumbnailUrl":"https:\/\/inbuzios.com.br\/blog\/wp-content\/uploads\/2020\/07\/Arpoador._Cr\u00e9ditos._Rodrigo_Soldon.jpg","keywords":["city tour no rio de janeiro","lugares para conhecer no rio","passeios pelo rio de janeiro","passeios regi\u00e3o dos lagos","praias do rio de janeiro","transfer b\u00fazios","transfer regi\u00e3o dos lagos","transfer rioxbuzios"],"articleSection":["Lugares para conhecer no Rio de Janeiro"],"inLanguage":"pt-BR","potentialAction":[{"@type":"CommentAction","name":"Comment","target":["https:\/\/inbuzios.com.br\/blog\/2020\/03\/12\/do-leme-ao-pontal-conheca-as-praias-do-rio-de-janeiro-parte-3\/#respond"]}]},{"@type":"WebPage","@id":"https:\/\/inbuzios.com.br\/blog\/2020\/03\/12\/do-leme-ao-pontal-conheca-as-praias-do-rio-de-janeiro-parte-3\/","url":"https:\/\/inbuzios.com.br\/blog\/2020\/03\/12\/do-leme-ao-pontal-conheca-as-praias-do-rio-de-janeiro-parte-3\/","name":"Do Leme ao Pontal: Conhe\u00e7a as praias do Rio de Janeiro (Parte 3) - In B\u00fazios","isPartOf":{"@id":"https:\/\/inbuzios.com.br\/blog\/#website"},"primaryImageOfPage":{"@id":"https:\/\/inbuzios.com.br\/blog\/2020\/03\/12\/do-leme-ao-pontal-conheca-as-praias-do-rio-de-janeiro-parte-3\/#primaryimage"},"image":{"@id":"https:\/\/inbuzios.com.br\/blog\/2020\/03\/12\/do-leme-ao-pontal-conheca-as-praias-do-rio-de-janeiro-parte-3\/#primaryimage"},"thumbnailUrl":"https:\/\/inbuzios.com.br\/blog\/wp-content\/uploads\/2020\/07\/Arpoador._Cr\u00e9ditos._Rodrigo_Soldon.jpg","datePublished":"2020-03-12T22:30:48+00:00","dateModified":"2020-07-27T13:51:18+00:00","author":{"@id":"https:\/\/inbuzios.com.br\/blog\/#\/schema\/person\/dbe01781c030a430fd9f84e28a8d6258"},"breadcrumb":{"@id":"https:\/\/inbuzios.com.br\/blog\/2020\/03\/12\/do-leme-ao-pontal-conheca-as-praias-do-rio-de-janeiro-parte-3\/#breadcrumb"},"inLanguage":"pt-BR","potentialAction":[{"@type":"ReadAction","target":["https:\/\/inbuzios.com.br\/blog\/2020\/03\/12\/do-leme-ao-pontal-conheca-as-praias-do-rio-de-janeiro-parte-3\/"]}]},{"@type":"ImageObject","inLanguage":"pt-BR","@id":"https:\/\/inbuzios.com.br\/blog\/2020\/03\/12\/do-leme-ao-pontal-conheca-as-praias-do-rio-de-janeiro-parte-3\/#primaryimage","url":"https:\/\/inbuzios.com.br\/blog\/wp-content\/uploads\/2020\/07\/Arpoador._Cr\u00e9ditos._Rodrigo_Soldon.jpg","contentUrl":"https:\/\/inbuzios.com.br\/blog\/wp-content\/uploads\/2020\/07\/Arpoador._Cr\u00e9ditos._Rodrigo_Soldon.jpg","width":1024,"height":678},{"@type":"BreadcrumbList","@id":"https:\/\/inbuzios.com.br\/blog\/2020\/03\/12\/do-leme-ao-pontal-conheca-as-praias-do-rio-de-janeiro-parte-3\/#breadcrumb","itemListElement":[{"@type":"ListItem","position":1,"name":"In\u00edcio","item":"https:\/\/inbuzios.com.br\/blog\/"},{"@type":"ListItem","position":2,"name":"Do Leme ao Pontal: Conhe\u00e7a as praias do Rio de Janeiro (Parte 3)"}]},{"@type":"WebSite","@id":"https:\/\/inbuzios.com.br\/blog\/#website","url":"https:\/\/inbuzios.com.br\/blog\/","name":"In B\u00fazios","description":"Turismo Receptivo","potentialAction":[{"@type":"SearchAction","target":{"@type":"EntryPoint","urlTemplate":"https:\/\/inbuzios.com.br\/blog\/?s={search_term_string}"},"query-input":{"@type":"PropertyValueSpecification","valueRequired":true,"valueName":"search_term_string"}}],"inLanguage":"pt-BR"},{"@type":"Person","@id":"https:\/\/inbuzios.com.br\/blog\/#\/schema\/person\/dbe01781c030a430fd9f84e28a8d6258","name":"admin","image":{"@type":"ImageObject","inLanguage":"pt-BR","@id":"https:\/\/secure.gravatar.com\/avatar\/839a24fd6406768d30580b79b6ee2d0b018004c0661e5e4ce1c59db1389277ed?s=96&d=mm&r=g","url":"https:\/\/secure.gravatar.com\/avatar\/839a24fd6406768d30580b79b6ee2d0b018004c0661e5e4ce1c59db1389277ed?s=96&d=mm&r=g","contentUrl":"https:\/\/secure.gravatar.com\/avatar\/839a24fd6406768d30580b79b6ee2d0b018004c0661e5e4ce1c59db1389277ed?s=96&d=mm&r=g","caption":"admin"},"sameAs":["https:\/\/inbuzios.com.br\/blog"],"url":"https:\/\/inbuzios.com.br\/blog\/author\/admin\/"}]}},"jetpack_featured_media_url":"https:\/\/inbuzios.com.br\/blog\/wp-content\/uploads\/2020\/07\/Arpoador._Cr\u00e9ditos._Rodrigo_Soldon.jpg","jetpack_sharing_enabled":true,"amp_enabled":true,"_links":{"self":[{"href":"https:\/\/inbuzios.com.br\/blog\/wp-json\/wp\/v2\/posts\/4430","targetHints":{"allow":["GET"]}}],"collection":[{"href":"https:\/\/inbuzios.com.br\/blog\/wp-json\/wp\/v2\/posts"}],"about":[{"href":"https:\/\/inbuzios.com.br\/blog\/wp-json\/wp\/v2\/types\/post"}],"author":[{"embeddable":true,"href":"https:\/\/inbuzios.com.br\/blog\/wp-json\/wp\/v2\/users\/1"}],"replies":[{"embeddable":true,"href":"https:\/\/inbuzios.com.br\/blog\/wp-json\/wp\/v2\/comments?post=4430"}],"version-history":[{"count":3,"href":"https:\/\/inbuzios.com.br\/blog\/wp-json\/wp\/v2\/posts\/4430\/revisions"}],"predecessor-version":[{"id":4699,"href":"https:\/\/inbuzios.com.br\/blog\/wp-json\/wp\/v2\/posts\/4430\/revisions\/4699"}],"wp:featuredmedia":[{"embeddable":true,"href":"https:\/\/inbuzios.com.br\/blog\/wp-json\/wp\/v2\/media\/4499"}],"wp:attachment":[{"href":"https:\/\/inbuzios.com.br\/blog\/wp-json\/wp\/v2\/media?parent=4430"}],"wp:term":[{"taxonomy":"category","embeddable":true,"href":"https:\/\/inbuzios.com.br\/blog\/wp-json\/wp\/v2\/categories?post=4430"},{"taxonomy":"post_tag","embeddable":true,"href":"https:\/\/inbuzios.com.br\/blog\/wp-json\/wp\/v2\/tags?post=4430"}],"curies":[{"name":"wp","href":"https:\/\/api.w.org\/{rel}","templated":true}]}}