{"id":4759,"date":"2021-03-31T14:35:33","date_gmt":"2021-03-31T14:35:33","guid":{"rendered":"https:\/\/inbuzios.com.br\/blog\/?p=4759"},"modified":"2021-03-31T17:36:57","modified_gmt":"2021-03-31T17:36:57","slug":"rua-das-pedras-conheca-o-lugar-mais-agitado-de-buzios","status":"publish","type":"post","link":"https:\/\/inbuzios.com.br\/blog\/2021\/03\/31\/rua-das-pedras-conheca-o-lugar-mais-agitado-de-buzios\/","title":{"rendered":"Rua das Pedras: conhe\u00e7a o lugar mais agitado de B\u00fazios!"},"content":{"rendered":"<p>Apesar de n\u00e3o ser uma praia, a <strong>Rua das Pedras<\/strong> \u00e9 o ponto tur\u00edstico mais agitado e um dos mais conhecidos de B\u00fazios.<\/p>\n<p>Repleta de restaurantes, hot\u00e9is, caf\u00e9s, pousadas, bares, ag\u00eancias de turismo, lojas e outros com\u00e9rcios, essa rua \u00e9 praticamente um shopping a c\u00e9u aberto, funcionando como uma grande \u00e1rea de entretenimento para moradores e turistas.<\/p>\n<p>Mas o que exatamente podemos encontrar ali? Quais s\u00e3o os passeios pr\u00f3ximos da Rua das Pedras? Essas e outras perguntas iremos responder agora!<\/p>\n<p>Tenha uma <strong>boa leitura!<\/strong><\/p>\n<div id=\"attachment_4766\" style=\"width: 1090px\" class=\"wp-caption alignleft\"><img loading=\"lazy\" decoding=\"async\" aria-describedby=\"caption-attachment-4766\" class=\"wp-image-4766 size-full\" src=\"https:\/\/inbuzios.com.br\/blog\/wp-content\/uploads\/2021\/03\/Rua-das-Pedras-ensolarada.png\" alt=\"Vista da Rua das Pedras ensolarada, com pessoas sentadas em um bar aberto \u00e0 esquerda, caminhando na cal\u00e7ada \u00e0 direita e no centro, e \u00e1rvores arborizando o ambiente.\" width=\"1080\" height=\"720\" srcset=\"https:\/\/inbuzios.com.br\/blog\/wp-content\/uploads\/2021\/03\/Rua-das-Pedras-ensolarada.png 1080w, https:\/\/inbuzios.com.br\/blog\/wp-content\/uploads\/2021\/03\/Rua-das-Pedras-ensolarada-300x200.png 300w, https:\/\/inbuzios.com.br\/blog\/wp-content\/uploads\/2021\/03\/Rua-das-Pedras-ensolarada-1024x683.png 1024w, https:\/\/inbuzios.com.br\/blog\/wp-content\/uploads\/2021\/03\/Rua-das-Pedras-ensolarada-768x512.png 768w, https:\/\/inbuzios.com.br\/blog\/wp-content\/uploads\/2021\/03\/Rua-das-Pedras-ensolarada-600x400.png 600w\" sizes=\"auto, (max-width: 1080px) 100vw, 1080px\" \/><p id=\"caption-attachment-4766\" class=\"wp-caption-text\">Foto: UOL\/Divulga\u00e7\u00e3o<\/p><\/div>\n<h2>A origem da Rua das Pedras<\/h2>\n<p>Antes de come\u00e7armos nosso passeio pela Rua das Pedras, precisamos contar um fato que mudou para sempre a hist\u00f3ria do munic\u00edpio: a vinda de <strong>Brigitte Bardot<\/strong>.<\/p>\n<div id=\"attachment_4762\" style=\"width: 1090px\" class=\"wp-caption alignleft\"><img loading=\"lazy\" decoding=\"async\" aria-describedby=\"caption-attachment-4762\" class=\"size-full wp-image-4762\" src=\"https:\/\/inbuzios.com.br\/blog\/wp-content\/uploads\/2021\/03\/Brigitte-Bardot.png\" alt=\"Foto da atriz Brigitte Bardot, em uma de suas passagens por B\u00fazios e pela Rua das Pedras.\" width=\"1080\" height=\"720\" srcset=\"https:\/\/inbuzios.com.br\/blog\/wp-content\/uploads\/2021\/03\/Brigitte-Bardot.png 1080w, https:\/\/inbuzios.com.br\/blog\/wp-content\/uploads\/2021\/03\/Brigitte-Bardot-300x200.png 300w, https:\/\/inbuzios.com.br\/blog\/wp-content\/uploads\/2021\/03\/Brigitte-Bardot-1024x683.png 1024w, https:\/\/inbuzios.com.br\/blog\/wp-content\/uploads\/2021\/03\/Brigitte-Bardot-768x512.png 768w, https:\/\/inbuzios.com.br\/blog\/wp-content\/uploads\/2021\/03\/Brigitte-Bardot-600x400.png 600w\" sizes=\"auto, (max-width: 1080px) 100vw, 1080px\" \/><p id=\"caption-attachment-4762\" class=\"wp-caption-text\">Brigitte Bardot passou f\u00e9rias em B\u00fazios e mudou para sempre a vida do local. Foto: A Tarde\/UOL\/Divulga\u00e7\u00e3o<\/p><\/div>\n<p>Brigitte Bardot \u00e9 uma atriz e ativista francesa, sendo um \u00edcone mundial nas d\u00e9cadas de 1950 e 1960. Pois bem, essa estrela global decidiu passar suas f\u00e9rias de 1964 em B\u00fazios, que at\u00e9 ent\u00e3o era apenas um distrito de Cabo Frio.<\/p>\n<p>Nessa sua vinda, Brigitte atraiu fot\u00f3grafos e a aten\u00e7\u00e3o mundial. Ela ficou hospedada justamente na Rua das Pedras, na \u201c<strong>Pousada do Sol<\/strong>\u201d, que at\u00e9 hoje conserva na porta a placa \u201cAp. de Brigitte Bardot\u201d.<\/p>\n<p>Apesar do pouco tempo que esteve em B\u00fazios, ela mudou a realidade local. A partir da sua estadia, houve grande investimento cultural, econ\u00f4mico e arquitet\u00f4nico no balne\u00e1rio, que culminou na emancipa\u00e7\u00e3o em 1995.<\/p>\n<p>E, claro, o in\u00edcio do desenvolvimento come\u00e7ou ao redor da Rua das Pedras, ponto escolhido por Brigitte para o seu ref\u00fagio em meio \u00e0 vida agitada de uma estrela do cinema.<\/p>\n<p>A import\u00e2ncia dela \u00e9 t\u00e3o grande que foi erguida uma est\u00e1tua de Brigitte Bardot em B\u00fazios, que \u00e9 um dos grandes cart\u00f5es-postais da cidade. Al\u00e9m disso, na continua\u00e7\u00e3o da Rua das Pedras est\u00e1 a Orla Bardot, que beira \u00e0 Praia da Arma\u00e7\u00e3o e \u00e9 um \u00f3timo lugar para apreciar a vista da pen\u00ednsula, assim como a atriz fazia nos anos 60.<\/p>\n<h2><img loading=\"lazy\" decoding=\"async\" class=\"size-full wp-image-4763 alignleft\" src=\"https:\/\/inbuzios.com.br\/blog\/wp-content\/uploads\/2021\/03\/Estatua-Brigitte-Bardot-na-Rua-das-Pedras.png\" alt=\"Monumento de Brigitte Bardot, que fica na Rua das Pedras. Foto com incr\u00edvel p\u00f4r do sol ao fundo e embarca\u00e7\u00f5es, o que deixa a imagem ainda mais linda.\" width=\"1080\" height=\"720\" srcset=\"https:\/\/inbuzios.com.br\/blog\/wp-content\/uploads\/2021\/03\/Estatua-Brigitte-Bardot-na-Rua-das-Pedras.png 1080w, https:\/\/inbuzios.com.br\/blog\/wp-content\/uploads\/2021\/03\/Estatua-Brigitte-Bardot-na-Rua-das-Pedras-300x200.png 300w, https:\/\/inbuzios.com.br\/blog\/wp-content\/uploads\/2021\/03\/Estatua-Brigitte-Bardot-na-Rua-das-Pedras-1024x683.png 1024w, https:\/\/inbuzios.com.br\/blog\/wp-content\/uploads\/2021\/03\/Estatua-Brigitte-Bardot-na-Rua-das-Pedras-768x512.png 768w, https:\/\/inbuzios.com.br\/blog\/wp-content\/uploads\/2021\/03\/Estatua-Brigitte-Bardot-na-Rua-das-Pedras-600x400.png 600w\" sizes=\"auto, (max-width: 1080px) 100vw, 1080px\" \/>Voc\u00ea encontra tudo na Rua das Pedras<\/h2>\n<p>A Rua das Pedras conta com somente <strong>600 metros de extens\u00e3o<\/strong>, dedicada exclusivamente aos pedestres.<\/p>\n<p>Por\u00e9m, com o passar do tempo, as ruas ao seu entorno foram adquirindo as mesmas caracter\u00edsticas e, hoje, \u00e9 poss\u00edvel passear por diversos quarteir\u00f5es em sequ\u00eancia e ter a sensa\u00e7\u00e3o de continuar caminhando na Rua das Pedras.<\/p>\n<p>Se deseja fazer compras, aqui \u00e9 o lugar. Voc\u00ea encontrar\u00e1 desde lojinhas artesanais at\u00e9 de grifes mundialmente conhecidas, como Lacoste e Osklen.<\/p>\n<p>Para comer, h\u00e1 in\u00fameras op\u00e7\u00f5es. Desde restaurantes sofisticados, como o<strong> <a href=\"https:\/\/www.cigalon.com.br\/\" target=\"_blank\" rel=\"noopener\">Cigalon<\/a><\/strong>, at\u00e9 bares mais simples com boa m\u00fasica.<\/p>\n<p>E, aos amantes de uma agitada vida noturna, h\u00e1 baladas, pubs e similares, como o Privil\u00e8ge e o The House of Rock and Roll.<\/p>\n<div id=\"attachment_4761\" style=\"width: 1090px\" class=\"wp-caption alignleft\"><img loading=\"lazy\" decoding=\"async\" aria-describedby=\"caption-attachment-4761\" class=\"size-full wp-image-4761\" src=\"https:\/\/inbuzios.com.br\/blog\/wp-content\/uploads\/2021\/03\/Balada-Privilege-na-Rua-das-Pedras.png\" alt=\"Fachada do Privil\u00e8ge, um dos clubs existentes na Rua das Pedras, muito frequentado por jovens e pessoas que buscam entretenimento \u00e0 noite.\" width=\"1080\" height=\"720\" srcset=\"https:\/\/inbuzios.com.br\/blog\/wp-content\/uploads\/2021\/03\/Balada-Privilege-na-Rua-das-Pedras.png 1080w, https:\/\/inbuzios.com.br\/blog\/wp-content\/uploads\/2021\/03\/Balada-Privilege-na-Rua-das-Pedras-300x200.png 300w, https:\/\/inbuzios.com.br\/blog\/wp-content\/uploads\/2021\/03\/Balada-Privilege-na-Rua-das-Pedras-1024x683.png 1024w, https:\/\/inbuzios.com.br\/blog\/wp-content\/uploads\/2021\/03\/Balada-Privilege-na-Rua-das-Pedras-768x512.png 768w, https:\/\/inbuzios.com.br\/blog\/wp-content\/uploads\/2021\/03\/Balada-Privilege-na-Rua-das-Pedras-600x400.png 600w\" sizes=\"auto, (max-width: 1080px) 100vw, 1080px\" \/><p id=\"caption-attachment-4761\" class=\"wp-caption-text\">Foto: Privil\u00e8ge\/Divulga\u00e7\u00e3o<\/p><\/div>\n<p>A ideia \u00e9 justamente voc\u00ea chegar em B\u00fazios e explorar cada cantinho do ponto mais movimentado da cidade. Inclusive, a <strong>In B\u00fazios<\/strong>, fica localizada bem perto dali, na Estrada da Usina Velha, 444.<\/p>\n<h2>Praias da Rua das Pedras<\/h2>\n<p>Se tem uma coisa que n\u00e3o falta em B\u00fazios, s\u00e3o praias. Ao todo, s\u00e3o 24 espalhadas por todo o balne\u00e1rio. E, claro, que algumas delas ficam bem ao lado da Rua das Pedras!<\/p>\n<p>Al\u00e9m da Praia da Arma\u00e7\u00e3o, que j\u00e1 citamos e \u00e9 uma continua\u00e7\u00e3o da rua, indicamos tamb\u00e9m a Praia do Canto, a Praia dos Amores e a Praia da Azeda e Azedinha.<\/p>\n<p>Todas elas s\u00e3o muito pr\u00f3ximas da Rua da Pedras, sendo \u00f3timas op\u00e7\u00f5es para quem n\u00e3o quer ir muito longe.<\/p>\n<p><img loading=\"lazy\" decoding=\"async\" class=\"alignleft size-full wp-image-4764\" src=\"https:\/\/inbuzios.com.br\/blog\/wp-content\/uploads\/2021\/03\/Praia-da-Azeda.png\" alt=\"Vista da entrada da Praia da Azeda, que cont\u00e9m uma escadaria para chegar at\u00e9 o local. \u00c9 poss\u00edvel ver o mar cristalino com uma embarca\u00e7\u00e3o e algumas canoas, al\u00e9m de toda a vegeta\u00e7\u00e3o ao redor do mar.\" width=\"1080\" height=\"720\" srcset=\"https:\/\/inbuzios.com.br\/blog\/wp-content\/uploads\/2021\/03\/Praia-da-Azeda.png 1080w, https:\/\/inbuzios.com.br\/blog\/wp-content\/uploads\/2021\/03\/Praia-da-Azeda-300x200.png 300w, https:\/\/inbuzios.com.br\/blog\/wp-content\/uploads\/2021\/03\/Praia-da-Azeda-1024x683.png 1024w, https:\/\/inbuzios.com.br\/blog\/wp-content\/uploads\/2021\/03\/Praia-da-Azeda-768x512.png 768w, https:\/\/inbuzios.com.br\/blog\/wp-content\/uploads\/2021\/03\/Praia-da-Azeda-600x400.png 600w\" sizes=\"auto, (max-width: 1080px) 100vw, 1080px\" \/><\/p>\n<h2>Passeios em B\u00fazios e na Regi\u00e3o dos Lagos<\/h2>\n<p>E a\u00ed, gostou de conhecer um pouco mais sobre a Rua das Pedras? Esperamos ter tirado alguma de suas d\u00favidas desse delicioso lugar!<\/p>\n<p>Mas, al\u00e9m desse local, \u00e9 poss\u00edvel conhecer muito mais de B\u00fazios e de toda a Regi\u00e3o dos Lagos com a nossa equipe.<\/p>\n<p>Temos diversos transfers e op\u00e7\u00f5es de roteiros tur\u00edsticos, com toda a seguran\u00e7a, conforto e o melhor atendimento da regi\u00e3o. Para falar com a gente, \u00e9 s\u00f3 <strong><a href=\"http:\/\/www.inbuzios.com\" target=\"_blank\" rel=\"noopener\">clicar aqui<\/a><\/strong> e nos chamar por um dos meios de contato!<\/p>\n<p><img loading=\"lazy\" decoding=\"async\" class=\"alignleft size-full wp-image-4760\" src=\"https:\/\/inbuzios.com.br\/blog\/wp-content\/uploads\/2021\/03\/Atendimento-In-Buzios-na-Rua-das-Pedras.png\" alt=\"Colaboradora da In B\u00fazios fazendo um atendimento telef\u00f4nico, apoiada em um balc\u00e3o. Na frente, \u00e9 poss\u00edvel ver parte do rosto de um cliente que est\u00e1 olhando para baixo.\" width=\"1080\" height=\"720\" srcset=\"https:\/\/inbuzios.com.br\/blog\/wp-content\/uploads\/2021\/03\/Atendimento-In-Buzios-na-Rua-das-Pedras.png 1080w, https:\/\/inbuzios.com.br\/blog\/wp-content\/uploads\/2021\/03\/Atendimento-In-Buzios-na-Rua-das-Pedras-300x200.png 300w, https:\/\/inbuzios.com.br\/blog\/wp-content\/uploads\/2021\/03\/Atendimento-In-Buzios-na-Rua-das-Pedras-1024x683.png 1024w, https:\/\/inbuzios.com.br\/blog\/wp-content\/uploads\/2021\/03\/Atendimento-In-Buzios-na-Rua-das-Pedras-768x512.png 768w, https:\/\/inbuzios.com.br\/blog\/wp-content\/uploads\/2021\/03\/Atendimento-In-Buzios-na-Rua-das-Pedras-600x400.png 600w\" sizes=\"auto, (max-width: 1080px) 100vw, 1080px\" \/><\/p>\n","protected":false},"excerpt":{"rendered":"<p>Apesar de n\u00e3o ser uma praia, a Rua das Pedras \u00e9 o ponto tur\u00edstico mais agitado e um dos mais conhecidos de B\u00fazios. Repleta de restaurantes, hot\u00e9is, caf\u00e9s, pousadas, bares,&#8230;<\/p>\n","protected":false},"author":2,"featured_media":4765,"comment_status":"open","ping_status":"open","sticky":false,"template":"","format":"standard","meta":{"_jetpack_memberships_contains_paid_content":false,"footnotes":""},"categories":[4],"tags":[121,120,122,119],"class_list":["post-4759","post","type-post","status-publish","format-standard","has-post-thumbnail","hentry","category-lugares-para-conhecer-em-buzios","tag-brigitte-bardot","tag-buzios","tag-regiao-dos-lagos","tag-rua-das-pedras"],"yoast_head":"<!-- This site is optimized with the Yoast SEO plugin v27.4 - https:\/\/yoast.com\/product\/yoast-seo-wordpress\/ -->\n<title>Rua das Pedras: conhe\u00e7a o lugar mais agitado de B\u00fazios! - In B\u00fazios<\/title>\n<meta name=\"description\" content=\"Se voc\u00ea est\u00e1 pensando em visitar B\u00fazios, com certeza ir\u00e1 passar por esse lugar! Exploramos a Rua das Pedras, o ponto mais agitado da cidade!\" \/>\n<meta name=\"robots\" content=\"index, follow, max-snippet:-1, max-image-preview:large, max-video-preview:-1\" \/>\n<link rel=\"canonical\" href=\"https:\/\/inbuzios.com.br\/blog\/2021\/03\/31\/rua-das-pedras-conheca-o-lugar-mais-agitado-de-buzios\/\" \/>\n<meta property=\"og:locale\" content=\"pt_BR\" \/>\n<meta property=\"og:type\" content=\"article\" \/>\n<meta property=\"og:title\" content=\"Rua das Pedras: conhe\u00e7a o lugar mais agitado de B\u00fazios! - In B\u00fazios\" \/>\n<meta property=\"og:description\" content=\"Se voc\u00ea est\u00e1 pensando em visitar B\u00fazios, com certeza ir\u00e1 passar por esse lugar! Exploramos a Rua das Pedras, o ponto mais agitado da cidade!\" \/>\n<meta property=\"og:url\" content=\"https:\/\/inbuzios.com.br\/blog\/2021\/03\/31\/rua-das-pedras-conheca-o-lugar-mais-agitado-de-buzios\/\" \/>\n<meta property=\"og:site_name\" content=\"In B\u00fazios\" \/>\n<meta property=\"article:published_time\" content=\"2021-03-31T14:35:33+00:00\" \/>\n<meta property=\"article:modified_time\" content=\"2021-03-31T17:36:57+00:00\" \/>\n<meta property=\"og:image\" content=\"https:\/\/inbuzios.com.br\/blog\/wp-content\/uploads\/2021\/03\/Rua-das-Pedras.png\" \/>\n\t<meta property=\"og:image:width\" content=\"1080\" \/>\n\t<meta property=\"og:image:height\" content=\"720\" \/>\n\t<meta property=\"og:image:type\" content=\"image\/png\" \/>\n<meta name=\"author\" content=\"Administrador InBuzios\" \/>\n<meta name=\"twitter:card\" content=\"summary_large_image\" \/>\n<meta name=\"twitter:label1\" content=\"Escrito por\" \/>\n\t<meta name=\"twitter:data1\" content=\"Administrador InBuzios\" \/>\n\t<meta name=\"twitter:label2\" content=\"Est. tempo de leitura\" \/>\n\t<meta name=\"twitter:data2\" content=\"5 minutos\" \/>\n<script type=\"application\/ld+json\" class=\"yoast-schema-graph\">{\"@context\":\"https:\\\/\\\/schema.org\",\"@graph\":[{\"@type\":\"Article\",\"@id\":\"https:\\\/\\\/inbuzios.com.br\\\/blog\\\/2021\\\/03\\\/31\\\/rua-das-pedras-conheca-o-lugar-mais-agitado-de-buzios\\\/#article\",\"isPartOf\":{\"@id\":\"https:\\\/\\\/inbuzios.com.br\\\/blog\\\/2021\\\/03\\\/31\\\/rua-das-pedras-conheca-o-lugar-mais-agitado-de-buzios\\\/\"},\"author\":{\"name\":\"Administrador InBuzios\",\"@id\":\"https:\\\/\\\/inbuzios.com.br\\\/blog\\\/#\\\/schema\\\/person\\\/bbea7ab9669a1a34c0a5ca8af89947e4\"},\"headline\":\"Rua das Pedras: conhe\u00e7a o lugar mais agitado de B\u00fazios!\",\"datePublished\":\"2021-03-31T14:35:33+00:00\",\"dateModified\":\"2021-03-31T17:36:57+00:00\",\"mainEntityOfPage\":{\"@id\":\"https:\\\/\\\/inbuzios.com.br\\\/blog\\\/2021\\\/03\\\/31\\\/rua-das-pedras-conheca-o-lugar-mais-agitado-de-buzios\\\/\"},\"wordCount\":765,\"commentCount\":0,\"image\":{\"@id\":\"https:\\\/\\\/inbuzios.com.br\\\/blog\\\/2021\\\/03\\\/31\\\/rua-das-pedras-conheca-o-lugar-mais-agitado-de-buzios\\\/#primaryimage\"},\"thumbnailUrl\":\"https:\\\/\\\/inbuzios.com.br\\\/blog\\\/wp-content\\\/uploads\\\/2021\\\/03\\\/Rua-das-Pedras.png\",\"keywords\":[\"Brigitte Bardot\",\"B\u00fazios\",\"Regi\u00e3o dos Lagos\",\"Rua das Pedras\"],\"articleSection\":[\"Lugares para conhecer em B\u00fazios\"],\"inLanguage\":\"pt-BR\",\"potentialAction\":[{\"@type\":\"CommentAction\",\"name\":\"Comment\",\"target\":[\"https:\\\/\\\/inbuzios.com.br\\\/blog\\\/2021\\\/03\\\/31\\\/rua-das-pedras-conheca-o-lugar-mais-agitado-de-buzios\\\/#respond\"]}]},{\"@type\":\"WebPage\",\"@id\":\"https:\\\/\\\/inbuzios.com.br\\\/blog\\\/2021\\\/03\\\/31\\\/rua-das-pedras-conheca-o-lugar-mais-agitado-de-buzios\\\/\",\"url\":\"https:\\\/\\\/inbuzios.com.br\\\/blog\\\/2021\\\/03\\\/31\\\/rua-das-pedras-conheca-o-lugar-mais-agitado-de-buzios\\\/\",\"name\":\"Rua das Pedras: conhe\u00e7a o lugar mais agitado de B\u00fazios! - In B\u00fazios\",\"isPartOf\":{\"@id\":\"https:\\\/\\\/inbuzios.com.br\\\/blog\\\/#website\"},\"primaryImageOfPage\":{\"@id\":\"https:\\\/\\\/inbuzios.com.br\\\/blog\\\/2021\\\/03\\\/31\\\/rua-das-pedras-conheca-o-lugar-mais-agitado-de-buzios\\\/#primaryimage\"},\"image\":{\"@id\":\"https:\\\/\\\/inbuzios.com.br\\\/blog\\\/2021\\\/03\\\/31\\\/rua-das-pedras-conheca-o-lugar-mais-agitado-de-buzios\\\/#primaryimage\"},\"thumbnailUrl\":\"https:\\\/\\\/inbuzios.com.br\\\/blog\\\/wp-content\\\/uploads\\\/2021\\\/03\\\/Rua-das-Pedras.png\",\"datePublished\":\"2021-03-31T14:35:33+00:00\",\"dateModified\":\"2021-03-31T17:36:57+00:00\",\"author\":{\"@id\":\"https:\\\/\\\/inbuzios.com.br\\\/blog\\\/#\\\/schema\\\/person\\\/bbea7ab9669a1a34c0a5ca8af89947e4\"},\"description\":\"Se voc\u00ea est\u00e1 pensando em visitar B\u00fazios, com certeza ir\u00e1 passar por esse lugar! Exploramos a Rua das Pedras, o ponto mais agitado da cidade!\",\"breadcrumb\":{\"@id\":\"https:\\\/\\\/inbuzios.com.br\\\/blog\\\/2021\\\/03\\\/31\\\/rua-das-pedras-conheca-o-lugar-mais-agitado-de-buzios\\\/#breadcrumb\"},\"inLanguage\":\"pt-BR\",\"potentialAction\":[{\"@type\":\"ReadAction\",\"target\":[\"https:\\\/\\\/inbuzios.com.br\\\/blog\\\/2021\\\/03\\\/31\\\/rua-das-pedras-conheca-o-lugar-mais-agitado-de-buzios\\\/\"]}]},{\"@type\":\"ImageObject\",\"inLanguage\":\"pt-BR\",\"@id\":\"https:\\\/\\\/inbuzios.com.br\\\/blog\\\/2021\\\/03\\\/31\\\/rua-das-pedras-conheca-o-lugar-mais-agitado-de-buzios\\\/#primaryimage\",\"url\":\"https:\\\/\\\/inbuzios.com.br\\\/blog\\\/wp-content\\\/uploads\\\/2021\\\/03\\\/Rua-das-Pedras.png\",\"contentUrl\":\"https:\\\/\\\/inbuzios.com.br\\\/blog\\\/wp-content\\\/uploads\\\/2021\\\/03\\\/Rua-das-Pedras.png\",\"width\":1080,\"height\":720,\"caption\":\"Imagem da Rua das Pedras vazia, sem pessoas na foto. Local com muitas \u00e1rvores nas cal\u00e7adas de ambos os lados.\"},{\"@type\":\"BreadcrumbList\",\"@id\":\"https:\\\/\\\/inbuzios.com.br\\\/blog\\\/2021\\\/03\\\/31\\\/rua-das-pedras-conheca-o-lugar-mais-agitado-de-buzios\\\/#breadcrumb\",\"itemListElement\":[{\"@type\":\"ListItem\",\"position\":1,\"name\":\"In\u00edcio\",\"item\":\"https:\\\/\\\/inbuzios.com.br\\\/blog\\\/\"},{\"@type\":\"ListItem\",\"position\":2,\"name\":\"Rua das Pedras: conhe\u00e7a o lugar mais agitado de B\u00fazios!\"}]},{\"@type\":\"WebSite\",\"@id\":\"https:\\\/\\\/inbuzios.com.br\\\/blog\\\/#website\",\"url\":\"https:\\\/\\\/inbuzios.com.br\\\/blog\\\/\",\"name\":\"In B\u00fazios\",\"description\":\"Turismo Receptivo\",\"potentialAction\":[{\"@type\":\"SearchAction\",\"target\":{\"@type\":\"EntryPoint\",\"urlTemplate\":\"https:\\\/\\\/inbuzios.com.br\\\/blog\\\/?s={search_term_string}\"},\"query-input\":{\"@type\":\"PropertyValueSpecification\",\"valueRequired\":true,\"valueName\":\"search_term_string\"}}],\"inLanguage\":\"pt-BR\"},{\"@type\":\"Person\",\"@id\":\"https:\\\/\\\/inbuzios.com.br\\\/blog\\\/#\\\/schema\\\/person\\\/bbea7ab9669a1a34c0a5ca8af89947e4\",\"name\":\"Administrador InBuzios\",\"image\":{\"@type\":\"ImageObject\",\"inLanguage\":\"pt-BR\",\"@id\":\"https:\\\/\\\/secure.gravatar.com\\\/avatar\\\/8b70eaa2d258abec51683c3d2372e954b262626305a737d15b94d7bd297bbd7b?s=96&d=mm&r=g\",\"url\":\"https:\\\/\\\/secure.gravatar.com\\\/avatar\\\/8b70eaa2d258abec51683c3d2372e954b262626305a737d15b94d7bd297bbd7b?s=96&d=mm&r=g\",\"contentUrl\":\"https:\\\/\\\/secure.gravatar.com\\\/avatar\\\/8b70eaa2d258abec51683c3d2372e954b262626305a737d15b94d7bd297bbd7b?s=96&d=mm&r=g\",\"caption\":\"Administrador InBuzios\"},\"sameAs\":[\"http:\\\/\\\/www.inbuzios.com\"],\"url\":\"https:\\\/\\\/inbuzios.com.br\\\/blog\\\/author\\\/inbuzios\\\/\"}]}<\/script>\n<!-- \/ Yoast SEO plugin. -->","yoast_head_json":{"title":"Rua das Pedras: conhe\u00e7a o lugar mais agitado de B\u00fazios! - In B\u00fazios","description":"Se voc\u00ea est\u00e1 pensando em visitar B\u00fazios, com certeza ir\u00e1 passar por esse lugar! Exploramos a Rua das Pedras, o ponto mais agitado da cidade!","robots":{"index":"index","follow":"follow","max-snippet":"max-snippet:-1","max-image-preview":"max-image-preview:large","max-video-preview":"max-video-preview:-1"},"canonical":"https:\/\/inbuzios.com.br\/blog\/2021\/03\/31\/rua-das-pedras-conheca-o-lugar-mais-agitado-de-buzios\/","og_locale":"pt_BR","og_type":"article","og_title":"Rua das Pedras: conhe\u00e7a o lugar mais agitado de B\u00fazios! - In B\u00fazios","og_description":"Se voc\u00ea est\u00e1 pensando em visitar B\u00fazios, com certeza ir\u00e1 passar por esse lugar! Exploramos a Rua das Pedras, o ponto mais agitado da cidade!","og_url":"https:\/\/inbuzios.com.br\/blog\/2021\/03\/31\/rua-das-pedras-conheca-o-lugar-mais-agitado-de-buzios\/","og_site_name":"In B\u00fazios","article_published_time":"2021-03-31T14:35:33+00:00","article_modified_time":"2021-03-31T17:36:57+00:00","og_image":[{"width":1080,"height":720,"url":"https:\/\/inbuzios.com.br\/blog\/wp-content\/uploads\/2021\/03\/Rua-das-Pedras.png","type":"image\/png"}],"author":"Administrador InBuzios","twitter_card":"summary_large_image","twitter_misc":{"Escrito por":"Administrador InBuzios","Est. tempo de leitura":"5 minutos"},"schema":{"@context":"https:\/\/schema.org","@graph":[{"@type":"Article","@id":"https:\/\/inbuzios.com.br\/blog\/2021\/03\/31\/rua-das-pedras-conheca-o-lugar-mais-agitado-de-buzios\/#article","isPartOf":{"@id":"https:\/\/inbuzios.com.br\/blog\/2021\/03\/31\/rua-das-pedras-conheca-o-lugar-mais-agitado-de-buzios\/"},"author":{"name":"Administrador InBuzios","@id":"https:\/\/inbuzios.com.br\/blog\/#\/schema\/person\/bbea7ab9669a1a34c0a5ca8af89947e4"},"headline":"Rua das Pedras: conhe\u00e7a o lugar mais agitado de B\u00fazios!","datePublished":"2021-03-31T14:35:33+00:00","dateModified":"2021-03-31T17:36:57+00:00","mainEntityOfPage":{"@id":"https:\/\/inbuzios.com.br\/blog\/2021\/03\/31\/rua-das-pedras-conheca-o-lugar-mais-agitado-de-buzios\/"},"wordCount":765,"commentCount":0,"image":{"@id":"https:\/\/inbuzios.com.br\/blog\/2021\/03\/31\/rua-das-pedras-conheca-o-lugar-mais-agitado-de-buzios\/#primaryimage"},"thumbnailUrl":"https:\/\/inbuzios.com.br\/blog\/wp-content\/uploads\/2021\/03\/Rua-das-Pedras.png","keywords":["Brigitte Bardot","B\u00fazios","Regi\u00e3o dos Lagos","Rua das Pedras"],"articleSection":["Lugares para conhecer em B\u00fazios"],"inLanguage":"pt-BR","potentialAction":[{"@type":"CommentAction","name":"Comment","target":["https:\/\/inbuzios.com.br\/blog\/2021\/03\/31\/rua-das-pedras-conheca-o-lugar-mais-agitado-de-buzios\/#respond"]}]},{"@type":"WebPage","@id":"https:\/\/inbuzios.com.br\/blog\/2021\/03\/31\/rua-das-pedras-conheca-o-lugar-mais-agitado-de-buzios\/","url":"https:\/\/inbuzios.com.br\/blog\/2021\/03\/31\/rua-das-pedras-conheca-o-lugar-mais-agitado-de-buzios\/","name":"Rua das Pedras: conhe\u00e7a o lugar mais agitado de B\u00fazios! - In B\u00fazios","isPartOf":{"@id":"https:\/\/inbuzios.com.br\/blog\/#website"},"primaryImageOfPage":{"@id":"https:\/\/inbuzios.com.br\/blog\/2021\/03\/31\/rua-das-pedras-conheca-o-lugar-mais-agitado-de-buzios\/#primaryimage"},"image":{"@id":"https:\/\/inbuzios.com.br\/blog\/2021\/03\/31\/rua-das-pedras-conheca-o-lugar-mais-agitado-de-buzios\/#primaryimage"},"thumbnailUrl":"https:\/\/inbuzios.com.br\/blog\/wp-content\/uploads\/2021\/03\/Rua-das-Pedras.png","datePublished":"2021-03-31T14:35:33+00:00","dateModified":"2021-03-31T17:36:57+00:00","author":{"@id":"https:\/\/inbuzios.com.br\/blog\/#\/schema\/person\/bbea7ab9669a1a34c0a5ca8af89947e4"},"description":"Se voc\u00ea est\u00e1 pensando em visitar B\u00fazios, com certeza ir\u00e1 passar por esse lugar! Exploramos a Rua das Pedras, o ponto mais agitado da cidade!","breadcrumb":{"@id":"https:\/\/inbuzios.com.br\/blog\/2021\/03\/31\/rua-das-pedras-conheca-o-lugar-mais-agitado-de-buzios\/#breadcrumb"},"inLanguage":"pt-BR","potentialAction":[{"@type":"ReadAction","target":["https:\/\/inbuzios.com.br\/blog\/2021\/03\/31\/rua-das-pedras-conheca-o-lugar-mais-agitado-de-buzios\/"]}]},{"@type":"ImageObject","inLanguage":"pt-BR","@id":"https:\/\/inbuzios.com.br\/blog\/2021\/03\/31\/rua-das-pedras-conheca-o-lugar-mais-agitado-de-buzios\/#primaryimage","url":"https:\/\/inbuzios.com.br\/blog\/wp-content\/uploads\/2021\/03\/Rua-das-Pedras.png","contentUrl":"https:\/\/inbuzios.com.br\/blog\/wp-content\/uploads\/2021\/03\/Rua-das-Pedras.png","width":1080,"height":720,"caption":"Imagem da Rua das Pedras vazia, sem pessoas na foto. Local com muitas \u00e1rvores nas cal\u00e7adas de ambos os lados."},{"@type":"BreadcrumbList","@id":"https:\/\/inbuzios.com.br\/blog\/2021\/03\/31\/rua-das-pedras-conheca-o-lugar-mais-agitado-de-buzios\/#breadcrumb","itemListElement":[{"@type":"ListItem","position":1,"name":"In\u00edcio","item":"https:\/\/inbuzios.com.br\/blog\/"},{"@type":"ListItem","position":2,"name":"Rua das Pedras: conhe\u00e7a o lugar mais agitado de B\u00fazios!"}]},{"@type":"WebSite","@id":"https:\/\/inbuzios.com.br\/blog\/#website","url":"https:\/\/inbuzios.com.br\/blog\/","name":"In B\u00fazios","description":"Turismo Receptivo","potentialAction":[{"@type":"SearchAction","target":{"@type":"EntryPoint","urlTemplate":"https:\/\/inbuzios.com.br\/blog\/?s={search_term_string}"},"query-input":{"@type":"PropertyValueSpecification","valueRequired":true,"valueName":"search_term_string"}}],"inLanguage":"pt-BR"},{"@type":"Person","@id":"https:\/\/inbuzios.com.br\/blog\/#\/schema\/person\/bbea7ab9669a1a34c0a5ca8af89947e4","name":"Administrador InBuzios","image":{"@type":"ImageObject","inLanguage":"pt-BR","@id":"https:\/\/secure.gravatar.com\/avatar\/8b70eaa2d258abec51683c3d2372e954b262626305a737d15b94d7bd297bbd7b?s=96&d=mm&r=g","url":"https:\/\/secure.gravatar.com\/avatar\/8b70eaa2d258abec51683c3d2372e954b262626305a737d15b94d7bd297bbd7b?s=96&d=mm&r=g","contentUrl":"https:\/\/secure.gravatar.com\/avatar\/8b70eaa2d258abec51683c3d2372e954b262626305a737d15b94d7bd297bbd7b?s=96&d=mm&r=g","caption":"Administrador InBuzios"},"sameAs":["http:\/\/www.inbuzios.com"],"url":"https:\/\/inbuzios.com.br\/blog\/author\/inbuzios\/"}]}},"jetpack_featured_media_url":"https:\/\/inbuzios.com.br\/blog\/wp-content\/uploads\/2021\/03\/Rua-das-Pedras.png","jetpack_sharing_enabled":true,"amp_enabled":true,"_links":{"self":[{"href":"https:\/\/inbuzios.com.br\/blog\/wp-json\/wp\/v2\/posts\/4759","targetHints":{"allow":["GET"]}}],"collection":[{"href":"https:\/\/inbuzios.com.br\/blog\/wp-json\/wp\/v2\/posts"}],"about":[{"href":"https:\/\/inbuzios.com.br\/blog\/wp-json\/wp\/v2\/types\/post"}],"author":[{"embeddable":true,"href":"https:\/\/inbuzios.com.br\/blog\/wp-json\/wp\/v2\/users\/2"}],"replies":[{"embeddable":true,"href":"https:\/\/inbuzios.com.br\/blog\/wp-json\/wp\/v2\/comments?post=4759"}],"version-history":[{"count":11,"href":"https:\/\/inbuzios.com.br\/blog\/wp-json\/wp\/v2\/posts\/4759\/revisions"}],"predecessor-version":[{"id":4777,"href":"https:\/\/inbuzios.com.br\/blog\/wp-json\/wp\/v2\/posts\/4759\/revisions\/4777"}],"wp:featuredmedia":[{"embeddable":true,"href":"https:\/\/inbuzios.com.br\/blog\/wp-json\/wp\/v2\/media\/4765"}],"wp:attachment":[{"href":"https:\/\/inbuzios.com.br\/blog\/wp-json\/wp\/v2\/media?parent=4759"}],"wp:term":[{"taxonomy":"category","embeddable":true,"href":"https:\/\/inbuzios.com.br\/blog\/wp-json\/wp\/v2\/categories?post=4759"},{"taxonomy":"post_tag","embeddable":true,"href":"https:\/\/inbuzios.com.br\/blog\/wp-json\/wp\/v2\/tags?post=4759"}],"curies":[{"name":"wp","href":"https:\/\/api.w.org\/{rel}","templated":true}]}}