{"id":4849,"date":"2023-12-22T19:19:21","date_gmt":"2023-12-22T19:19:21","guid":{"rendered":"https:\/\/inbuzios.com.br\/blog\/?p=4849"},"modified":"2023-12-22T19:19:21","modified_gmt":"2023-12-22T19:19:21","slug":"ferias-de-dezembro-5-passeios-imperdiveis-para-fazer-no-rio-de-janeiro","status":"publish","type":"post","link":"https:\/\/inbuzios.com.br\/blog\/2023\/12\/22\/ferias-de-dezembro-5-passeios-imperdiveis-para-fazer-no-rio-de-janeiro\/","title":{"rendered":"F\u00e9rias de dezembro: 5 passeios imperd\u00edveis para fazer no Rio de Janeiro"},"content":{"rendered":"<p><span style=\"font-weight: 400;\">Se voc\u00ea est\u00e1 planejando suas <\/span><span style=\"font-weight: 400;\">f\u00e9rias de dezembro<\/span><span style=\"font-weight: 400;\"> e ainda n\u00e3o sabe onde ir, n\u00f3s te ajudamos! Prepare-se para uma experi\u00eancia \u00fanica, repleta de sol, praias e muita divers\u00e3o. \u00c9 claro que estamos falando aqui de <\/span><a href=\"https:\/\/inbuzios.com.br\/blog\/2021\/04\/15\/cidade-de-buzios-um-dos-destinos-mais-promissores-do-mundo\/\"><b>B\u00fazios<\/b><\/a><span style=\"font-weight: 400;\">!<\/span><\/p>\n<p><span style=\"font-weight: 400;\">Para te ajudar a aproveitar ao m\u00e1ximo, preparamos uma lista com 5 passeios imperd\u00edveis na regi\u00e3o. Ent\u00e3o j\u00e1 separa o papel e a caneta e anote essas dicas!<\/span><\/p>\n<p><span style=\"font-weight: 400;\">Bora com a gente? Fa\u00e7a uma boa leitura!<\/span><\/p>\n<h2><span style=\"font-weight: 400;\">Aqu\u00e1rio Marinho<\/span><\/h2>\n<p><img loading=\"lazy\" decoding=\"async\" class=\"alignleft size-full wp-image-4856\" src=\"https:\/\/inbuzios.com.br\/blog\/wp-content\/uploads\/2023\/12\/8.png\" alt=\"\" width=\"1000\" height=\"668\" srcset=\"https:\/\/inbuzios.com.br\/blog\/wp-content\/uploads\/2023\/12\/8.png 1000w, https:\/\/inbuzios.com.br\/blog\/wp-content\/uploads\/2023\/12\/8-300x200.png 300w, https:\/\/inbuzios.com.br\/blog\/wp-content\/uploads\/2023\/12\/8-768x513.png 768w, https:\/\/inbuzios.com.br\/blog\/wp-content\/uploads\/2023\/12\/8-600x401.png 600w\" sizes=\"auto, (max-width: 1000px) 100vw, 1000px\" \/><\/p>\n<p><i><span style=\"font-weight: 400;\">Foto: Aqu\u00e1rio Marinho do Rio \/ Reprodu\u00e7\u00e3o<\/span><\/i><\/p>\n<p><span style=\"font-weight: 400;\">Aqu\u00e1rio Marinho do Rio de Janeiro \u00e9 uma atra\u00e7\u00e3o que promete encantar crian\u00e7as e adultos nessas <\/span><span style=\"font-weight: 400;\">f\u00e9rias de dezembro<\/span><span style=\"font-weight: 400;\">. Com o t\u00edtulo de maior aqu\u00e1rio da Am\u00e9rica do Sul, o <\/span><a href=\"https:\/\/www.instagram.com\/aquariomarinhodorio\/\"><b>@AquarioMarinhoDoRio<\/b><\/a><span style=\"font-weight: 400;\"> abriga 5 mil animais de 350 esp\u00e9cies. A estrela do show? O t\u00fanel transparente que proporciona um encontro pr\u00f3ximo com tubar\u00f5es e arraias. Al\u00e9m disso, o AquaRio \u00e9 um espa\u00e7o multifuncional,\u00a0 que promove educa\u00e7\u00e3o, pesquisa, conserva\u00e7\u00e3o e, claro, muita divers\u00e3o.<\/span><\/p>\n<p><b>Dica de ouro:<\/b><span style=\"font-weight: 400;\"> n\u00e3o esque\u00e7a de dar um passeio pelo revitalizado Porto Maravilha ap\u00f3s sua visita. O AquaRio funciona de segunda a sexta, das 9h \u00e0s 17h, e aos s\u00e1bados, domingos e feriados, das 9h \u00e0s 18h. Mais informa\u00e7\u00f5es e ingressos em <\/span><a href=\"http:\/\/www.aquariomarinhodorio.com.br\"><b>www.aquariomarinhodorio.com.br<\/b><\/a><span style=\"font-weight: 400;\">.<\/span><\/p>\n<h2><span style=\"font-weight: 400;\">Lagoa Rodrigo de Freitas<\/span><\/h2>\n<p><img loading=\"lazy\" decoding=\"async\" class=\"alignleft size-full wp-image-4854\" src=\"https:\/\/inbuzios.com.br\/blog\/wp-content\/uploads\/2023\/12\/9.png\" alt=\"\" width=\"1000\" height=\"668\" srcset=\"https:\/\/inbuzios.com.br\/blog\/wp-content\/uploads\/2023\/12\/9.png 1000w, https:\/\/inbuzios.com.br\/blog\/wp-content\/uploads\/2023\/12\/9-300x200.png 300w, https:\/\/inbuzios.com.br\/blog\/wp-content\/uploads\/2023\/12\/9-768x513.png 768w, https:\/\/inbuzios.com.br\/blog\/wp-content\/uploads\/2023\/12\/9-600x401.png 600w\" sizes=\"auto, (max-width: 1000px) 100vw, 1000px\" \/><\/p>\n<p><i><span style=\"font-weight: 400;\">Foto: TripAdvisor \/ Reprodu\u00e7\u00e3o<\/span><\/i><\/p>\n<p><span style=\"font-weight: 400;\">Para os amantes de atividades ao ar livre, a Lagoa Rodrigo de Freitas \u00e9 o lugar perfeito. O <\/span><a href=\"https:\/\/www.instagram.com\/lagoaaventuras\/\"><b>@LagoaAventuras<\/b><\/a><span style=\"font-weight: 400;\"> oferece tirolesa, arvorismo, parede de escalada e at\u00e9 mesmo uma trilha para o Mirante do Urubu, com vista panor\u00e2mica da lagoa.\u00a0<\/span><\/p>\n<p><span style=\"font-weight: 400;\">Caminhadas, piqueniques e pedalinho est\u00e3o entre as atividades dispon\u00edveis. Situada na zona sul do Rio, a Lagoa \u00e9 um convite para desfrutar da natureza em sua plenitude durante as <\/span><span style=\"font-weight: 400;\">f\u00e9rias de dezembro<\/span><span style=\"font-weight: 400;\">.<\/span><\/p>\n<p><b>Dica de ouro:<\/b><span style=\"font-weight: 400;\"> escolha um dos quiosques ao redor para apreciar uma \u00e1gua de coco enquanto absorve a vista espetacular. Mais informa\u00e7\u00f5es em <\/span><a href=\"http:\/\/www.lagoarodrigodefreitas.com.br\"><b>www.lagoarodrigodefreitas.com.br<\/b><\/a><span style=\"font-weight: 400;\">.<\/span><\/p>\n<h2><span style=\"font-weight: 400;\">Parque Lage<\/span><\/h2>\n<p><img loading=\"lazy\" decoding=\"async\" class=\"alignleft size-full wp-image-4852\" src=\"https:\/\/inbuzios.com.br\/blog\/wp-content\/uploads\/2023\/12\/10.png\" alt=\"\" width=\"1000\" height=\"668\" srcset=\"https:\/\/inbuzios.com.br\/blog\/wp-content\/uploads\/2023\/12\/10.png 1000w, https:\/\/inbuzios.com.br\/blog\/wp-content\/uploads\/2023\/12\/10-300x200.png 300w, https:\/\/inbuzios.com.br\/blog\/wp-content\/uploads\/2023\/12\/10-768x513.png 768w, https:\/\/inbuzios.com.br\/blog\/wp-content\/uploads\/2023\/12\/10-600x401.png 600w\" sizes=\"auto, (max-width: 1000px) 100vw, 1000px\" \/><\/p>\n<p><i><span style=\"font-weight: 400;\">Foto: MiniTube \/ Reprodu\u00e7\u00e3o<\/span><\/i><\/p>\n<p><span style=\"font-weight: 400;\">Ao p\u00e9 do Morro do Corcovado, o Parque Lage \u00e9 uma joia verde de 52 hectares. Al\u00e9m do imponente palacete que rouba a cena, <\/span><a href=\"https:\/\/inbuzios.com.br\/blog\/2021\/03\/30\/trilha-do-morro-da-urca-e-uma-das-mais-conhecidas-do-rio\/\"><b>trilhas <\/b><\/a><span style=\"font-weight: 400;\">levam a uma cascata e a jardins que abrigam cavernas e aqu\u00e1rios.\u00a0<\/span><\/p>\n<p><span style=\"font-weight: 400;\">O <\/span><a href=\"https:\/\/www.instagram.com\/parquelage\/\"><b>@ParqueLage<\/b><\/a><span style=\"font-weight: 400;\">, tombado como patrim\u00f4nio hist\u00f3rico e cultural, oferece programas culturais, arte e divers\u00e3o para toda a fam\u00edlia para as <\/span><span style=\"font-weight: 400;\">f\u00e9rias de dezembro<\/span><span style=\"font-weight: 400;\">.<\/span><\/p>\n<p><b>Dica de ouro:<\/b><span style=\"font-weight: 400;\"> explore as trilhas na parte de tr\u00e1s do parque e n\u00e3o deixe de conferir a programa\u00e7\u00e3o da Escola de Artes Visuais. O Bistr\u00f4 Plage, \u00e0 beira da piscina, \u00e9 um \u00f3timo local para um caf\u00e9 da manh\u00e3 delicioso. O Parque Lage est\u00e1 localizado na Rua Jardim Bot\u00e2nico, 414 &#8211; Jardim Bot\u00e2nico, Rio de Janeiro &#8211; RJ.<\/span><\/p>\n<h2><span style=\"font-weight: 400;\">Jardim Bot\u00e2nico<\/span><\/h2>\n<p><img loading=\"lazy\" decoding=\"async\" class=\"alignleft size-full wp-image-4853\" src=\"https:\/\/inbuzios.com.br\/blog\/wp-content\/uploads\/2023\/12\/11.png\" alt=\"\" width=\"1000\" height=\"668\" srcset=\"https:\/\/inbuzios.com.br\/blog\/wp-content\/uploads\/2023\/12\/11.png 1000w, https:\/\/inbuzios.com.br\/blog\/wp-content\/uploads\/2023\/12\/11-300x200.png 300w, https:\/\/inbuzios.com.br\/blog\/wp-content\/uploads\/2023\/12\/11-768x513.png 768w, https:\/\/inbuzios.com.br\/blog\/wp-content\/uploads\/2023\/12\/11-600x401.png 600w\" sizes=\"auto, (max-width: 1000px) 100vw, 1000px\" \/><\/p>\n<p><i><span style=\"font-weight: 400;\">Foto: Invexo \/ Reprodu\u00e7\u00e3o<\/span><\/i><\/p>\n<p><span style=\"font-weight: 400;\">Imperd\u00edvel para os amantes da natureza, o Jardim Bot\u00e2nico \u00e9 uma experi\u00eancia que todo mundo deve viver. No <\/span><a href=\"https:\/\/www.instagram.com\/jardimbotanicorj\/\"><b>@JardimBotanicoRJ<\/b><\/a><span style=\"font-weight: 400;\">, voc\u00ea explora diversas cole\u00e7\u00f5es de plantas em uma caminhada relaxante, podendo at\u00e9 encontrar macacos e outros animais da Mata Atl\u00e2ntica. Al\u00e9m disso, h\u00e1 um parquinho e caf\u00e9 na antiga f\u00e1brica de p\u00f3lvora.<\/span><\/p>\n<p><b>Dica de ouro:<\/b><span style=\"font-weight: 400;\"> n\u00e3o perca o Jardim Japon\u00eas e as estufas de Orqu\u00eddeas, Brom\u00e9lias, Samambaias e Plantas Inset\u00edvoras. O Jardim Bot\u00e2nico est\u00e1 localizado na Rua Jardim Bot\u00e2nico, 1008 &#8211; Jardim Bot\u00e2nico, Rio de Janeiro &#8211; RJ.<\/span><\/p>\n<h2><span style=\"font-weight: 400;\">Bondinho Santa Teresa<\/span><\/h2>\n<p><img loading=\"lazy\" decoding=\"async\" class=\"alignleft size-full wp-image-4851\" src=\"https:\/\/inbuzios.com.br\/blog\/wp-content\/uploads\/2023\/12\/12.png\" alt=\"\" width=\"1000\" height=\"668\" srcset=\"https:\/\/inbuzios.com.br\/blog\/wp-content\/uploads\/2023\/12\/12.png 1000w, https:\/\/inbuzios.com.br\/blog\/wp-content\/uploads\/2023\/12\/12-300x200.png 300w, https:\/\/inbuzios.com.br\/blog\/wp-content\/uploads\/2023\/12\/12-768x513.png 768w, https:\/\/inbuzios.com.br\/blog\/wp-content\/uploads\/2023\/12\/12-600x401.png 600w\" sizes=\"auto, (max-width: 1000px) 100vw, 1000px\" \/><\/p>\n<p><i><span style=\"font-weight: 400;\">Foto: Riotur \/ Reprodu\u00e7\u00e3o<\/span><\/i><\/p>\n<p><span style=\"font-weight: 400;\">Experimente a autenticidade carioca ao andar no Bonde de Santa Teresa nessas <\/span><span style=\"font-weight: 400;\">f\u00e9rias de dezembro<\/span><span style=\"font-weight: 400;\">. Partindo da Esta\u00e7\u00e3o Carioca, ele passa pelos Arcos da Lapa e termina no charmoso Largo do Guimar\u00e3es. O <\/span><a href=\"http:\/\/www.bondesdesantateresa.rj.gov.br\"><b>site oficial<\/b><\/a><span style=\"font-weight: 400;\"> tem informa\u00e7\u00f5es sobre os hor\u00e1rios, mas lembre-se, a capacidade \u00e9 limitada, ent\u00e3o chegue cedo!\u00a0<\/span><\/p>\n<p><b>Dica de ouro:<\/b><span style=\"font-weight: 400;\"> Aproveite para almo\u00e7ar no Largo do Guimar\u00e3es e sinta a atmosfera \u00fanica de Santa Teresa. O endere\u00e7o \u00e9 Rua Lelio Gama, 2 &#8211; Centro, Rio de Janeiro &#8211; RJ.<\/span><\/p>\n<h2><span style=\"font-weight: 400;\">Dica Extra: Bondinho P\u00e3o de A\u00e7\u00facar &#8211; Vista Panor\u00e2mica Deslumbrante<\/span><\/h2>\n<p><img loading=\"lazy\" decoding=\"async\" class=\"alignleft size-full wp-image-4850\" src=\"https:\/\/inbuzios.com.br\/blog\/wp-content\/uploads\/2023\/12\/13.png\" alt=\"\" width=\"1000\" height=\"668\" srcset=\"https:\/\/inbuzios.com.br\/blog\/wp-content\/uploads\/2023\/12\/13.png 1000w, https:\/\/inbuzios.com.br\/blog\/wp-content\/uploads\/2023\/12\/13-300x200.png 300w, https:\/\/inbuzios.com.br\/blog\/wp-content\/uploads\/2023\/12\/13-768x513.png 768w, https:\/\/inbuzios.com.br\/blog\/wp-content\/uploads\/2023\/12\/13-600x401.png 600w\" sizes=\"auto, (max-width: 1000px) 100vw, 1000px\" \/><\/p>\n<p><i><span style=\"font-weight: 400;\">Foto: Wikip\u00e9dia \/ Reprodu\u00e7\u00e3o<\/span><\/i><\/p>\n<p><span style=\"font-weight: 400;\">E, claro, n\u00e3o podemos esquecer do ic\u00f4nico Bondinho P\u00e3o de A\u00e7\u00facar. O <\/span><a href=\"https:\/\/www.instagram.com\/parquebondinho\/\"><b>@parquebondinho<\/b><\/a><span style=\"font-weight: 400;\"> oferece experi\u00eancias de tirar o f\u00f4lego, gastronomia de alta qualidade e uma vista \u00fanica das praias da zona sul do Rio. Confira a programa\u00e7\u00e3o especial no site <\/span><a href=\"http:\/\/www.bondinho.com.br\"><b>www.bondinho.com.br<\/b><\/a><span style=\"font-weight: 400;\">\u00a0 para garantir que sua visita seja completa.<\/span><\/p>\n<p><b>Dica de ouro:<\/b><span style=\"font-weight: 400;\"> explore as experi\u00eancias e tours especiais, como a ecol\u00f3gica, hist\u00f3rica e dos bastidores. O endere\u00e7o \u00e9 Avenida Pasteur, 520 &#8211; Urca, Rio de Janeiro &#8211; RJ.<\/span><\/p>\n<h2><span style=\"font-weight: 400;\">F\u00e9rias de dezembro<\/span><span style=\"font-weight: 400;\">: uma \u00e9poca m\u00e1gica para aproveitar o melhor de B\u00fazios<\/span><\/h2>\n<p><span style=\"font-weight: 400;\">Pronto para embarcar nessa jornada? As <\/span><span style=\"font-weight: 400;\">f\u00e9rias de dezembro<\/span><span style=\"font-weight: 400;\"> em B\u00fazios prometem momentos inesquec\u00edveis. Prepare-se para explorar, se encantar e criar mem\u00f3rias que durar\u00e3o para sempre. Viva o Rio!\u00a0<\/span><\/p>\n<p><span style=\"font-weight: 400;\">N\u00e3o se esque\u00e7a de acompanhar o nosso Instagram <\/span><a href=\"https:\/\/www.instagram.com\/inbuzios\/\"><b>(@inbuzios)<\/b><\/a> <span style=\"font-weight: 400;\">e saber mais sobre praias, passeios, roteiros e muito mais em B\u00fazios. Ent\u00e3o j\u00e1 prepare as malas e venha com a gente nessa viagem incr\u00edvel!<\/span><\/p>\n<p><a href=\"https:\/\/www.inbuzios.com\/home\"><b>Clique aqui<\/b><\/a><span style=\"font-weight: 400;\"> para acessar nosso site e converse com a nossa equipe para tirar todas as suas d\u00favidas e ter mais informa\u00e7\u00f5es!<\/span><\/p>\n<p><b>Leia tamb\u00e9m:<\/b><\/p>\n<ul>\n<li aria-level=\"1\"><a href=\"https:\/\/inbuzios.com.br\/blog\/2020\/01\/27\/do-leme-ao-pontal-conheca-as-praias-do-rio-de-janeiro-parte-1\/\"><b>Do Leme ao Pontal: Conhe\u00e7a as praias do Rio de Janeiro (Parte 1)<\/b><\/a><\/li>\n<\/ul>\n<ul>\n<li aria-level=\"1\"><a href=\"https:\/\/inbuzios.com.br\/blog\/2020\/02\/04\/do-leme-ao-pontal-conheca-as-praias-do-rio-de-janeiro-parte-2\/\"><b>Do Leme ao Pontal: Conhe\u00e7a as praias do Rio de Janeiro (Parte 2)<\/b><\/a><\/li>\n<\/ul>\n<p>&nbsp;<\/p>\n","protected":false},"excerpt":{"rendered":"<p>Se voc\u00ea est\u00e1 planejando suas f\u00e9rias de dezembro e ainda n\u00e3o sabe onde ir, n\u00f3s te ajudamos! Prepare-se para uma experi\u00eancia \u00fanica, repleta de sol, praias e muita divers\u00e3o. \u00c9&#8230;<\/p>\n","protected":false},"author":2,"featured_media":4855,"comment_status":"open","ping_status":"open","sticky":false,"template":"","format":"standard","meta":{"_jetpack_memberships_contains_paid_content":false,"footnotes":""},"categories":[3,5],"tags":[],"class_list":["post-4849","post","type-post","status-publish","format-standard","has-post-thumbnail","hentry","category-dicas","category-lugares-para-conhecer-no-rio-de-janeiro"],"yoast_head":"<!-- This site is optimized with the Yoast SEO plugin v27.4 - https:\/\/yoast.com\/product\/yoast-seo-wordpress\/ -->\n<title>F\u00e9rias de dezembro: 5 passeios imperd\u00edveis para fazer no Rio de Janeiro - In B\u00fazios<\/title>\n<meta name=\"description\" content=\"Descubra os encantos do Rio de Janeiro com nossas dicas de 5 passeios imperd\u00edveis nas f\u00e9rias de dezembro. AquaRio, Parque Lage, Bondinho e mais!\" \/>\n<meta name=\"robots\" content=\"index, follow, max-snippet:-1, max-image-preview:large, max-video-preview:-1\" \/>\n<link rel=\"canonical\" href=\"https:\/\/inbuzios.com.br\/blog\/2023\/12\/22\/ferias-de-dezembro-5-passeios-imperdiveis-para-fazer-no-rio-de-janeiro\/\" \/>\n<meta property=\"og:locale\" content=\"pt_BR\" \/>\n<meta property=\"og:type\" content=\"article\" \/>\n<meta property=\"og:title\" content=\"F\u00e9rias de dezembro: 5 passeios imperd\u00edveis para fazer no Rio de Janeiro - In B\u00fazios\" \/>\n<meta property=\"og:description\" content=\"Descubra os encantos do Rio de Janeiro com nossas dicas de 5 passeios imperd\u00edveis nas f\u00e9rias de dezembro. AquaRio, Parque Lage, Bondinho e mais!\" \/>\n<meta property=\"og:url\" content=\"https:\/\/inbuzios.com.br\/blog\/2023\/12\/22\/ferias-de-dezembro-5-passeios-imperdiveis-para-fazer-no-rio-de-janeiro\/\" \/>\n<meta property=\"og:site_name\" content=\"In B\u00fazios\" \/>\n<meta property=\"article:published_time\" content=\"2023-12-22T19:19:21+00:00\" \/>\n<meta property=\"og:image\" content=\"https:\/\/inbuzios.com.br\/blog\/wp-content\/uploads\/2023\/12\/7.png\" \/>\n\t<meta property=\"og:image:width\" content=\"1000\" \/>\n\t<meta property=\"og:image:height\" content=\"668\" \/>\n\t<meta property=\"og:image:type\" content=\"image\/png\" \/>\n<meta name=\"author\" content=\"Administrador InBuzios\" \/>\n<meta name=\"twitter:card\" content=\"summary_large_image\" \/>\n<meta name=\"twitter:label1\" content=\"Escrito por\" \/>\n\t<meta name=\"twitter:data1\" content=\"Administrador InBuzios\" \/>\n\t<meta name=\"twitter:label2\" content=\"Est. tempo de leitura\" \/>\n\t<meta name=\"twitter:data2\" content=\"6 minutos\" \/>\n<script type=\"application\/ld+json\" class=\"yoast-schema-graph\">{\"@context\":\"https:\\\/\\\/schema.org\",\"@graph\":[{\"@type\":\"Article\",\"@id\":\"https:\\\/\\\/inbuzios.com.br\\\/blog\\\/2023\\\/12\\\/22\\\/ferias-de-dezembro-5-passeios-imperdiveis-para-fazer-no-rio-de-janeiro\\\/#article\",\"isPartOf\":{\"@id\":\"https:\\\/\\\/inbuzios.com.br\\\/blog\\\/2023\\\/12\\\/22\\\/ferias-de-dezembro-5-passeios-imperdiveis-para-fazer-no-rio-de-janeiro\\\/\"},\"author\":{\"name\":\"Administrador InBuzios\",\"@id\":\"https:\\\/\\\/inbuzios.com.br\\\/blog\\\/#\\\/schema\\\/person\\\/bbea7ab9669a1a34c0a5ca8af89947e4\"},\"headline\":\"F\u00e9rias de dezembro: 5 passeios imperd\u00edveis para fazer no Rio de Janeiro\",\"datePublished\":\"2023-12-22T19:19:21+00:00\",\"mainEntityOfPage\":{\"@id\":\"https:\\\/\\\/inbuzios.com.br\\\/blog\\\/2023\\\/12\\\/22\\\/ferias-de-dezembro-5-passeios-imperdiveis-para-fazer-no-rio-de-janeiro\\\/\"},\"wordCount\":933,\"commentCount\":0,\"image\":{\"@id\":\"https:\\\/\\\/inbuzios.com.br\\\/blog\\\/2023\\\/12\\\/22\\\/ferias-de-dezembro-5-passeios-imperdiveis-para-fazer-no-rio-de-janeiro\\\/#primaryimage\"},\"thumbnailUrl\":\"https:\\\/\\\/inbuzios.com.br\\\/blog\\\/wp-content\\\/uploads\\\/2023\\\/12\\\/7.png\",\"articleSection\":[\"Dicas\",\"Lugares para conhecer no Rio de Janeiro\"],\"inLanguage\":\"pt-BR\",\"potentialAction\":[{\"@type\":\"CommentAction\",\"name\":\"Comment\",\"target\":[\"https:\\\/\\\/inbuzios.com.br\\\/blog\\\/2023\\\/12\\\/22\\\/ferias-de-dezembro-5-passeios-imperdiveis-para-fazer-no-rio-de-janeiro\\\/#respond\"]}]},{\"@type\":\"WebPage\",\"@id\":\"https:\\\/\\\/inbuzios.com.br\\\/blog\\\/2023\\\/12\\\/22\\\/ferias-de-dezembro-5-passeios-imperdiveis-para-fazer-no-rio-de-janeiro\\\/\",\"url\":\"https:\\\/\\\/inbuzios.com.br\\\/blog\\\/2023\\\/12\\\/22\\\/ferias-de-dezembro-5-passeios-imperdiveis-para-fazer-no-rio-de-janeiro\\\/\",\"name\":\"F\u00e9rias de dezembro: 5 passeios imperd\u00edveis para fazer no Rio de Janeiro - In B\u00fazios\",\"isPartOf\":{\"@id\":\"https:\\\/\\\/inbuzios.com.br\\\/blog\\\/#website\"},\"primaryImageOfPage\":{\"@id\":\"https:\\\/\\\/inbuzios.com.br\\\/blog\\\/2023\\\/12\\\/22\\\/ferias-de-dezembro-5-passeios-imperdiveis-para-fazer-no-rio-de-janeiro\\\/#primaryimage\"},\"image\":{\"@id\":\"https:\\\/\\\/inbuzios.com.br\\\/blog\\\/2023\\\/12\\\/22\\\/ferias-de-dezembro-5-passeios-imperdiveis-para-fazer-no-rio-de-janeiro\\\/#primaryimage\"},\"thumbnailUrl\":\"https:\\\/\\\/inbuzios.com.br\\\/blog\\\/wp-content\\\/uploads\\\/2023\\\/12\\\/7.png\",\"datePublished\":\"2023-12-22T19:19:21+00:00\",\"author\":{\"@id\":\"https:\\\/\\\/inbuzios.com.br\\\/blog\\\/#\\\/schema\\\/person\\\/bbea7ab9669a1a34c0a5ca8af89947e4\"},\"description\":\"Descubra os encantos do Rio de Janeiro com nossas dicas de 5 passeios imperd\u00edveis nas f\u00e9rias de dezembro. AquaRio, Parque Lage, Bondinho e mais!\",\"breadcrumb\":{\"@id\":\"https:\\\/\\\/inbuzios.com.br\\\/blog\\\/2023\\\/12\\\/22\\\/ferias-de-dezembro-5-passeios-imperdiveis-para-fazer-no-rio-de-janeiro\\\/#breadcrumb\"},\"inLanguage\":\"pt-BR\",\"potentialAction\":[{\"@type\":\"ReadAction\",\"target\":[\"https:\\\/\\\/inbuzios.com.br\\\/blog\\\/2023\\\/12\\\/22\\\/ferias-de-dezembro-5-passeios-imperdiveis-para-fazer-no-rio-de-janeiro\\\/\"]}]},{\"@type\":\"ImageObject\",\"inLanguage\":\"pt-BR\",\"@id\":\"https:\\\/\\\/inbuzios.com.br\\\/blog\\\/2023\\\/12\\\/22\\\/ferias-de-dezembro-5-passeios-imperdiveis-para-fazer-no-rio-de-janeiro\\\/#primaryimage\",\"url\":\"https:\\\/\\\/inbuzios.com.br\\\/blog\\\/wp-content\\\/uploads\\\/2023\\\/12\\\/7.png\",\"contentUrl\":\"https:\\\/\\\/inbuzios.com.br\\\/blog\\\/wp-content\\\/uploads\\\/2023\\\/12\\\/7.png\",\"width\":1000,\"height\":668},{\"@type\":\"BreadcrumbList\",\"@id\":\"https:\\\/\\\/inbuzios.com.br\\\/blog\\\/2023\\\/12\\\/22\\\/ferias-de-dezembro-5-passeios-imperdiveis-para-fazer-no-rio-de-janeiro\\\/#breadcrumb\",\"itemListElement\":[{\"@type\":\"ListItem\",\"position\":1,\"name\":\"In\u00edcio\",\"item\":\"https:\\\/\\\/inbuzios.com.br\\\/blog\\\/\"},{\"@type\":\"ListItem\",\"position\":2,\"name\":\"F\u00e9rias de dezembro: 5 passeios imperd\u00edveis para fazer no Rio de Janeiro\"}]},{\"@type\":\"WebSite\",\"@id\":\"https:\\\/\\\/inbuzios.com.br\\\/blog\\\/#website\",\"url\":\"https:\\\/\\\/inbuzios.com.br\\\/blog\\\/\",\"name\":\"In B\u00fazios\",\"description\":\"Turismo Receptivo\",\"potentialAction\":[{\"@type\":\"SearchAction\",\"target\":{\"@type\":\"EntryPoint\",\"urlTemplate\":\"https:\\\/\\\/inbuzios.com.br\\\/blog\\\/?s={search_term_string}\"},\"query-input\":{\"@type\":\"PropertyValueSpecification\",\"valueRequired\":true,\"valueName\":\"search_term_string\"}}],\"inLanguage\":\"pt-BR\"},{\"@type\":\"Person\",\"@id\":\"https:\\\/\\\/inbuzios.com.br\\\/blog\\\/#\\\/schema\\\/person\\\/bbea7ab9669a1a34c0a5ca8af89947e4\",\"name\":\"Administrador InBuzios\",\"image\":{\"@type\":\"ImageObject\",\"inLanguage\":\"pt-BR\",\"@id\":\"https:\\\/\\\/secure.gravatar.com\\\/avatar\\\/8b70eaa2d258abec51683c3d2372e954b262626305a737d15b94d7bd297bbd7b?s=96&d=mm&r=g\",\"url\":\"https:\\\/\\\/secure.gravatar.com\\\/avatar\\\/8b70eaa2d258abec51683c3d2372e954b262626305a737d15b94d7bd297bbd7b?s=96&d=mm&r=g\",\"contentUrl\":\"https:\\\/\\\/secure.gravatar.com\\\/avatar\\\/8b70eaa2d258abec51683c3d2372e954b262626305a737d15b94d7bd297bbd7b?s=96&d=mm&r=g\",\"caption\":\"Administrador InBuzios\"},\"sameAs\":[\"http:\\\/\\\/www.inbuzios.com\"],\"url\":\"https:\\\/\\\/inbuzios.com.br\\\/blog\\\/author\\\/inbuzios\\\/\"}]}<\/script>\n<!-- \/ Yoast SEO plugin. -->","yoast_head_json":{"title":"F\u00e9rias de dezembro: 5 passeios imperd\u00edveis para fazer no Rio de Janeiro - In B\u00fazios","description":"Descubra os encantos do Rio de Janeiro com nossas dicas de 5 passeios imperd\u00edveis nas f\u00e9rias de dezembro. AquaRio, Parque Lage, Bondinho e mais!","robots":{"index":"index","follow":"follow","max-snippet":"max-snippet:-1","max-image-preview":"max-image-preview:large","max-video-preview":"max-video-preview:-1"},"canonical":"https:\/\/inbuzios.com.br\/blog\/2023\/12\/22\/ferias-de-dezembro-5-passeios-imperdiveis-para-fazer-no-rio-de-janeiro\/","og_locale":"pt_BR","og_type":"article","og_title":"F\u00e9rias de dezembro: 5 passeios imperd\u00edveis para fazer no Rio de Janeiro - In B\u00fazios","og_description":"Descubra os encantos do Rio de Janeiro com nossas dicas de 5 passeios imperd\u00edveis nas f\u00e9rias de dezembro. AquaRio, Parque Lage, Bondinho e mais!","og_url":"https:\/\/inbuzios.com.br\/blog\/2023\/12\/22\/ferias-de-dezembro-5-passeios-imperdiveis-para-fazer-no-rio-de-janeiro\/","og_site_name":"In B\u00fazios","article_published_time":"2023-12-22T19:19:21+00:00","og_image":[{"width":1000,"height":668,"url":"https:\/\/inbuzios.com.br\/blog\/wp-content\/uploads\/2023\/12\/7.png","type":"image\/png"}],"author":"Administrador InBuzios","twitter_card":"summary_large_image","twitter_misc":{"Escrito por":"Administrador InBuzios","Est. tempo de leitura":"6 minutos"},"schema":{"@context":"https:\/\/schema.org","@graph":[{"@type":"Article","@id":"https:\/\/inbuzios.com.br\/blog\/2023\/12\/22\/ferias-de-dezembro-5-passeios-imperdiveis-para-fazer-no-rio-de-janeiro\/#article","isPartOf":{"@id":"https:\/\/inbuzios.com.br\/blog\/2023\/12\/22\/ferias-de-dezembro-5-passeios-imperdiveis-para-fazer-no-rio-de-janeiro\/"},"author":{"name":"Administrador InBuzios","@id":"https:\/\/inbuzios.com.br\/blog\/#\/schema\/person\/bbea7ab9669a1a34c0a5ca8af89947e4"},"headline":"F\u00e9rias de dezembro: 5 passeios imperd\u00edveis para fazer no Rio de Janeiro","datePublished":"2023-12-22T19:19:21+00:00","mainEntityOfPage":{"@id":"https:\/\/inbuzios.com.br\/blog\/2023\/12\/22\/ferias-de-dezembro-5-passeios-imperdiveis-para-fazer-no-rio-de-janeiro\/"},"wordCount":933,"commentCount":0,"image":{"@id":"https:\/\/inbuzios.com.br\/blog\/2023\/12\/22\/ferias-de-dezembro-5-passeios-imperdiveis-para-fazer-no-rio-de-janeiro\/#primaryimage"},"thumbnailUrl":"https:\/\/inbuzios.com.br\/blog\/wp-content\/uploads\/2023\/12\/7.png","articleSection":["Dicas","Lugares para conhecer no Rio de Janeiro"],"inLanguage":"pt-BR","potentialAction":[{"@type":"CommentAction","name":"Comment","target":["https:\/\/inbuzios.com.br\/blog\/2023\/12\/22\/ferias-de-dezembro-5-passeios-imperdiveis-para-fazer-no-rio-de-janeiro\/#respond"]}]},{"@type":"WebPage","@id":"https:\/\/inbuzios.com.br\/blog\/2023\/12\/22\/ferias-de-dezembro-5-passeios-imperdiveis-para-fazer-no-rio-de-janeiro\/","url":"https:\/\/inbuzios.com.br\/blog\/2023\/12\/22\/ferias-de-dezembro-5-passeios-imperdiveis-para-fazer-no-rio-de-janeiro\/","name":"F\u00e9rias de dezembro: 5 passeios imperd\u00edveis para fazer no Rio de Janeiro - In B\u00fazios","isPartOf":{"@id":"https:\/\/inbuzios.com.br\/blog\/#website"},"primaryImageOfPage":{"@id":"https:\/\/inbuzios.com.br\/blog\/2023\/12\/22\/ferias-de-dezembro-5-passeios-imperdiveis-para-fazer-no-rio-de-janeiro\/#primaryimage"},"image":{"@id":"https:\/\/inbuzios.com.br\/blog\/2023\/12\/22\/ferias-de-dezembro-5-passeios-imperdiveis-para-fazer-no-rio-de-janeiro\/#primaryimage"},"thumbnailUrl":"https:\/\/inbuzios.com.br\/blog\/wp-content\/uploads\/2023\/12\/7.png","datePublished":"2023-12-22T19:19:21+00:00","author":{"@id":"https:\/\/inbuzios.com.br\/blog\/#\/schema\/person\/bbea7ab9669a1a34c0a5ca8af89947e4"},"description":"Descubra os encantos do Rio de Janeiro com nossas dicas de 5 passeios imperd\u00edveis nas f\u00e9rias de dezembro. AquaRio, Parque Lage, Bondinho e mais!","breadcrumb":{"@id":"https:\/\/inbuzios.com.br\/blog\/2023\/12\/22\/ferias-de-dezembro-5-passeios-imperdiveis-para-fazer-no-rio-de-janeiro\/#breadcrumb"},"inLanguage":"pt-BR","potentialAction":[{"@type":"ReadAction","target":["https:\/\/inbuzios.com.br\/blog\/2023\/12\/22\/ferias-de-dezembro-5-passeios-imperdiveis-para-fazer-no-rio-de-janeiro\/"]}]},{"@type":"ImageObject","inLanguage":"pt-BR","@id":"https:\/\/inbuzios.com.br\/blog\/2023\/12\/22\/ferias-de-dezembro-5-passeios-imperdiveis-para-fazer-no-rio-de-janeiro\/#primaryimage","url":"https:\/\/inbuzios.com.br\/blog\/wp-content\/uploads\/2023\/12\/7.png","contentUrl":"https:\/\/inbuzios.com.br\/blog\/wp-content\/uploads\/2023\/12\/7.png","width":1000,"height":668},{"@type":"BreadcrumbList","@id":"https:\/\/inbuzios.com.br\/blog\/2023\/12\/22\/ferias-de-dezembro-5-passeios-imperdiveis-para-fazer-no-rio-de-janeiro\/#breadcrumb","itemListElement":[{"@type":"ListItem","position":1,"name":"In\u00edcio","item":"https:\/\/inbuzios.com.br\/blog\/"},{"@type":"ListItem","position":2,"name":"F\u00e9rias de dezembro: 5 passeios imperd\u00edveis para fazer no Rio de Janeiro"}]},{"@type":"WebSite","@id":"https:\/\/inbuzios.com.br\/blog\/#website","url":"https:\/\/inbuzios.com.br\/blog\/","name":"In B\u00fazios","description":"Turismo Receptivo","potentialAction":[{"@type":"SearchAction","target":{"@type":"EntryPoint","urlTemplate":"https:\/\/inbuzios.com.br\/blog\/?s={search_term_string}"},"query-input":{"@type":"PropertyValueSpecification","valueRequired":true,"valueName":"search_term_string"}}],"inLanguage":"pt-BR"},{"@type":"Person","@id":"https:\/\/inbuzios.com.br\/blog\/#\/schema\/person\/bbea7ab9669a1a34c0a5ca8af89947e4","name":"Administrador InBuzios","image":{"@type":"ImageObject","inLanguage":"pt-BR","@id":"https:\/\/secure.gravatar.com\/avatar\/8b70eaa2d258abec51683c3d2372e954b262626305a737d15b94d7bd297bbd7b?s=96&d=mm&r=g","url":"https:\/\/secure.gravatar.com\/avatar\/8b70eaa2d258abec51683c3d2372e954b262626305a737d15b94d7bd297bbd7b?s=96&d=mm&r=g","contentUrl":"https:\/\/secure.gravatar.com\/avatar\/8b70eaa2d258abec51683c3d2372e954b262626305a737d15b94d7bd297bbd7b?s=96&d=mm&r=g","caption":"Administrador InBuzios"},"sameAs":["http:\/\/www.inbuzios.com"],"url":"https:\/\/inbuzios.com.br\/blog\/author\/inbuzios\/"}]}},"jetpack_featured_media_url":"https:\/\/inbuzios.com.br\/blog\/wp-content\/uploads\/2023\/12\/7.png","jetpack_sharing_enabled":true,"amp_enabled":true,"_links":{"self":[{"href":"https:\/\/inbuzios.com.br\/blog\/wp-json\/wp\/v2\/posts\/4849","targetHints":{"allow":["GET"]}}],"collection":[{"href":"https:\/\/inbuzios.com.br\/blog\/wp-json\/wp\/v2\/posts"}],"about":[{"href":"https:\/\/inbuzios.com.br\/blog\/wp-json\/wp\/v2\/types\/post"}],"author":[{"embeddable":true,"href":"https:\/\/inbuzios.com.br\/blog\/wp-json\/wp\/v2\/users\/2"}],"replies":[{"embeddable":true,"href":"https:\/\/inbuzios.com.br\/blog\/wp-json\/wp\/v2\/comments?post=4849"}],"version-history":[{"count":1,"href":"https:\/\/inbuzios.com.br\/blog\/wp-json\/wp\/v2\/posts\/4849\/revisions"}],"predecessor-version":[{"id":4857,"href":"https:\/\/inbuzios.com.br\/blog\/wp-json\/wp\/v2\/posts\/4849\/revisions\/4857"}],"wp:featuredmedia":[{"embeddable":true,"href":"https:\/\/inbuzios.com.br\/blog\/wp-json\/wp\/v2\/media\/4855"}],"wp:attachment":[{"href":"https:\/\/inbuzios.com.br\/blog\/wp-json\/wp\/v2\/media?parent=4849"}],"wp:term":[{"taxonomy":"category","embeddable":true,"href":"https:\/\/inbuzios.com.br\/blog\/wp-json\/wp\/v2\/categories?post=4849"},{"taxonomy":"post_tag","embeddable":true,"href":"https:\/\/inbuzios.com.br\/blog\/wp-json\/wp\/v2\/tags?post=4849"}],"curies":[{"name":"wp","href":"https:\/\/api.w.org\/{rel}","templated":true}]}}