{"id":4882,"date":"2023-12-28T17:35:34","date_gmt":"2023-12-28T17:35:34","guid":{"rendered":"https:\/\/inbuzios.com.br\/blog\/?p=4882"},"modified":"2023-12-28T17:35:34","modified_gmt":"2023-12-28T17:35:34","slug":"verao-passeios-para-curtir-arraial-do-cabo","status":"publish","type":"post","link":"https:\/\/inbuzios.com.br\/blog\/2023\/12\/28\/verao-passeios-para-curtir-arraial-do-cabo\/","title":{"rendered":"Ver\u00e3o: passeios para curtir Arraial do Cabo"},"content":{"rendered":"<p><span style=\"font-weight: 400;\">Se existe uma esta\u00e7\u00e3o do ano feita sob medida para aproveitar as maravilhas de Arraial do Cabo, essa esta\u00e7\u00e3o \u00e9 o ver\u00e3o. Com suas \u00e1guas cristalinas e areias brancas, esse pequeno para\u00edso na Regi\u00e3o dos Lagos, no Rio de Janeiro, se transforma em um verdadeiro Caribe brasileiro.\u00a0<\/span><\/p>\n<p><span style=\"font-weight: 400;\">Vamos explorar alguns dos passeios para aproveitar ao m\u00e1ximo a esta\u00e7\u00e3o em Arraial do Cabo? Ent\u00e3o continue com a gente e conhe\u00e7a as melhores op\u00e7\u00f5es, desde praias \u00fanicas at\u00e9 trilhas emocionantes!\u00a0<\/span><\/p>\n<p><span style=\"font-weight: 400;\">Ent\u00e3o, j\u00e1 separa o protetor solar, pegue seus \u00f3culos de sol e venha descobrir as belezas do litoral carioca.<\/span><\/p>\n<h2><span style=\"font-weight: 400;\">Praias paradis\u00edacas<\/span><\/h2>\n<p><img loading=\"lazy\" decoding=\"async\" class=\"alignleft size-full wp-image-4890\" src=\"https:\/\/inbuzios.com.br\/blog\/wp-content\/uploads\/2023\/12\/5-1.png\" alt=\"\" width=\"1000\" height=\"668\" srcset=\"https:\/\/inbuzios.com.br\/blog\/wp-content\/uploads\/2023\/12\/5-1.png 1000w, https:\/\/inbuzios.com.br\/blog\/wp-content\/uploads\/2023\/12\/5-1-300x200.png 300w, https:\/\/inbuzios.com.br\/blog\/wp-content\/uploads\/2023\/12\/5-1-768x513.png 768w, https:\/\/inbuzios.com.br\/blog\/wp-content\/uploads\/2023\/12\/5-1-600x401.png 600w\" sizes=\"auto, (max-width: 1000px) 100vw, 1000px\" \/><\/p>\n<p><span style=\"font-weight: 400;\">Arraial do Cabo \u00e9 famosa por suas praias paradis\u00edacas, e n\u00e3o \u00e9 \u00e0 toa que possui o t\u00edtulo de &#8220;Caribe Brasileiro&#8221;.\u00a0<\/span><\/p>\n<p><span style=\"font-weight: 400;\">Entre as op\u00e7\u00f5es para curtir o ver\u00e3o, destacam-se a Praia do Farol, Prainhas do Pontal do Atalaia, Praia do Forno, Praia Grande e a Praia dos Anjos. Cada uma delas oferece paisagens naturais de tirar o f\u00f4lego, areias finas e \u00e1guas cristalinas que convidam a um mergulho refrescante.\u00a0<\/span><\/p>\n<p><span style=\"font-weight: 400;\">A Praia do Farol, por exemplo, \u00e9 exclusiva, acess\u00edvel apenas por barco, garantindo um ref\u00fagio tranquilo para os amantes da natureza.<\/span><\/p>\n<h2><span style=\"font-weight: 400;\">Mergulho nas \u00e1guas profundas<\/span><\/h2>\n<p><img loading=\"lazy\" decoding=\"async\" class=\"alignleft size-full wp-image-4887\" src=\"https:\/\/inbuzios.com.br\/blog\/wp-content\/uploads\/2023\/12\/Mergulho.png\" alt=\"\" width=\"1000\" height=\"668\" srcset=\"https:\/\/inbuzios.com.br\/blog\/wp-content\/uploads\/2023\/12\/Mergulho.png 1000w, https:\/\/inbuzios.com.br\/blog\/wp-content\/uploads\/2023\/12\/Mergulho-300x200.png 300w, https:\/\/inbuzios.com.br\/blog\/wp-content\/uploads\/2023\/12\/Mergulho-768x513.png 768w, https:\/\/inbuzios.com.br\/blog\/wp-content\/uploads\/2023\/12\/Mergulho-600x401.png 600w\" sizes=\"auto, (max-width: 1000px) 100vw, 1000px\" \/><\/p>\n<p><i><span style=\"font-weight: 400;\">Foto: 4fly\/Reprodu\u00e7\u00e3o<\/span><\/i><\/p>\n<p><span style=\"font-weight: 400;\">Arraial do Cabo n\u00e3o \u00e9 apenas uma vis\u00e3o do Caribe brasileiro na superf\u00edcie, mas tamb\u00e9m a Capital Nacional do Mergulho. O fen\u00f4meno da ressurg\u00eancia traz \u00e1guas profundas e transparentes, atraindo uma incr\u00edvel variedade de vida marinha.\u00a0<\/span><\/p>\n<p><span style=\"font-weight: 400;\">O mergulho, \u00e9 uma experi\u00eancia \u00fanica para aproveitar ao m\u00e1ximo o ver\u00e3o. Tartarugas, arraias e coloridos corais s\u00e3o apenas alguns dos tesouros que aguardam os aventureiros subaqu\u00e1ticos. Mesmo iniciantes podem viver essa emo\u00e7\u00e3o com mergulhos de batismo, oferecidos por operadoras locais.\u00a0<\/span><\/p>\n<h2><span style=\"font-weight: 400;\">Snorkel<\/span><\/h2>\n<p><img loading=\"lazy\" decoding=\"async\" class=\"alignleft size-full wp-image-4883\" src=\"https:\/\/inbuzios.com.br\/blog\/wp-content\/uploads\/2023\/12\/Snorkel.png\" alt=\"\" width=\"1000\" height=\"668\" srcset=\"https:\/\/inbuzios.com.br\/blog\/wp-content\/uploads\/2023\/12\/Snorkel.png 1000w, https:\/\/inbuzios.com.br\/blog\/wp-content\/uploads\/2023\/12\/Snorkel-300x200.png 300w, https:\/\/inbuzios.com.br\/blog\/wp-content\/uploads\/2023\/12\/Snorkel-768x513.png 768w, https:\/\/inbuzios.com.br\/blog\/wp-content\/uploads\/2023\/12\/Snorkel-600x401.png 600w\" sizes=\"auto, (max-width: 1000px) 100vw, 1000px\" \/><\/p>\n<p><i><span style=\"font-weight: 400;\">Foto: Guia da Semana\/Reprodu\u00e7\u00e3o<\/span><\/i><\/p>\n<p><span style=\"font-weight: 400;\">Para aqueles que preferem uma aventura de ver\u00e3o mais leve, o snorkel \u00e9 a op\u00e7\u00e3o perfeita. Alugue o equipamento durante um passeio de barco e descubra a beleza escondida nas \u00e1guas das praias de Arraial.\u00a0<\/span><\/p>\n<p><span style=\"font-weight: 400;\">Se voc\u00ea j\u00e1 possui seu pr\u00f3prio equipamento, a Prainha \u00e9 o local ideal para nadar com tartarugas e peixinhos, proporcionando uma experi\u00eancia \u00fanica em meio \u00e0 natureza marinha.<\/span><\/p>\n<h2><span style=\"font-weight: 400;\">Trilhas para explorar<\/span><\/h2>\n<p><img loading=\"lazy\" decoding=\"async\" class=\"alignleft size-full wp-image-4893\" src=\"https:\/\/inbuzios.com.br\/blog\/wp-content\/uploads\/2023\/12\/Captura-de-tela-2023-12-28-143238.png\" alt=\"\" width=\"941\" height=\"618\" srcset=\"https:\/\/inbuzios.com.br\/blog\/wp-content\/uploads\/2023\/12\/Captura-de-tela-2023-12-28-143238.png 941w, https:\/\/inbuzios.com.br\/blog\/wp-content\/uploads\/2023\/12\/Captura-de-tela-2023-12-28-143238-300x197.png 300w, https:\/\/inbuzios.com.br\/blog\/wp-content\/uploads\/2023\/12\/Captura-de-tela-2023-12-28-143238-768x504.png 768w, https:\/\/inbuzios.com.br\/blog\/wp-content\/uploads\/2023\/12\/Captura-de-tela-2023-12-28-143238-600x394.png 600w\" sizes=\"auto, (max-width: 941px) 100vw, 941px\" \/><\/p>\n<p><span style=\"font-weight: 400;\">Em pleno ver\u00e3o, Arraial do Cabo oferece trilhas que levam a vistas inesquec\u00edveis. A Praia dos Anjos\/Forno proporciona uma caminhada f\u00e1cil com recompensas espetaculares do mirante da Praia do Forno.\u00a0<\/span><\/p>\n<p><span style=\"font-weight: 400;\">A trilha Praia Grande\/Brava, de f\u00e1cil a m\u00e9dia dificuldade, passa por mirantes incr\u00edveis e termina na encantadora Praia Brava. J\u00e1 a trilha para a Prainha do Forno e Mirante da Cabocla oferece uma experi\u00eancia de n\u00edvel m\u00e9dio, com uma linda paisagem ao longo do percurso.\u00a0<\/span><\/p>\n<p><span style=\"font-weight: 400;\">\u00c9 crucial ter um guia para garantir uma explora\u00e7\u00e3o segura e sem contratempos.\u00a0<\/span><\/p>\n<h2><span style=\"font-weight: 400;\">Bate-volta para B\u00fazios e Cabo Frio<\/span><\/h2>\n<p><img loading=\"lazy\" decoding=\"async\" class=\"alignleft size-full wp-image-4885\" src=\"https:\/\/inbuzios.com.br\/blog\/wp-content\/uploads\/2023\/12\/Bate-volta.png\" alt=\"\" width=\"1000\" height=\"668\" srcset=\"https:\/\/inbuzios.com.br\/blog\/wp-content\/uploads\/2023\/12\/Bate-volta.png 1000w, https:\/\/inbuzios.com.br\/blog\/wp-content\/uploads\/2023\/12\/Bate-volta-300x200.png 300w, https:\/\/inbuzios.com.br\/blog\/wp-content\/uploads\/2023\/12\/Bate-volta-768x513.png 768w, https:\/\/inbuzios.com.br\/blog\/wp-content\/uploads\/2023\/12\/Bate-volta-600x401.png 600w\" sizes=\"auto, (max-width: 1000px) 100vw, 1000px\" \/><\/p>\n<p><i><span style=\"font-weight: 400;\">Foto: Hoteis.com\/Reprodu\u00e7\u00e3o<\/span><\/i><\/p>\n<p><span style=\"font-weight: 400;\">Aproveite a proximidade de Arraial do Cabo para fazer incr\u00edveis bate-voltas durante o ver\u00e3o. B\u00fazios, a apenas 39 km, \u00e9 um destino encantador com praias como Gerib\u00e1, Ferradurinha e Jo\u00e3o Fernandes.\u00a0<\/span><\/p>\n<p><span style=\"font-weight: 400;\">N\u00e3o deixe de explorar a Rua das Pedras e a Orla Bardot, que oferecem uma vida bo\u00eamia noturna inesquec\u00edvel. Cabo Frio, a 15 minutos de dist\u00e2ncia, impressiona com a Praia do Forte e a Ilha do Japon\u00eas.\u00a0<\/span><\/p>\n<p><span style=\"font-weight: 400;\">Nossa dica \u00e9 tamb\u00e9m fazer uma trilha para descobrir as Praias das Dunas e Conchas, garantindo um dia repleto de beleza e cultura.<\/span><\/p>\n<h2><span style=\"font-weight: 400;\">Mirantes para contemplar<\/span><\/h2>\n<p><img loading=\"lazy\" decoding=\"async\" class=\"alignleft size-full wp-image-4889\" src=\"https:\/\/inbuzios.com.br\/blog\/wp-content\/uploads\/2023\/12\/Praias-paradisiacas.png\" alt=\"\" width=\"1000\" height=\"668\" srcset=\"https:\/\/inbuzios.com.br\/blog\/wp-content\/uploads\/2023\/12\/Praias-paradisiacas.png 1000w, https:\/\/inbuzios.com.br\/blog\/wp-content\/uploads\/2023\/12\/Praias-paradisiacas-300x200.png 300w, https:\/\/inbuzios.com.br\/blog\/wp-content\/uploads\/2023\/12\/Praias-paradisiacas-768x513.png 768w, https:\/\/inbuzios.com.br\/blog\/wp-content\/uploads\/2023\/12\/Praias-paradisiacas-600x401.png 600w\" sizes=\"auto, (max-width: 1000px) 100vw, 1000px\" \/><\/p>\n<p><i><span style=\"font-weight: 400;\">Foto: Viagens Cinematogr\u00e1ficas\/Reprodu\u00e7\u00e3o<\/span><\/i><\/p>\n<p><span style=\"font-weight: 400;\">Arraial do Cabo tamb\u00e9m oferece espet\u00e1culos irresist\u00edveis para conhecer em terra firme, no ver\u00e3o. O mirante da trilha que leva \u00e0 Praia do Forno proporciona uma vista panor\u00e2mica impressionante.\u00a0<\/span><\/p>\n<p><span style=\"font-weight: 400;\">Ao entrar na cidade, um mirante na estrada oferece uma vis\u00e3o encantadora da Prainha. Nas Prainhas do Pontal do Atalaia, a longa escadaria de madeira revela um cen\u00e1rio magn\u00edfico, com a Ilha de Cabo Frio e a Praia do Farol ao fundo.\u00a0<\/span><\/p>\n<p><span style=\"font-weight: 400;\">Cada mirante reserva uma experi\u00eancia \u00fanica para todos os amantes da beleza natural.<\/span><\/p>\n<h2><span style=\"font-weight: 400;\">Arraial do Cabo no ver\u00e3o: para\u00edsos e aventuras inesquec\u00edveis<\/span><\/h2>\n<p><span style=\"font-weight: 400;\">Em Arraial do Cabo, o ver\u00e3o \u00e9 uma temporada de descobertas e aventuras inesquec\u00edveis. Seja explorando as praias paradis\u00edacas, mergulhando nas \u00e1guas transparentes, trilhando caminhos deslumbrantes ou fazendo bate-voltas para B\u00fazios e Cabo Frio, este destino oferece experi\u00eancias para todos os gostos.\u00a0<\/span><\/p>\n<p><span style=\"font-weight: 400;\">Esteja pronto para se apaixonar pelo Caribe Brasileiro e viva um ver\u00e3o cheio de momentos incr\u00edveis em Arraial do Cabo! N\u00e3o perca a chance de criar mem\u00f3rias que durar\u00e3o para sempre neste para\u00edso \u00e0 beira-mar.<\/span><\/p>\n<p><span style=\"font-weight: 400;\">N\u00e3o se esque\u00e7a de acompanhar o nosso Instagram <\/span><a href=\"https:\/\/www.instagram.com\/inbuzios\/\"><b>(@inbuzios)<\/b><\/a> <span style=\"font-weight: 400;\">e saber mais sobre praias, passeios, roteiros e muito mais no Rio de Janeiro e toda a Regi\u00e3o dos Lagos. Ent\u00e3o j\u00e1 prepare as malas e venha com a gente nessa viagem incr\u00edvel!<\/span><\/p>\n<p><a href=\"https:\/\/www.inbuzios.com\/home\"><b>Clique aqui<\/b><\/a><span style=\"font-weight: 400;\"> para acessar nosso site e converse com a nossa equipe para tirar todas as suas d\u00favidas e ter mais informa\u00e7\u00f5es!<\/span><\/p>\n<p><b>Leia tamb\u00e9m:<\/b><\/p>\n<ul>\n<li aria-level=\"1\"><a href=\"https:\/\/inbuzios.com.br\/blog\/2023\/12\/21\/buzios-melhores-atracoes-e-passeios-para-curtir-em-familia\/\"><b>B\u00fazios: melhores atra\u00e7\u00f5es e passeios para curtir em fam\u00edlia<\/b><\/a><\/li>\n<li><b><\/b><a href=\"https:\/\/inbuzios.com.br\/blog\/2021\/04\/28\/caribe-brasileiro-veja-5-opcoes-de-passeios-em-arraial\/\"><b>Caribe brasileiro: veja 5 op\u00e7\u00f5es de passeios em Arraial!<\/b><b><br \/>\n<\/b><\/a><\/li>\n<\/ul>\n","protected":false},"excerpt":{"rendered":"<p>Se existe uma esta\u00e7\u00e3o do ano feita sob medida para aproveitar as maravilhas de Arraial do Cabo, essa esta\u00e7\u00e3o \u00e9 o ver\u00e3o. Com suas \u00e1guas cristalinas e areias brancas, esse&#8230;<\/p>\n","protected":false},"author":2,"featured_media":4886,"comment_status":"open","ping_status":"open","sticky":false,"template":"","format":"standard","meta":{"_jetpack_memberships_contains_paid_content":false,"footnotes":""},"categories":[3],"tags":[],"class_list":["post-4882","post","type-post","status-publish","format-standard","has-post-thumbnail","hentry","category-dicas"],"yoast_head":"<!-- This site is optimized with the Yoast SEO plugin v27.4 - https:\/\/yoast.com\/product\/yoast-seo-wordpress\/ -->\n<title>Ver\u00e3o: passeios para curtir Arraial do Cabo - In B\u00fazios<\/title>\n<meta name=\"description\" content=\"Descubra as maravilhas do ver\u00e3o em Arraial do Cabo: praias paradis\u00edacas, mergulhos incr\u00edveis e trilhas. Um para\u00edso litor\u00e2neo imperd\u00edvel!\" \/>\n<meta name=\"robots\" content=\"index, follow, max-snippet:-1, max-image-preview:large, max-video-preview:-1\" \/>\n<link rel=\"canonical\" href=\"https:\/\/inbuzios.com.br\/blog\/2023\/12\/28\/verao-passeios-para-curtir-arraial-do-cabo\/\" \/>\n<meta property=\"og:locale\" content=\"pt_BR\" \/>\n<meta property=\"og:type\" content=\"article\" \/>\n<meta property=\"og:title\" content=\"Ver\u00e3o: passeios para curtir Arraial do Cabo - In B\u00fazios\" \/>\n<meta property=\"og:description\" content=\"Descubra as maravilhas do ver\u00e3o em Arraial do Cabo: praias paradis\u00edacas, mergulhos incr\u00edveis e trilhas. Um para\u00edso litor\u00e2neo imperd\u00edvel!\" \/>\n<meta property=\"og:url\" content=\"https:\/\/inbuzios.com.br\/blog\/2023\/12\/28\/verao-passeios-para-curtir-arraial-do-cabo\/\" \/>\n<meta property=\"og:site_name\" content=\"In B\u00fazios\" \/>\n<meta property=\"article:published_time\" content=\"2023-12-28T17:35:34+00:00\" \/>\n<meta property=\"og:image\" content=\"https:\/\/inbuzios.com.br\/blog\/wp-content\/uploads\/2023\/12\/IMAGEM-DESTAQUE-4.png\" \/>\n\t<meta property=\"og:image:width\" content=\"1000\" \/>\n\t<meta property=\"og:image:height\" content=\"668\" \/>\n\t<meta property=\"og:image:type\" content=\"image\/png\" \/>\n<meta name=\"author\" content=\"Administrador InBuzios\" \/>\n<meta name=\"twitter:card\" content=\"summary_large_image\" \/>\n<meta name=\"twitter:label1\" content=\"Escrito por\" \/>\n\t<meta name=\"twitter:data1\" content=\"Administrador InBuzios\" \/>\n\t<meta name=\"twitter:label2\" content=\"Est. tempo de leitura\" \/>\n\t<meta name=\"twitter:data2\" content=\"6 minutos\" \/>\n<script type=\"application\/ld+json\" class=\"yoast-schema-graph\">{\"@context\":\"https:\\\/\\\/schema.org\",\"@graph\":[{\"@type\":\"Article\",\"@id\":\"https:\\\/\\\/inbuzios.com.br\\\/blog\\\/2023\\\/12\\\/28\\\/verao-passeios-para-curtir-arraial-do-cabo\\\/#article\",\"isPartOf\":{\"@id\":\"https:\\\/\\\/inbuzios.com.br\\\/blog\\\/2023\\\/12\\\/28\\\/verao-passeios-para-curtir-arraial-do-cabo\\\/\"},\"author\":{\"name\":\"Administrador InBuzios\",\"@id\":\"https:\\\/\\\/inbuzios.com.br\\\/blog\\\/#\\\/schema\\\/person\\\/bbea7ab9669a1a34c0a5ca8af89947e4\"},\"headline\":\"Ver\u00e3o: passeios para curtir Arraial do Cabo\",\"datePublished\":\"2023-12-28T17:35:34+00:00\",\"mainEntityOfPage\":{\"@id\":\"https:\\\/\\\/inbuzios.com.br\\\/blog\\\/2023\\\/12\\\/28\\\/verao-passeios-para-curtir-arraial-do-cabo\\\/\"},\"wordCount\":884,\"commentCount\":0,\"image\":{\"@id\":\"https:\\\/\\\/inbuzios.com.br\\\/blog\\\/2023\\\/12\\\/28\\\/verao-passeios-para-curtir-arraial-do-cabo\\\/#primaryimage\"},\"thumbnailUrl\":\"https:\\\/\\\/inbuzios.com.br\\\/blog\\\/wp-content\\\/uploads\\\/2023\\\/12\\\/IMAGEM-DESTAQUE-4.png\",\"articleSection\":[\"Dicas\"],\"inLanguage\":\"pt-BR\",\"potentialAction\":[{\"@type\":\"CommentAction\",\"name\":\"Comment\",\"target\":[\"https:\\\/\\\/inbuzios.com.br\\\/blog\\\/2023\\\/12\\\/28\\\/verao-passeios-para-curtir-arraial-do-cabo\\\/#respond\"]}]},{\"@type\":\"WebPage\",\"@id\":\"https:\\\/\\\/inbuzios.com.br\\\/blog\\\/2023\\\/12\\\/28\\\/verao-passeios-para-curtir-arraial-do-cabo\\\/\",\"url\":\"https:\\\/\\\/inbuzios.com.br\\\/blog\\\/2023\\\/12\\\/28\\\/verao-passeios-para-curtir-arraial-do-cabo\\\/\",\"name\":\"Ver\u00e3o: passeios para curtir Arraial do Cabo - In B\u00fazios\",\"isPartOf\":{\"@id\":\"https:\\\/\\\/inbuzios.com.br\\\/blog\\\/#website\"},\"primaryImageOfPage\":{\"@id\":\"https:\\\/\\\/inbuzios.com.br\\\/blog\\\/2023\\\/12\\\/28\\\/verao-passeios-para-curtir-arraial-do-cabo\\\/#primaryimage\"},\"image\":{\"@id\":\"https:\\\/\\\/inbuzios.com.br\\\/blog\\\/2023\\\/12\\\/28\\\/verao-passeios-para-curtir-arraial-do-cabo\\\/#primaryimage\"},\"thumbnailUrl\":\"https:\\\/\\\/inbuzios.com.br\\\/blog\\\/wp-content\\\/uploads\\\/2023\\\/12\\\/IMAGEM-DESTAQUE-4.png\",\"datePublished\":\"2023-12-28T17:35:34+00:00\",\"author\":{\"@id\":\"https:\\\/\\\/inbuzios.com.br\\\/blog\\\/#\\\/schema\\\/person\\\/bbea7ab9669a1a34c0a5ca8af89947e4\"},\"description\":\"Descubra as maravilhas do ver\u00e3o em Arraial do Cabo: praias paradis\u00edacas, mergulhos incr\u00edveis e trilhas. Um para\u00edso litor\u00e2neo imperd\u00edvel!\",\"breadcrumb\":{\"@id\":\"https:\\\/\\\/inbuzios.com.br\\\/blog\\\/2023\\\/12\\\/28\\\/verao-passeios-para-curtir-arraial-do-cabo\\\/#breadcrumb\"},\"inLanguage\":\"pt-BR\",\"potentialAction\":[{\"@type\":\"ReadAction\",\"target\":[\"https:\\\/\\\/inbuzios.com.br\\\/blog\\\/2023\\\/12\\\/28\\\/verao-passeios-para-curtir-arraial-do-cabo\\\/\"]}]},{\"@type\":\"ImageObject\",\"inLanguage\":\"pt-BR\",\"@id\":\"https:\\\/\\\/inbuzios.com.br\\\/blog\\\/2023\\\/12\\\/28\\\/verao-passeios-para-curtir-arraial-do-cabo\\\/#primaryimage\",\"url\":\"https:\\\/\\\/inbuzios.com.br\\\/blog\\\/wp-content\\\/uploads\\\/2023\\\/12\\\/IMAGEM-DESTAQUE-4.png\",\"contentUrl\":\"https:\\\/\\\/inbuzios.com.br\\\/blog\\\/wp-content\\\/uploads\\\/2023\\\/12\\\/IMAGEM-DESTAQUE-4.png\",\"width\":1000,\"height\":668},{\"@type\":\"BreadcrumbList\",\"@id\":\"https:\\\/\\\/inbuzios.com.br\\\/blog\\\/2023\\\/12\\\/28\\\/verao-passeios-para-curtir-arraial-do-cabo\\\/#breadcrumb\",\"itemListElement\":[{\"@type\":\"ListItem\",\"position\":1,\"name\":\"In\u00edcio\",\"item\":\"https:\\\/\\\/inbuzios.com.br\\\/blog\\\/\"},{\"@type\":\"ListItem\",\"position\":2,\"name\":\"Ver\u00e3o: passeios para curtir Arraial do Cabo\"}]},{\"@type\":\"WebSite\",\"@id\":\"https:\\\/\\\/inbuzios.com.br\\\/blog\\\/#website\",\"url\":\"https:\\\/\\\/inbuzios.com.br\\\/blog\\\/\",\"name\":\"In B\u00fazios\",\"description\":\"Turismo Receptivo\",\"potentialAction\":[{\"@type\":\"SearchAction\",\"target\":{\"@type\":\"EntryPoint\",\"urlTemplate\":\"https:\\\/\\\/inbuzios.com.br\\\/blog\\\/?s={search_term_string}\"},\"query-input\":{\"@type\":\"PropertyValueSpecification\",\"valueRequired\":true,\"valueName\":\"search_term_string\"}}],\"inLanguage\":\"pt-BR\"},{\"@type\":\"Person\",\"@id\":\"https:\\\/\\\/inbuzios.com.br\\\/blog\\\/#\\\/schema\\\/person\\\/bbea7ab9669a1a34c0a5ca8af89947e4\",\"name\":\"Administrador InBuzios\",\"image\":{\"@type\":\"ImageObject\",\"inLanguage\":\"pt-BR\",\"@id\":\"https:\\\/\\\/secure.gravatar.com\\\/avatar\\\/8b70eaa2d258abec51683c3d2372e954b262626305a737d15b94d7bd297bbd7b?s=96&d=mm&r=g\",\"url\":\"https:\\\/\\\/secure.gravatar.com\\\/avatar\\\/8b70eaa2d258abec51683c3d2372e954b262626305a737d15b94d7bd297bbd7b?s=96&d=mm&r=g\",\"contentUrl\":\"https:\\\/\\\/secure.gravatar.com\\\/avatar\\\/8b70eaa2d258abec51683c3d2372e954b262626305a737d15b94d7bd297bbd7b?s=96&d=mm&r=g\",\"caption\":\"Administrador InBuzios\"},\"sameAs\":[\"http:\\\/\\\/www.inbuzios.com\"],\"url\":\"https:\\\/\\\/inbuzios.com.br\\\/blog\\\/author\\\/inbuzios\\\/\"}]}<\/script>\n<!-- \/ Yoast SEO plugin. -->","yoast_head_json":{"title":"Ver\u00e3o: passeios para curtir Arraial do Cabo - In B\u00fazios","description":"Descubra as maravilhas do ver\u00e3o em Arraial do Cabo: praias paradis\u00edacas, mergulhos incr\u00edveis e trilhas. Um para\u00edso litor\u00e2neo imperd\u00edvel!","robots":{"index":"index","follow":"follow","max-snippet":"max-snippet:-1","max-image-preview":"max-image-preview:large","max-video-preview":"max-video-preview:-1"},"canonical":"https:\/\/inbuzios.com.br\/blog\/2023\/12\/28\/verao-passeios-para-curtir-arraial-do-cabo\/","og_locale":"pt_BR","og_type":"article","og_title":"Ver\u00e3o: passeios para curtir Arraial do Cabo - In B\u00fazios","og_description":"Descubra as maravilhas do ver\u00e3o em Arraial do Cabo: praias paradis\u00edacas, mergulhos incr\u00edveis e trilhas. Um para\u00edso litor\u00e2neo imperd\u00edvel!","og_url":"https:\/\/inbuzios.com.br\/blog\/2023\/12\/28\/verao-passeios-para-curtir-arraial-do-cabo\/","og_site_name":"In B\u00fazios","article_published_time":"2023-12-28T17:35:34+00:00","og_image":[{"width":1000,"height":668,"url":"https:\/\/inbuzios.com.br\/blog\/wp-content\/uploads\/2023\/12\/IMAGEM-DESTAQUE-4.png","type":"image\/png"}],"author":"Administrador InBuzios","twitter_card":"summary_large_image","twitter_misc":{"Escrito por":"Administrador InBuzios","Est. tempo de leitura":"6 minutos"},"schema":{"@context":"https:\/\/schema.org","@graph":[{"@type":"Article","@id":"https:\/\/inbuzios.com.br\/blog\/2023\/12\/28\/verao-passeios-para-curtir-arraial-do-cabo\/#article","isPartOf":{"@id":"https:\/\/inbuzios.com.br\/blog\/2023\/12\/28\/verao-passeios-para-curtir-arraial-do-cabo\/"},"author":{"name":"Administrador InBuzios","@id":"https:\/\/inbuzios.com.br\/blog\/#\/schema\/person\/bbea7ab9669a1a34c0a5ca8af89947e4"},"headline":"Ver\u00e3o: passeios para curtir Arraial do Cabo","datePublished":"2023-12-28T17:35:34+00:00","mainEntityOfPage":{"@id":"https:\/\/inbuzios.com.br\/blog\/2023\/12\/28\/verao-passeios-para-curtir-arraial-do-cabo\/"},"wordCount":884,"commentCount":0,"image":{"@id":"https:\/\/inbuzios.com.br\/blog\/2023\/12\/28\/verao-passeios-para-curtir-arraial-do-cabo\/#primaryimage"},"thumbnailUrl":"https:\/\/inbuzios.com.br\/blog\/wp-content\/uploads\/2023\/12\/IMAGEM-DESTAQUE-4.png","articleSection":["Dicas"],"inLanguage":"pt-BR","potentialAction":[{"@type":"CommentAction","name":"Comment","target":["https:\/\/inbuzios.com.br\/blog\/2023\/12\/28\/verao-passeios-para-curtir-arraial-do-cabo\/#respond"]}]},{"@type":"WebPage","@id":"https:\/\/inbuzios.com.br\/blog\/2023\/12\/28\/verao-passeios-para-curtir-arraial-do-cabo\/","url":"https:\/\/inbuzios.com.br\/blog\/2023\/12\/28\/verao-passeios-para-curtir-arraial-do-cabo\/","name":"Ver\u00e3o: passeios para curtir Arraial do Cabo - In B\u00fazios","isPartOf":{"@id":"https:\/\/inbuzios.com.br\/blog\/#website"},"primaryImageOfPage":{"@id":"https:\/\/inbuzios.com.br\/blog\/2023\/12\/28\/verao-passeios-para-curtir-arraial-do-cabo\/#primaryimage"},"image":{"@id":"https:\/\/inbuzios.com.br\/blog\/2023\/12\/28\/verao-passeios-para-curtir-arraial-do-cabo\/#primaryimage"},"thumbnailUrl":"https:\/\/inbuzios.com.br\/blog\/wp-content\/uploads\/2023\/12\/IMAGEM-DESTAQUE-4.png","datePublished":"2023-12-28T17:35:34+00:00","author":{"@id":"https:\/\/inbuzios.com.br\/blog\/#\/schema\/person\/bbea7ab9669a1a34c0a5ca8af89947e4"},"description":"Descubra as maravilhas do ver\u00e3o em Arraial do Cabo: praias paradis\u00edacas, mergulhos incr\u00edveis e trilhas. Um para\u00edso litor\u00e2neo imperd\u00edvel!","breadcrumb":{"@id":"https:\/\/inbuzios.com.br\/blog\/2023\/12\/28\/verao-passeios-para-curtir-arraial-do-cabo\/#breadcrumb"},"inLanguage":"pt-BR","potentialAction":[{"@type":"ReadAction","target":["https:\/\/inbuzios.com.br\/blog\/2023\/12\/28\/verao-passeios-para-curtir-arraial-do-cabo\/"]}]},{"@type":"ImageObject","inLanguage":"pt-BR","@id":"https:\/\/inbuzios.com.br\/blog\/2023\/12\/28\/verao-passeios-para-curtir-arraial-do-cabo\/#primaryimage","url":"https:\/\/inbuzios.com.br\/blog\/wp-content\/uploads\/2023\/12\/IMAGEM-DESTAQUE-4.png","contentUrl":"https:\/\/inbuzios.com.br\/blog\/wp-content\/uploads\/2023\/12\/IMAGEM-DESTAQUE-4.png","width":1000,"height":668},{"@type":"BreadcrumbList","@id":"https:\/\/inbuzios.com.br\/blog\/2023\/12\/28\/verao-passeios-para-curtir-arraial-do-cabo\/#breadcrumb","itemListElement":[{"@type":"ListItem","position":1,"name":"In\u00edcio","item":"https:\/\/inbuzios.com.br\/blog\/"},{"@type":"ListItem","position":2,"name":"Ver\u00e3o: passeios para curtir Arraial do Cabo"}]},{"@type":"WebSite","@id":"https:\/\/inbuzios.com.br\/blog\/#website","url":"https:\/\/inbuzios.com.br\/blog\/","name":"In B\u00fazios","description":"Turismo Receptivo","potentialAction":[{"@type":"SearchAction","target":{"@type":"EntryPoint","urlTemplate":"https:\/\/inbuzios.com.br\/blog\/?s={search_term_string}"},"query-input":{"@type":"PropertyValueSpecification","valueRequired":true,"valueName":"search_term_string"}}],"inLanguage":"pt-BR"},{"@type":"Person","@id":"https:\/\/inbuzios.com.br\/blog\/#\/schema\/person\/bbea7ab9669a1a34c0a5ca8af89947e4","name":"Administrador InBuzios","image":{"@type":"ImageObject","inLanguage":"pt-BR","@id":"https:\/\/secure.gravatar.com\/avatar\/8b70eaa2d258abec51683c3d2372e954b262626305a737d15b94d7bd297bbd7b?s=96&d=mm&r=g","url":"https:\/\/secure.gravatar.com\/avatar\/8b70eaa2d258abec51683c3d2372e954b262626305a737d15b94d7bd297bbd7b?s=96&d=mm&r=g","contentUrl":"https:\/\/secure.gravatar.com\/avatar\/8b70eaa2d258abec51683c3d2372e954b262626305a737d15b94d7bd297bbd7b?s=96&d=mm&r=g","caption":"Administrador InBuzios"},"sameAs":["http:\/\/www.inbuzios.com"],"url":"https:\/\/inbuzios.com.br\/blog\/author\/inbuzios\/"}]}},"jetpack_featured_media_url":"https:\/\/inbuzios.com.br\/blog\/wp-content\/uploads\/2023\/12\/IMAGEM-DESTAQUE-4.png","jetpack_sharing_enabled":true,"amp_enabled":true,"_links":{"self":[{"href":"https:\/\/inbuzios.com.br\/blog\/wp-json\/wp\/v2\/posts\/4882","targetHints":{"allow":["GET"]}}],"collection":[{"href":"https:\/\/inbuzios.com.br\/blog\/wp-json\/wp\/v2\/posts"}],"about":[{"href":"https:\/\/inbuzios.com.br\/blog\/wp-json\/wp\/v2\/types\/post"}],"author":[{"embeddable":true,"href":"https:\/\/inbuzios.com.br\/blog\/wp-json\/wp\/v2\/users\/2"}],"replies":[{"embeddable":true,"href":"https:\/\/inbuzios.com.br\/blog\/wp-json\/wp\/v2\/comments?post=4882"}],"version-history":[{"count":1,"href":"https:\/\/inbuzios.com.br\/blog\/wp-json\/wp\/v2\/posts\/4882\/revisions"}],"predecessor-version":[{"id":4894,"href":"https:\/\/inbuzios.com.br\/blog\/wp-json\/wp\/v2\/posts\/4882\/revisions\/4894"}],"wp:featuredmedia":[{"embeddable":true,"href":"https:\/\/inbuzios.com.br\/blog\/wp-json\/wp\/v2\/media\/4886"}],"wp:attachment":[{"href":"https:\/\/inbuzios.com.br\/blog\/wp-json\/wp\/v2\/media?parent=4882"}],"wp:term":[{"taxonomy":"category","embeddable":true,"href":"https:\/\/inbuzios.com.br\/blog\/wp-json\/wp\/v2\/categories?post=4882"},{"taxonomy":"post_tag","embeddable":true,"href":"https:\/\/inbuzios.com.br\/blog\/wp-json\/wp\/v2\/tags?post=4882"}],"curies":[{"name":"wp","href":"https:\/\/api.w.org\/{rel}","templated":true}]}}