{"id":4896,"date":"2023-12-28T18:02:48","date_gmt":"2023-12-28T18:02:48","guid":{"rendered":"https:\/\/inbuzios.com.br\/blog\/?p=4896"},"modified":"2023-12-28T18:02:48","modified_gmt":"2023-12-28T18:02:48","slug":"cabo-frio-atracoes-para-incluir-na-sua-proxima-viagem","status":"publish","type":"post","link":"https:\/\/inbuzios.com.br\/blog\/2023\/12\/28\/cabo-frio-atracoes-para-incluir-na-sua-proxima-viagem\/","title":{"rendered":"Cabo Frio: atra\u00e7\u00f5es para incluir na sua pr\u00f3xima viagem"},"content":{"rendered":"<p><span style=\"font-weight: 400;\">Cabo Frio<\/span><span style=\"font-weight: 400;\"> \u00e9 uma das cidades mais bonitas e visitadas do Rio de Janeiro, com praias de areia branca e \u00e1gua cristalina, hist\u00f3ria, cultura e muita divers\u00e3o.\u00a0<\/span><\/p>\n<p><span style=\"font-weight: 400;\">Se voc\u00ea est\u00e1 planejando sua pr\u00f3xima viagem para c\u00e1, confira algumas dicas incr\u00edveis para voc\u00ea incluir no seu roteiro e aproveitar ao m\u00e1ximo a sua estadia na cidade!\u00a0<\/span><\/p>\n<p><span style=\"font-weight: 400;\">Bora com a gente? Ent\u00e3o j\u00e1 prepare o <\/span><a href=\"https:\/\/inbuzios.com.br\/blog\/2019\/05\/31\/checklist-10-itens-que-precisam-ser-checados-antes-de-sair-para-suas-ferias\/\"><b>checklist <\/b><\/a><span style=\"font-weight: 400;\">e deixe tudo pronto para embarcar nessa leitura com a gente!<\/span><\/p>\n<h2><span style=\"font-weight: 400;\">Praia das Dunas<\/span><\/h2>\n<p><img loading=\"lazy\" decoding=\"async\" class=\"alignleft size-full wp-image-4902\" src=\"https:\/\/inbuzios.com.br\/blog\/wp-content\/uploads\/2023\/12\/Praia-das-Dunas.png\" alt=\"\" width=\"1000\" height=\"668\" srcset=\"https:\/\/inbuzios.com.br\/blog\/wp-content\/uploads\/2023\/12\/Praia-das-Dunas.png 1000w, https:\/\/inbuzios.com.br\/blog\/wp-content\/uploads\/2023\/12\/Praia-das-Dunas-300x200.png 300w, https:\/\/inbuzios.com.br\/blog\/wp-content\/uploads\/2023\/12\/Praia-das-Dunas-768x513.png 768w, https:\/\/inbuzios.com.br\/blog\/wp-content\/uploads\/2023\/12\/Praia-das-Dunas-600x401.png 600w\" sizes=\"auto, (max-width: 1000px) 100vw, 1000px\" \/><\/p>\n<p><i><span style=\"font-weight: 400;\">Foto: Wikip\u00e9dia \/ Reprodu\u00e7\u00e3o<\/span><\/i><\/p>\n<p><span style=\"font-weight: 400;\">A Praia das Dunas \u00e9 uma das mais bonitas e famosas de <\/span><span style=\"font-weight: 400;\">Cabo Frio<\/span><span style=\"font-weight: 400;\">. Ela tem esse nome por causa das enormes dunas de areia que se formam na orla, criando um cen\u00e1rio deslumbrante.\u00a0<\/span><\/p>\n<p><span style=\"font-weight: 400;\">A praia conta com uma faixa de areia larga e fofa. O mar \u00e9 azul e agitado, sendo um irresist\u00edvel aos amantes dos esportes aqu\u00e1ticos, como o surfe.\u00a0<\/span><\/p>\n<p><span style=\"font-weight: 400;\">A Praia das Dunas conta com poucos hot\u00e9is e casas pela orla da praia, sendo perfeita para quem busca curtir um lugar mais deserto e apreciar uma linda vista. \u00c9 uma \u00f3tima op\u00e7\u00e3o para passar o dia com a fam\u00edlia ou os amigos, curtindo o sol e o mar.<\/span><\/p>\n<h2><span style=\"font-weight: 400;\">Praia do Per\u00f3<\/span><\/h2>\n<p><img loading=\"lazy\" decoding=\"async\" class=\"alignleft size-full wp-image-4898\" src=\"https:\/\/inbuzios.com.br\/blog\/wp-content\/uploads\/2023\/12\/Praia-do-Pero.png\" alt=\"\" width=\"1000\" height=\"668\" srcset=\"https:\/\/inbuzios.com.br\/blog\/wp-content\/uploads\/2023\/12\/Praia-do-Pero.png 1000w, https:\/\/inbuzios.com.br\/blog\/wp-content\/uploads\/2023\/12\/Praia-do-Pero-300x200.png 300w, https:\/\/inbuzios.com.br\/blog\/wp-content\/uploads\/2023\/12\/Praia-do-Pero-768x513.png 768w, https:\/\/inbuzios.com.br\/blog\/wp-content\/uploads\/2023\/12\/Praia-do-Pero-600x401.png 600w\" sizes=\"auto, (max-width: 1000px) 100vw, 1000px\" \/><\/p>\n<p><i><span style=\"font-weight: 400;\">Foto: Expedia \/ Reprodu\u00e7\u00e3o<\/span><\/i><\/p>\n<p><span style=\"font-weight: 400;\">A Praia do Per\u00f3 \u00e9 outra joia de <\/span><span style=\"font-weight: 400;\">Cabo Frio<\/span><span style=\"font-weight: 400;\">, que encanta pela sua beleza natural e preserva\u00e7\u00e3o ambiental. Sendo uma das mais limpas da regi\u00e3o, a praia at\u00e9 mesmo recebeu o certificado Bandeira Azul, um selo internacional que reconhece a qualidade da \u00e1gua, da areia, da seguran\u00e7a e da gest\u00e3o ambiental.<\/span><\/p>\n<p><span style=\"font-weight: 400;\">A praia conta com mais de 7 km de extens\u00e3o, sendo dividida em duas partes: a parte mais pr\u00f3xima ao centro \u00e9 mais movimentada e tem mais op\u00e7\u00f5es de com\u00e9rcio e servi\u00e7os; a parte mais afastada \u00e9 mais tranquila e selvagem, ideal para quem busca sossego e contato com a natureza. O mar \u00e9 verde e tem ondas moderadas, \u00f3timo para nadar ou praticar esportes n\u00e1uticos.\u00a0<\/span><\/p>\n<h2><span style=\"font-weight: 400;\">Forte S\u00e3o Matheus<\/span><\/h2>\n<p><img loading=\"lazy\" decoding=\"async\" class=\"alignleft size-full wp-image-4900\" src=\"https:\/\/inbuzios.com.br\/blog\/wp-content\/uploads\/2023\/12\/Forte-Sao-Matheus.png\" alt=\"\" width=\"1000\" height=\"668\" srcset=\"https:\/\/inbuzios.com.br\/blog\/wp-content\/uploads\/2023\/12\/Forte-Sao-Matheus.png 1000w, https:\/\/inbuzios.com.br\/blog\/wp-content\/uploads\/2023\/12\/Forte-Sao-Matheus-300x200.png 300w, https:\/\/inbuzios.com.br\/blog\/wp-content\/uploads\/2023\/12\/Forte-Sao-Matheus-768x513.png 768w, https:\/\/inbuzios.com.br\/blog\/wp-content\/uploads\/2023\/12\/Forte-Sao-Matheus-600x401.png 600w\" sizes=\"auto, (max-width: 1000px) 100vw, 1000px\" \/><\/p>\n<p><i><span style=\"font-weight: 400;\">Foto: Wikip\u00e9dia \/ Reprodu\u00e7\u00e3o<\/span><\/i><\/p>\n<p><span style=\"font-weight: 400;\">O Forte de S\u00e3o Mateus \u00e9 um dos principais pontos tur\u00edsticos hist\u00f3ricos de <\/span><span style=\"font-weight: 400;\">Cabo Frio<\/span><span style=\"font-weight: 400;\">. Ele foi constru\u00eddo no s\u00e9culo XVII pelos portugueses, para defender a regi\u00e3o dos ataques de piratas e invasores estrangeiros.\u00a0<\/span><\/p>\n<p><span style=\"font-weight: 400;\">O forte fica em uma ilhota de pedra na Praia do Forte, uma das mais populares da cidade. Do alto do forte, \u00e9 poss\u00edvel ter uma vista panor\u00e2mica da praia e do mar, al\u00e9m de admirar as antigas muralhas, canh\u00f5es e constru\u00e7\u00f5es que remetem ao passado colonial.\u00a0<\/span><\/p>\n<h2><span style=\"font-weight: 400;\">Bairro da Passagem<\/span><\/h2>\n<p><img loading=\"lazy\" decoding=\"async\" class=\"alignleft size-full wp-image-4899\" src=\"https:\/\/inbuzios.com.br\/blog\/wp-content\/uploads\/2023\/12\/Bairro-da-Passagem.png\" alt=\"\" width=\"1000\" height=\"668\" srcset=\"https:\/\/inbuzios.com.br\/blog\/wp-content\/uploads\/2023\/12\/Bairro-da-Passagem.png 1000w, https:\/\/inbuzios.com.br\/blog\/wp-content\/uploads\/2023\/12\/Bairro-da-Passagem-300x200.png 300w, https:\/\/inbuzios.com.br\/blog\/wp-content\/uploads\/2023\/12\/Bairro-da-Passagem-768x513.png 768w, https:\/\/inbuzios.com.br\/blog\/wp-content\/uploads\/2023\/12\/Bairro-da-Passagem-600x401.png 600w\" sizes=\"auto, (max-width: 1000px) 100vw, 1000px\" \/><\/p>\n<p><i><span style=\"font-weight: 400;\">Foto: Sthe On The Road \/ Reprodu\u00e7\u00e3o<\/span><\/i><\/p>\n<p><span style=\"font-weight: 400;\">O Bairro da Passagem \u00e9 o mais antigo de <\/span><span style=\"font-weight: 400;\">Cabo Frio<\/span><span style=\"font-weight: 400;\">, sendo fundado no s\u00e9culo XVII pelos portugueses. O bairro preserva o charme e a arquitetura colonial, com casas coloridas, ruas estreitas e cal\u00e7adas de pedra.\u00a0<\/span><\/p>\n<p><span style=\"font-weight: 400;\">O Bairro da Passagem \u00e9 ideal para um passeio a p\u00e9 ou de bicicleta, apreciando os detalhes e as curiosidades do local. O bairro tamb\u00e9m tem uma vida noturna animada, com bares, restaurantes e m\u00fasica ao vivo.<\/span><\/p>\n<p><span style=\"font-weight: 400;\">Para os f\u00e3s de um bom passeio cultural, a nossa dica \u00e9 visitar o Beco do Pr\u00edncipe, que \u00e9 parada obrigat\u00f3ria para conhecer mais sobre a hist\u00f3ria de <\/span><span style=\"font-weight: 400;\">Cabo Frio<\/span><span style=\"font-weight: 400;\">.<\/span><\/p>\n<h2><span style=\"font-weight: 400;\">Rua dos Biqu\u00ednis<\/span><\/h2>\n<p><img loading=\"lazy\" decoding=\"async\" class=\"alignleft size-full wp-image-4897\" src=\"https:\/\/inbuzios.com.br\/blog\/wp-content\/uploads\/2023\/12\/Rua-dos-Biquinis.png\" alt=\"\" width=\"1000\" height=\"668\" srcset=\"https:\/\/inbuzios.com.br\/blog\/wp-content\/uploads\/2023\/12\/Rua-dos-Biquinis.png 1000w, https:\/\/inbuzios.com.br\/blog\/wp-content\/uploads\/2023\/12\/Rua-dos-Biquinis-300x200.png 300w, https:\/\/inbuzios.com.br\/blog\/wp-content\/uploads\/2023\/12\/Rua-dos-Biquinis-768x513.png 768w, https:\/\/inbuzios.com.br\/blog\/wp-content\/uploads\/2023\/12\/Rua-dos-Biquinis-600x401.png 600w\" sizes=\"auto, (max-width: 1000px) 100vw, 1000px\" \/><\/p>\n<p><i><span style=\"font-weight: 400;\">Foto: Guia de Destinos \/ Reprodu\u00e7\u00e3o<\/span><\/i><\/p>\n<p><span style=\"font-weight: 400;\">A <\/span><a href=\"https:\/\/inbuzios.com.br\/blog\/2019\/12\/12\/lugares-para-conhecer-em-cabo-frio-rua-dos-biquinis\/\"><b>Rua dos Biqu\u00ednis<\/b><\/a><span style=\"font-weight: 400;\">, como o pr\u00f3prio nome j\u00e1 diz,\u00a0 \u00e9 o lugar certo em <\/span><span style=\"font-weight: 400;\">Cabo Frio<\/span><span style=\"font-weight: 400;\"> para quem quer fazer compras e estar com a moda praia atualizada.\u00a0<\/span><\/p>\n<p><span style=\"font-weight: 400;\">Ela fica no bairro Gamboa, pr\u00f3ximo ao Canal do Itajuru, e re\u00fane mais de 100 lojas especializadas em moda praia e fitness. L\u00e1 voc\u00ea encontra biqu\u00ednis, mai\u00f4s, sungas, sa\u00eddas de praia, acess\u00f3rios e muito mais, com variedade de modelos, cores, tamanhos e pre\u00e7os.\u00a0<\/span><\/p>\n<p><span style=\"font-weight: 400;\">A Rua dos Biqu\u00ednis tamb\u00e9m tem op\u00e7\u00f5es de lanchonetes, sorveterias e caf\u00e9s, para voc\u00ea fazer uma pausa entre uma compra e outra. \u00c9 um \u00f3timo lugar para renovar o seu guarda-roupa de ver\u00e3o e levar lembran\u00e7as do local.<\/span><\/p>\n<h2><span style=\"font-weight: 400;\">Cabo Frio<\/span><span style=\"font-weight: 400;\">: uma infinidade de possibilidades para se visitar<\/span><\/h2>\n<p><span style=\"font-weight: 400;\">Cabo Frio<\/span><span style=\"font-weight: 400;\"> \u00e9 uma cidade que tem muito a oferecer aos seus visitantes. Com praias paradis\u00edacas, hist\u00f3ria, cultura e divers\u00e3o, \u00e9 um destino que agrada a todos os gostos e idades. Se aqui \u00e9 o seu pr\u00f3ximo destino, n\u00e3o deixe de incluir essas atra\u00e7\u00f5es no seu roteiro e aproveitar o melhor que essa cidade tem a oferecer.<\/span><\/p>\n<p><span style=\"font-weight: 400;\">N\u00e3o se esque\u00e7a de acompanhar o nosso Instagram <\/span><a href=\"https:\/\/www.instagram.com\/inbuzios\/\"><b>(@inbuzios)<\/b><\/a> <span style=\"font-weight: 400;\">e saber mais sobre praias, passeios, roteiros e muito mais na regi\u00e3o do Rio de Janeiro. Ent\u00e3o j\u00e1 prepare as malas e venha com a gente nessa viagem incr\u00edvel!<\/span><\/p>\n<p><a href=\"https:\/\/www.inbuzios.com\/home\"><b>Clique aqui<\/b><\/a><span style=\"font-weight: 400;\"> para acessar nosso site e converse com a nossa equipe para tirar todas as suas d\u00favidas e ter mais informa\u00e7\u00f5es!<\/span><\/p>\n<p><b>Leia tamb\u00e9m:<\/b><\/p>\n<p><a href=\"https:\/\/inbuzios.com.br\/blog\/2019\/11\/01\/nao-pague-taxa-de-bagagem-viaje-com-mala-de-mao\/\"><b>N\u00e3o pague taxa de bagagem: Viaje com mala de m\u00e3o<\/b><\/a><\/p>\n<p><a href=\"https:\/\/inbuzios.com.br\/blog\/2019\/10\/30\/lugares-para-conhecer-em-arraial-do-cabo-as-prainhas-do-pontal-do-atalaia\/\"><b>Lugares para conhecer em Arraial do Cabo: As Prainhas do Pontal do Atalaia<\/b><\/a><\/p>\n","protected":false},"excerpt":{"rendered":"<p>Cabo Frio \u00e9 uma das cidades mais bonitas e visitadas do Rio de Janeiro, com praias de areia branca e \u00e1gua cristalina, hist\u00f3ria, cultura e muita divers\u00e3o.\u00a0 Se voc\u00ea est\u00e1&#8230;<\/p>\n","protected":false},"author":2,"featured_media":4901,"comment_status":"open","ping_status":"open","sticky":false,"template":"","format":"standard","meta":{"_jetpack_memberships_contains_paid_content":false,"footnotes":""},"categories":[3],"tags":[],"class_list":["post-4896","post","type-post","status-publish","format-standard","has-post-thumbnail","hentry","category-dicas"],"yoast_head":"<!-- This site is optimized with the Yoast SEO plugin v27.4 - https:\/\/yoast.com\/product\/yoast-seo-wordpress\/ -->\n<title>Cabo Frio: atra\u00e7\u00f5es para incluir na sua pr\u00f3xima viagem - In B\u00fazios<\/title>\n<meta name=\"description\" content=\"Descubra as melhores atra\u00e7\u00f5es de Cabo Frio, no Rio de Janeiro, e planeje a sua viagem com a In B\u00fazios: o seu receptivo de confian\u00e7a.\" \/>\n<meta name=\"robots\" content=\"index, follow, max-snippet:-1, max-image-preview:large, max-video-preview:-1\" \/>\n<link rel=\"canonical\" href=\"https:\/\/inbuzios.com.br\/blog\/2023\/12\/28\/cabo-frio-atracoes-para-incluir-na-sua-proxima-viagem\/\" \/>\n<meta property=\"og:locale\" content=\"pt_BR\" \/>\n<meta property=\"og:type\" content=\"article\" \/>\n<meta property=\"og:title\" content=\"Cabo Frio: atra\u00e7\u00f5es para incluir na sua pr\u00f3xima viagem - In B\u00fazios\" \/>\n<meta property=\"og:description\" content=\"Descubra as melhores atra\u00e7\u00f5es de Cabo Frio, no Rio de Janeiro, e planeje a sua viagem com a In B\u00fazios: o seu receptivo de confian\u00e7a.\" \/>\n<meta property=\"og:url\" content=\"https:\/\/inbuzios.com.br\/blog\/2023\/12\/28\/cabo-frio-atracoes-para-incluir-na-sua-proxima-viagem\/\" \/>\n<meta property=\"og:site_name\" content=\"In B\u00fazios\" \/>\n<meta property=\"article:published_time\" content=\"2023-12-28T18:02:48+00:00\" \/>\n<meta property=\"og:image\" content=\"https:\/\/inbuzios.com.br\/blog\/wp-content\/uploads\/2023\/12\/IMAGEM-DESTAQUE-5.png\" \/>\n\t<meta property=\"og:image:width\" content=\"1000\" \/>\n\t<meta property=\"og:image:height\" content=\"668\" \/>\n\t<meta property=\"og:image:type\" content=\"image\/png\" \/>\n<meta name=\"author\" content=\"Administrador InBuzios\" \/>\n<meta name=\"twitter:card\" content=\"summary_large_image\" \/>\n<meta name=\"twitter:label1\" content=\"Escrito por\" \/>\n\t<meta name=\"twitter:data1\" content=\"Administrador InBuzios\" \/>\n\t<meta name=\"twitter:label2\" content=\"Est. tempo de leitura\" \/>\n\t<meta name=\"twitter:data2\" content=\"6 minutos\" \/>\n<script type=\"application\/ld+json\" class=\"yoast-schema-graph\">{\"@context\":\"https:\\\/\\\/schema.org\",\"@graph\":[{\"@type\":\"Article\",\"@id\":\"https:\\\/\\\/inbuzios.com.br\\\/blog\\\/2023\\\/12\\\/28\\\/cabo-frio-atracoes-para-incluir-na-sua-proxima-viagem\\\/#article\",\"isPartOf\":{\"@id\":\"https:\\\/\\\/inbuzios.com.br\\\/blog\\\/2023\\\/12\\\/28\\\/cabo-frio-atracoes-para-incluir-na-sua-proxima-viagem\\\/\"},\"author\":{\"name\":\"Administrador InBuzios\",\"@id\":\"https:\\\/\\\/inbuzios.com.br\\\/blog\\\/#\\\/schema\\\/person\\\/bbea7ab9669a1a34c0a5ca8af89947e4\"},\"headline\":\"Cabo Frio: atra\u00e7\u00f5es para incluir na sua pr\u00f3xima viagem\",\"datePublished\":\"2023-12-28T18:02:48+00:00\",\"mainEntityOfPage\":{\"@id\":\"https:\\\/\\\/inbuzios.com.br\\\/blog\\\/2023\\\/12\\\/28\\\/cabo-frio-atracoes-para-incluir-na-sua-proxima-viagem\\\/\"},\"wordCount\":855,\"commentCount\":0,\"image\":{\"@id\":\"https:\\\/\\\/inbuzios.com.br\\\/blog\\\/2023\\\/12\\\/28\\\/cabo-frio-atracoes-para-incluir-na-sua-proxima-viagem\\\/#primaryimage\"},\"thumbnailUrl\":\"https:\\\/\\\/inbuzios.com.br\\\/blog\\\/wp-content\\\/uploads\\\/2023\\\/12\\\/IMAGEM-DESTAQUE-5.png\",\"articleSection\":[\"Dicas\"],\"inLanguage\":\"pt-BR\",\"potentialAction\":[{\"@type\":\"CommentAction\",\"name\":\"Comment\",\"target\":[\"https:\\\/\\\/inbuzios.com.br\\\/blog\\\/2023\\\/12\\\/28\\\/cabo-frio-atracoes-para-incluir-na-sua-proxima-viagem\\\/#respond\"]}]},{\"@type\":\"WebPage\",\"@id\":\"https:\\\/\\\/inbuzios.com.br\\\/blog\\\/2023\\\/12\\\/28\\\/cabo-frio-atracoes-para-incluir-na-sua-proxima-viagem\\\/\",\"url\":\"https:\\\/\\\/inbuzios.com.br\\\/blog\\\/2023\\\/12\\\/28\\\/cabo-frio-atracoes-para-incluir-na-sua-proxima-viagem\\\/\",\"name\":\"Cabo Frio: atra\u00e7\u00f5es para incluir na sua pr\u00f3xima viagem - In B\u00fazios\",\"isPartOf\":{\"@id\":\"https:\\\/\\\/inbuzios.com.br\\\/blog\\\/#website\"},\"primaryImageOfPage\":{\"@id\":\"https:\\\/\\\/inbuzios.com.br\\\/blog\\\/2023\\\/12\\\/28\\\/cabo-frio-atracoes-para-incluir-na-sua-proxima-viagem\\\/#primaryimage\"},\"image\":{\"@id\":\"https:\\\/\\\/inbuzios.com.br\\\/blog\\\/2023\\\/12\\\/28\\\/cabo-frio-atracoes-para-incluir-na-sua-proxima-viagem\\\/#primaryimage\"},\"thumbnailUrl\":\"https:\\\/\\\/inbuzios.com.br\\\/blog\\\/wp-content\\\/uploads\\\/2023\\\/12\\\/IMAGEM-DESTAQUE-5.png\",\"datePublished\":\"2023-12-28T18:02:48+00:00\",\"author\":{\"@id\":\"https:\\\/\\\/inbuzios.com.br\\\/blog\\\/#\\\/schema\\\/person\\\/bbea7ab9669a1a34c0a5ca8af89947e4\"},\"description\":\"Descubra as melhores atra\u00e7\u00f5es de Cabo Frio, no Rio de Janeiro, e planeje a sua viagem com a In B\u00fazios: o seu receptivo de confian\u00e7a.\",\"breadcrumb\":{\"@id\":\"https:\\\/\\\/inbuzios.com.br\\\/blog\\\/2023\\\/12\\\/28\\\/cabo-frio-atracoes-para-incluir-na-sua-proxima-viagem\\\/#breadcrumb\"},\"inLanguage\":\"pt-BR\",\"potentialAction\":[{\"@type\":\"ReadAction\",\"target\":[\"https:\\\/\\\/inbuzios.com.br\\\/blog\\\/2023\\\/12\\\/28\\\/cabo-frio-atracoes-para-incluir-na-sua-proxima-viagem\\\/\"]}]},{\"@type\":\"ImageObject\",\"inLanguage\":\"pt-BR\",\"@id\":\"https:\\\/\\\/inbuzios.com.br\\\/blog\\\/2023\\\/12\\\/28\\\/cabo-frio-atracoes-para-incluir-na-sua-proxima-viagem\\\/#primaryimage\",\"url\":\"https:\\\/\\\/inbuzios.com.br\\\/blog\\\/wp-content\\\/uploads\\\/2023\\\/12\\\/IMAGEM-DESTAQUE-5.png\",\"contentUrl\":\"https:\\\/\\\/inbuzios.com.br\\\/blog\\\/wp-content\\\/uploads\\\/2023\\\/12\\\/IMAGEM-DESTAQUE-5.png\",\"width\":1000,\"height\":668},{\"@type\":\"BreadcrumbList\",\"@id\":\"https:\\\/\\\/inbuzios.com.br\\\/blog\\\/2023\\\/12\\\/28\\\/cabo-frio-atracoes-para-incluir-na-sua-proxima-viagem\\\/#breadcrumb\",\"itemListElement\":[{\"@type\":\"ListItem\",\"position\":1,\"name\":\"In\u00edcio\",\"item\":\"https:\\\/\\\/inbuzios.com.br\\\/blog\\\/\"},{\"@type\":\"ListItem\",\"position\":2,\"name\":\"Cabo Frio: atra\u00e7\u00f5es para incluir na sua pr\u00f3xima viagem\"}]},{\"@type\":\"WebSite\",\"@id\":\"https:\\\/\\\/inbuzios.com.br\\\/blog\\\/#website\",\"url\":\"https:\\\/\\\/inbuzios.com.br\\\/blog\\\/\",\"name\":\"In B\u00fazios\",\"description\":\"Turismo Receptivo\",\"potentialAction\":[{\"@type\":\"SearchAction\",\"target\":{\"@type\":\"EntryPoint\",\"urlTemplate\":\"https:\\\/\\\/inbuzios.com.br\\\/blog\\\/?s={search_term_string}\"},\"query-input\":{\"@type\":\"PropertyValueSpecification\",\"valueRequired\":true,\"valueName\":\"search_term_string\"}}],\"inLanguage\":\"pt-BR\"},{\"@type\":\"Person\",\"@id\":\"https:\\\/\\\/inbuzios.com.br\\\/blog\\\/#\\\/schema\\\/person\\\/bbea7ab9669a1a34c0a5ca8af89947e4\",\"name\":\"Administrador InBuzios\",\"image\":{\"@type\":\"ImageObject\",\"inLanguage\":\"pt-BR\",\"@id\":\"https:\\\/\\\/secure.gravatar.com\\\/avatar\\\/8b70eaa2d258abec51683c3d2372e954b262626305a737d15b94d7bd297bbd7b?s=96&d=mm&r=g\",\"url\":\"https:\\\/\\\/secure.gravatar.com\\\/avatar\\\/8b70eaa2d258abec51683c3d2372e954b262626305a737d15b94d7bd297bbd7b?s=96&d=mm&r=g\",\"contentUrl\":\"https:\\\/\\\/secure.gravatar.com\\\/avatar\\\/8b70eaa2d258abec51683c3d2372e954b262626305a737d15b94d7bd297bbd7b?s=96&d=mm&r=g\",\"caption\":\"Administrador InBuzios\"},\"sameAs\":[\"http:\\\/\\\/www.inbuzios.com\"],\"url\":\"https:\\\/\\\/inbuzios.com.br\\\/blog\\\/author\\\/inbuzios\\\/\"}]}<\/script>\n<!-- \/ Yoast SEO plugin. -->","yoast_head_json":{"title":"Cabo Frio: atra\u00e7\u00f5es para incluir na sua pr\u00f3xima viagem - In B\u00fazios","description":"Descubra as melhores atra\u00e7\u00f5es de Cabo Frio, no Rio de Janeiro, e planeje a sua viagem com a In B\u00fazios: o seu receptivo de confian\u00e7a.","robots":{"index":"index","follow":"follow","max-snippet":"max-snippet:-1","max-image-preview":"max-image-preview:large","max-video-preview":"max-video-preview:-1"},"canonical":"https:\/\/inbuzios.com.br\/blog\/2023\/12\/28\/cabo-frio-atracoes-para-incluir-na-sua-proxima-viagem\/","og_locale":"pt_BR","og_type":"article","og_title":"Cabo Frio: atra\u00e7\u00f5es para incluir na sua pr\u00f3xima viagem - In B\u00fazios","og_description":"Descubra as melhores atra\u00e7\u00f5es de Cabo Frio, no Rio de Janeiro, e planeje a sua viagem com a In B\u00fazios: o seu receptivo de confian\u00e7a.","og_url":"https:\/\/inbuzios.com.br\/blog\/2023\/12\/28\/cabo-frio-atracoes-para-incluir-na-sua-proxima-viagem\/","og_site_name":"In B\u00fazios","article_published_time":"2023-12-28T18:02:48+00:00","og_image":[{"width":1000,"height":668,"url":"https:\/\/inbuzios.com.br\/blog\/wp-content\/uploads\/2023\/12\/IMAGEM-DESTAQUE-5.png","type":"image\/png"}],"author":"Administrador InBuzios","twitter_card":"summary_large_image","twitter_misc":{"Escrito por":"Administrador InBuzios","Est. tempo de leitura":"6 minutos"},"schema":{"@context":"https:\/\/schema.org","@graph":[{"@type":"Article","@id":"https:\/\/inbuzios.com.br\/blog\/2023\/12\/28\/cabo-frio-atracoes-para-incluir-na-sua-proxima-viagem\/#article","isPartOf":{"@id":"https:\/\/inbuzios.com.br\/blog\/2023\/12\/28\/cabo-frio-atracoes-para-incluir-na-sua-proxima-viagem\/"},"author":{"name":"Administrador InBuzios","@id":"https:\/\/inbuzios.com.br\/blog\/#\/schema\/person\/bbea7ab9669a1a34c0a5ca8af89947e4"},"headline":"Cabo Frio: atra\u00e7\u00f5es para incluir na sua pr\u00f3xima viagem","datePublished":"2023-12-28T18:02:48+00:00","mainEntityOfPage":{"@id":"https:\/\/inbuzios.com.br\/blog\/2023\/12\/28\/cabo-frio-atracoes-para-incluir-na-sua-proxima-viagem\/"},"wordCount":855,"commentCount":0,"image":{"@id":"https:\/\/inbuzios.com.br\/blog\/2023\/12\/28\/cabo-frio-atracoes-para-incluir-na-sua-proxima-viagem\/#primaryimage"},"thumbnailUrl":"https:\/\/inbuzios.com.br\/blog\/wp-content\/uploads\/2023\/12\/IMAGEM-DESTAQUE-5.png","articleSection":["Dicas"],"inLanguage":"pt-BR","potentialAction":[{"@type":"CommentAction","name":"Comment","target":["https:\/\/inbuzios.com.br\/blog\/2023\/12\/28\/cabo-frio-atracoes-para-incluir-na-sua-proxima-viagem\/#respond"]}]},{"@type":"WebPage","@id":"https:\/\/inbuzios.com.br\/blog\/2023\/12\/28\/cabo-frio-atracoes-para-incluir-na-sua-proxima-viagem\/","url":"https:\/\/inbuzios.com.br\/blog\/2023\/12\/28\/cabo-frio-atracoes-para-incluir-na-sua-proxima-viagem\/","name":"Cabo Frio: atra\u00e7\u00f5es para incluir na sua pr\u00f3xima viagem - In B\u00fazios","isPartOf":{"@id":"https:\/\/inbuzios.com.br\/blog\/#website"},"primaryImageOfPage":{"@id":"https:\/\/inbuzios.com.br\/blog\/2023\/12\/28\/cabo-frio-atracoes-para-incluir-na-sua-proxima-viagem\/#primaryimage"},"image":{"@id":"https:\/\/inbuzios.com.br\/blog\/2023\/12\/28\/cabo-frio-atracoes-para-incluir-na-sua-proxima-viagem\/#primaryimage"},"thumbnailUrl":"https:\/\/inbuzios.com.br\/blog\/wp-content\/uploads\/2023\/12\/IMAGEM-DESTAQUE-5.png","datePublished":"2023-12-28T18:02:48+00:00","author":{"@id":"https:\/\/inbuzios.com.br\/blog\/#\/schema\/person\/bbea7ab9669a1a34c0a5ca8af89947e4"},"description":"Descubra as melhores atra\u00e7\u00f5es de Cabo Frio, no Rio de Janeiro, e planeje a sua viagem com a In B\u00fazios: o seu receptivo de confian\u00e7a.","breadcrumb":{"@id":"https:\/\/inbuzios.com.br\/blog\/2023\/12\/28\/cabo-frio-atracoes-para-incluir-na-sua-proxima-viagem\/#breadcrumb"},"inLanguage":"pt-BR","potentialAction":[{"@type":"ReadAction","target":["https:\/\/inbuzios.com.br\/blog\/2023\/12\/28\/cabo-frio-atracoes-para-incluir-na-sua-proxima-viagem\/"]}]},{"@type":"ImageObject","inLanguage":"pt-BR","@id":"https:\/\/inbuzios.com.br\/blog\/2023\/12\/28\/cabo-frio-atracoes-para-incluir-na-sua-proxima-viagem\/#primaryimage","url":"https:\/\/inbuzios.com.br\/blog\/wp-content\/uploads\/2023\/12\/IMAGEM-DESTAQUE-5.png","contentUrl":"https:\/\/inbuzios.com.br\/blog\/wp-content\/uploads\/2023\/12\/IMAGEM-DESTAQUE-5.png","width":1000,"height":668},{"@type":"BreadcrumbList","@id":"https:\/\/inbuzios.com.br\/blog\/2023\/12\/28\/cabo-frio-atracoes-para-incluir-na-sua-proxima-viagem\/#breadcrumb","itemListElement":[{"@type":"ListItem","position":1,"name":"In\u00edcio","item":"https:\/\/inbuzios.com.br\/blog\/"},{"@type":"ListItem","position":2,"name":"Cabo Frio: atra\u00e7\u00f5es para incluir na sua pr\u00f3xima viagem"}]},{"@type":"WebSite","@id":"https:\/\/inbuzios.com.br\/blog\/#website","url":"https:\/\/inbuzios.com.br\/blog\/","name":"In B\u00fazios","description":"Turismo Receptivo","potentialAction":[{"@type":"SearchAction","target":{"@type":"EntryPoint","urlTemplate":"https:\/\/inbuzios.com.br\/blog\/?s={search_term_string}"},"query-input":{"@type":"PropertyValueSpecification","valueRequired":true,"valueName":"search_term_string"}}],"inLanguage":"pt-BR"},{"@type":"Person","@id":"https:\/\/inbuzios.com.br\/blog\/#\/schema\/person\/bbea7ab9669a1a34c0a5ca8af89947e4","name":"Administrador InBuzios","image":{"@type":"ImageObject","inLanguage":"pt-BR","@id":"https:\/\/secure.gravatar.com\/avatar\/8b70eaa2d258abec51683c3d2372e954b262626305a737d15b94d7bd297bbd7b?s=96&d=mm&r=g","url":"https:\/\/secure.gravatar.com\/avatar\/8b70eaa2d258abec51683c3d2372e954b262626305a737d15b94d7bd297bbd7b?s=96&d=mm&r=g","contentUrl":"https:\/\/secure.gravatar.com\/avatar\/8b70eaa2d258abec51683c3d2372e954b262626305a737d15b94d7bd297bbd7b?s=96&d=mm&r=g","caption":"Administrador InBuzios"},"sameAs":["http:\/\/www.inbuzios.com"],"url":"https:\/\/inbuzios.com.br\/blog\/author\/inbuzios\/"}]}},"jetpack_featured_media_url":"https:\/\/inbuzios.com.br\/blog\/wp-content\/uploads\/2023\/12\/IMAGEM-DESTAQUE-5.png","jetpack_sharing_enabled":true,"amp_enabled":true,"_links":{"self":[{"href":"https:\/\/inbuzios.com.br\/blog\/wp-json\/wp\/v2\/posts\/4896","targetHints":{"allow":["GET"]}}],"collection":[{"href":"https:\/\/inbuzios.com.br\/blog\/wp-json\/wp\/v2\/posts"}],"about":[{"href":"https:\/\/inbuzios.com.br\/blog\/wp-json\/wp\/v2\/types\/post"}],"author":[{"embeddable":true,"href":"https:\/\/inbuzios.com.br\/blog\/wp-json\/wp\/v2\/users\/2"}],"replies":[{"embeddable":true,"href":"https:\/\/inbuzios.com.br\/blog\/wp-json\/wp\/v2\/comments?post=4896"}],"version-history":[{"count":1,"href":"https:\/\/inbuzios.com.br\/blog\/wp-json\/wp\/v2\/posts\/4896\/revisions"}],"predecessor-version":[{"id":4903,"href":"https:\/\/inbuzios.com.br\/blog\/wp-json\/wp\/v2\/posts\/4896\/revisions\/4903"}],"wp:featuredmedia":[{"embeddable":true,"href":"https:\/\/inbuzios.com.br\/blog\/wp-json\/wp\/v2\/media\/4901"}],"wp:attachment":[{"href":"https:\/\/inbuzios.com.br\/blog\/wp-json\/wp\/v2\/media?parent=4896"}],"wp:term":[{"taxonomy":"category","embeddable":true,"href":"https:\/\/inbuzios.com.br\/blog\/wp-json\/wp\/v2\/categories?post=4896"},{"taxonomy":"post_tag","embeddable":true,"href":"https:\/\/inbuzios.com.br\/blog\/wp-json\/wp\/v2\/tags?post=4896"}],"curies":[{"name":"wp","href":"https:\/\/api.w.org\/{rel}","templated":true}]}}