{"id":4927,"date":"2024-02-08T08:00:19","date_gmt":"2024-02-08T08:00:19","guid":{"rendered":"https:\/\/inbuzios.com.br\/blog\/?p=4927"},"modified":"2024-02-02T12:21:25","modified_gmt":"2024-02-02T12:21:25","slug":"escadaria-selaron-conheca-a-historia-do-lugar","status":"publish","type":"post","link":"https:\/\/inbuzios.com.br\/blog\/2024\/02\/08\/escadaria-selaron-conheca-a-historia-do-lugar\/","title":{"rendered":"Escadaria Selar\u00f3n: conhe\u00e7a a hist\u00f3ria do lugar!"},"content":{"rendered":"<p><span style=\"font-weight: 400;\">Se voc\u00ea vai para o Rio de Janeiro, precisa conhecer a <\/span><span style=\"font-weight: 400;\">Escadaria Selar\u00f3n<\/span><span style=\"font-weight: 400;\">. O local \u00e9 uma atra\u00e7\u00e3o imperd\u00edvel, com muita hist\u00f3ria, no centro da cidade. Al\u00e9m disso, \u00e9 ideal para quem ama arte, cultura e boas descobertas.\u00a0<\/span><\/p>\n<p><span style=\"font-weight: 400;\">Continue a leitura e descubra mais sobre os detalhes, informa\u00e7\u00f5es e curiosidades para enriquecer seu passeio.<\/span><\/p>\n<h2><span style=\"font-weight: 400;\">Onde fica a <\/span><span style=\"font-weight: 400;\">Escadaria Selar\u00f3n<\/span><\/h2>\n<p><img loading=\"lazy\" decoding=\"async\" class=\"alignleft size-full wp-image-4930\" src=\"https:\/\/inbuzios.com.br\/blog\/wp-content\/uploads\/2024\/02\/71.png\" alt=\"\" width=\"1000\" height=\"668\" srcset=\"https:\/\/inbuzios.com.br\/blog\/wp-content\/uploads\/2024\/02\/71.png 1000w, https:\/\/inbuzios.com.br\/blog\/wp-content\/uploads\/2024\/02\/71-300x200.png 300w, https:\/\/inbuzios.com.br\/blog\/wp-content\/uploads\/2024\/02\/71-768x513.png 768w, https:\/\/inbuzios.com.br\/blog\/wp-content\/uploads\/2024\/02\/71-600x401.png 600w\" sizes=\"auto, (max-width: 1000px) 100vw, 1000px\" \/><\/p>\n<p><i><span style=\"font-weight: 400;\">Foto: Catraca Livre \/ Reprodu\u00e7\u00e3o<\/span><\/i><\/p>\n<p><span style=\"font-weight: 400;\">A <\/span><span style=\"font-weight: 400;\">Escadaria Selar\u00f3n<\/span><span style=\"font-weight: 400;\"> est\u00e1 localizada entre os bairros da Lapa e Santa Teresa. A atra\u00e7\u00e3o est\u00e1 entre os principais pontos tur\u00edsticos do Rio de Janeiro devido ao seu grande valor cultural e arquitet\u00f4nico. O local tamb\u00e9m \u00e9 conhecido como Escadaria do Convento de Santa Teresa.<\/span><\/p>\n<p><span style=\"font-weight: 400;\">Uma das ruas mais famosas do Rio de Janeiro fica em um lance de escadas que liga as ruas Joaquim Silva e Pinto Martins, nos bairros da Lapa e Santa Tereza.\u00a0<\/span><\/p>\n<p><span style=\"font-weight: 400;\">O nome oficial \u00e9 Rua Manuel Carneiro, mas o local \u00e9 popularmente conhecido como <\/span><span style=\"font-weight: 400;\">Escadaria Selar\u00f3n<\/span><span style=\"font-weight: 400;\">, em homenagem ao pintor chileno Jorge Selar\u00f3n, que realizou um trabalho de renova\u00e7\u00e3o da \u00e1rea, em homenagem ao povo brasileiro.<\/span><\/p>\n<h2><span style=\"font-weight: 400;\">Hist\u00f3ria da <\/span><span style=\"font-weight: 400;\">Escadaria Selar\u00f3n<\/span><\/h2>\n<p><img loading=\"lazy\" decoding=\"async\" class=\"alignleft size-full wp-image-4931\" src=\"https:\/\/inbuzios.com.br\/blog\/wp-content\/uploads\/2024\/02\/72.png\" alt=\"\" width=\"1000\" height=\"668\" srcset=\"https:\/\/inbuzios.com.br\/blog\/wp-content\/uploads\/2024\/02\/72.png 1000w, https:\/\/inbuzios.com.br\/blog\/wp-content\/uploads\/2024\/02\/72-300x200.png 300w, https:\/\/inbuzios.com.br\/blog\/wp-content\/uploads\/2024\/02\/72-768x513.png 768w, https:\/\/inbuzios.com.br\/blog\/wp-content\/uploads\/2024\/02\/72-600x401.png 600w\" sizes=\"auto, (max-width: 1000px) 100vw, 1000px\" \/><\/p>\n<p><i><span style=\"font-weight: 400;\">Foto: Um Pouquinho de Cada Lugar \/ Reprodu\u00e7\u00e3o<\/span><\/i><\/p>\n<p><span style=\"font-weight: 400;\">Esta \u00e9 uma obra arquitet\u00f4nica urbana com grande valor cultural e hist\u00f3rico para a cidade do Rio de Janeiro. A atra\u00e7\u00e3o come\u00e7ou a ser constru\u00edda em 1990, pelo pintor e ceramista chileno Jorge Selar\u00f3n. Inicialmente, o espa\u00e7o era uma \u00e1rea abandonada no centro do Rio. Com o trabalho do artista, o lugar ficou alegre, colorido e descontra\u00eddo.<\/span><\/p>\n<p><span style=\"font-weight: 400;\">Com mais de 200 degraus e um grande mosaico de azulejo, a <\/span><span style=\"font-weight: 400;\">Escadaria Selar\u00f3n <\/span><span style=\"font-weight: 400;\">re\u00fane pe\u00e7as de antigas constru\u00e7\u00f5es urbanas, al\u00e9m de outras doadas por visitantes de todo o mundo. Os azulejos nas cores verde, amarelo e azul se destacam. Segundo historiadores, a atra\u00e7\u00e3o \u00e9 uma grande homenagem do artista chileno para os brasileiros.<\/span><\/p>\n<p><span style=\"font-weight: 400;\">No ano de 1990, o artista chileno Jorge Selar\u00f3n iniciou os trabalhos de renova\u00e7\u00e3o da escadaria que se localizava em frente \u00e0 sua resid\u00eancia e se encontrava em um deprimente estado de conserva\u00e7\u00e3o.\u00a0<\/span><\/p>\n<p><span style=\"font-weight: 400;\">Segundo relatos, no in\u00edcio os vizinhos zombavam das combina\u00e7\u00f5es de cores fortes e, o que era pra ser um passatempo, se tornou a principal atividade do artista.<\/span><\/p>\n<p><span style=\"font-weight: 400;\">Ele passou a vender suas pinturas para financiar a revitaliza\u00e7\u00e3o do local e, depois de anos de trabalho exaustivo, cobrindo toda a escada de 125 metros de comprimento e 250 degraus com mais de 2.000 azulejos coloridos, a <\/span><span style=\"font-weight: 400;\">Escadaria Selar\u00f3n<\/span><span style=\"font-weight: 400;\"> virou um sucesso, se tornando um dos mais belos cart\u00f5es postais da cidade do Rio de Janeiro.<\/span><\/p>\n<p><img loading=\"lazy\" decoding=\"async\" class=\"alignleft size-full wp-image-4929\" src=\"https:\/\/inbuzios.com.br\/blog\/wp-content\/uploads\/2024\/02\/63.png\" alt=\"\" width=\"1000\" height=\"668\" srcset=\"https:\/\/inbuzios.com.br\/blog\/wp-content\/uploads\/2024\/02\/63.png 1000w, https:\/\/inbuzios.com.br\/blog\/wp-content\/uploads\/2024\/02\/63-300x200.png 300w, https:\/\/inbuzios.com.br\/blog\/wp-content\/uploads\/2024\/02\/63-768x513.png 768w, https:\/\/inbuzios.com.br\/blog\/wp-content\/uploads\/2024\/02\/63-600x401.png 600w\" sizes=\"auto, (max-width: 1000px) 100vw, 1000px\" \/><\/p>\n<p><i><span style=\"font-weight: 400;\">Foto: Buser \/ Reprodu\u00e7\u00e3o<\/span><\/i><\/p>\n<p><span style=\"font-weight: 400;\">Mesmo depois de finalizada, o artista trocava os azulejos constantemente, afirmando que era uma pe\u00e7a de arte em constante evolu\u00e7\u00e3o. Ele dizia que sua obra nunca estaria completa e sempre afirmava: \u201cEste sonho louco e \u00fanico s\u00f3 vai acabar no dia da minha morte\u201d.<\/span><\/p>\n<p><span style=\"font-weight: 400;\">No in\u00edcio, os azulejos eram retirados de canteiros de obras e montes de res\u00edduos urbanos que Jorge encontrava nas ruas do Rio de Janeiro, mas tamb\u00e9m existem azulejos doados por visitantes de todo o mundo.\u00a0<\/span><\/p>\n<p><span style=\"font-weight: 400;\">Atualmente, existem pe\u00e7as de mais 60 pa\u00edses embelezando o local. Outro fato marcante \u00e9 que cerca de 300 pe\u00e7as foram pintadas \u00e0 m\u00e3o pelo artista, retratando uma mulher africana gr\u00e1vida. Ele n\u00e3o falava sobre o assunto, apenas afirmava ser um problema pessoal do seu passado.<\/span><\/p>\n<p><span style=\"font-weight: 400;\">Em maio de 2005, a <\/span><span style=\"font-weight: 400;\">Escadaria Selar\u00f3n<\/span><span style=\"font-weight: 400;\"> foi tombada pela Prefeitura da Cidade do Rio de Janeiro e Selar\u00f3n recebeu o t\u00edtulo de cidad\u00e3o honor\u00e1rio do RJ. Al\u00e9m da escadaria, existem outras pe\u00e7as de mosaico do artista espalhadas pelos Arcos da Lapa.<\/span><\/p>\n<h2><span style=\"font-weight: 400;\">Como chegar?<\/span><\/h2>\n<p><img loading=\"lazy\" decoding=\"async\" class=\"alignleft size-full wp-image-4932\" src=\"https:\/\/inbuzios.com.br\/blog\/wp-content\/uploads\/2024\/02\/73.png\" alt=\"\" width=\"1000\" height=\"668\" srcset=\"https:\/\/inbuzios.com.br\/blog\/wp-content\/uploads\/2024\/02\/73.png 1000w, https:\/\/inbuzios.com.br\/blog\/wp-content\/uploads\/2024\/02\/73-300x200.png 300w, https:\/\/inbuzios.com.br\/blog\/wp-content\/uploads\/2024\/02\/73-768x513.png 768w, https:\/\/inbuzios.com.br\/blog\/wp-content\/uploads\/2024\/02\/73-600x401.png 600w\" sizes=\"auto, (max-width: 1000px) 100vw, 1000px\" \/><\/p>\n<p><i><span style=\"font-weight: 400;\">Foto: Um Pouquinho de Cada Lugar \/ Reprodu\u00e7\u00e3o<\/span><\/i><\/p>\n<p><span style=\"font-weight: 400;\">A melhor maneira para chegar ao destino \u00e9 partindo do centro do Rio de Janeiro. De carro, o acesso \u00e9 pela Avenida Gomes Freire em um trajeto que leva menos de 10 minutos. Se preferir, voc\u00ea pode ir de transporte p\u00fablico.\u00a0<\/span><\/p>\n<p><span style=\"font-weight: 400;\">De metr\u00f4, basta seguir at\u00e9 a esta\u00e7\u00e3o Cinel\u00e2ndia. J\u00e1 de \u00f4nibus, as linhas municipais 104, 497, 322 e 399 passam pela escadaria. Outra boa alternativa \u00e9 usar o aplicativo de transporte, pois, nessa regi\u00e3o, os pre\u00e7os geralmente s\u00e3o acess\u00edveis.<\/span><\/p>\n<p><span style=\"font-weight: 400;\">Para voc\u00ea que vai turistar no Rio, temos a op\u00e7\u00e3o do <\/span><a href=\"https:\/\/www.inbuzios.com\/passeios\/produto\/passeio-rio-rio\"><b>passeio Full Day Rio<\/b><\/a><span style=\"font-weight: 400;\"> com roteiro pela Escadaria Selar\u00f3n e principais pontos tur\u00edsticos da cidade<\/span><\/p>\n<p><span style=\"font-weight: 400;\">Seja qual for a sua forma de chegar at\u00e9 a <\/span><span style=\"font-weight: 400;\">Escadaria Selar\u00f3n<\/span><span style=\"font-weight: 400;\">, saiba que voc\u00ea estar\u00e1 visitando uma das melhores atra\u00e7\u00f5es da Lapa.<\/span><\/p>\n<p><span style=\"font-weight: 400;\">N\u00e3o se esque\u00e7a de acompanhar o nosso Instagram <\/span><a href=\"https:\/\/www.instagram.com\/inbuzios\/\"><b>(@inbuzios)<\/b><\/a> <span style=\"font-weight: 400;\">e saber mais sobre praias, passeios, roteiros e muito mais em B\u00fazios. Ent\u00e3o j\u00e1 prepare as malas e venha com a gente nessa viagem incr\u00edvel!<\/span><\/p>\n<p><a href=\"https:\/\/www.inbuzios.com\/home\"><b>Clique aqui<\/b><\/a><span style=\"font-weight: 400;\"> para acessar nosso site e converse com a nossa equipe para tirar todas as suas d\u00favidas e ter mais informa\u00e7\u00f5es!<\/span><\/p>\n<p><b>Leia tamb\u00e9m:<\/b><\/p>\n<ul>\n<li aria-level=\"1\"><a href=\"https:\/\/inbuzios.com.br\/blog\/2020\/03\/19\/lugares-para-conhecer-em-buzios-praia-do-forno\/\"><b>Lugares para conhecer em B\u00fazios: Praia do Forno<\/b><\/a><\/li>\n<li aria-level=\"1\"><a href=\"https:\/\/inbuzios.com.br\/blog\/2020\/03\/18\/lugares-para-conhecer-em-buzios-praia-joao-fernandes\/\"><b>Lugares para conhecer em B\u00fazios: Praia Jo\u00e3o Fernandes<\/b><\/a><\/li>\n<\/ul>\n","protected":false},"excerpt":{"rendered":"<p>Se voc\u00ea vai para o Rio de Janeiro, precisa conhecer a Escadaria Selar\u00f3n. O local \u00e9 uma atra\u00e7\u00e3o imperd\u00edvel, com muita hist\u00f3ria, no centro da cidade. Al\u00e9m disso, \u00e9 ideal&#8230;<\/p>\n","protected":false},"author":2,"featured_media":4928,"comment_status":"open","ping_status":"open","sticky":false,"template":"","format":"standard","meta":{"_jetpack_memberships_contains_paid_content":false,"footnotes":""},"categories":[1],"tags":[],"class_list":["post-4927","post","type-post","status-publish","format-standard","has-post-thumbnail","hentry","category-uncategorized"],"yoast_head":"<!-- This site is optimized with the Yoast SEO plugin v27.4 - https:\/\/yoast.com\/product\/yoast-seo-wordpress\/ -->\n<title>Escadaria Selar\u00f3n: conhe\u00e7a a hist\u00f3ria do lugar! - In B\u00fazios<\/title>\n<meta name=\"description\" content=\"Explore a m\u00e1gica da Escadaria Selar\u00f3n no Rio de Janeiro. Descubra a hist\u00f3ria, curiosidades e como visitar este ic\u00f4nico ponto tur\u00edstico.\" \/>\n<meta name=\"robots\" content=\"index, follow, max-snippet:-1, max-image-preview:large, max-video-preview:-1\" \/>\n<link rel=\"canonical\" href=\"https:\/\/inbuzios.com.br\/blog\/2024\/02\/08\/escadaria-selaron-conheca-a-historia-do-lugar\/\" \/>\n<meta property=\"og:locale\" content=\"pt_BR\" \/>\n<meta property=\"og:type\" content=\"article\" \/>\n<meta property=\"og:title\" content=\"Escadaria Selar\u00f3n: conhe\u00e7a a hist\u00f3ria do lugar! - In B\u00fazios\" \/>\n<meta property=\"og:description\" content=\"Explore a m\u00e1gica da Escadaria Selar\u00f3n no Rio de Janeiro. Descubra a hist\u00f3ria, curiosidades e como visitar este ic\u00f4nico ponto tur\u00edstico.\" \/>\n<meta property=\"og:url\" content=\"https:\/\/inbuzios.com.br\/blog\/2024\/02\/08\/escadaria-selaron-conheca-a-historia-do-lugar\/\" \/>\n<meta property=\"og:site_name\" content=\"In B\u00fazios\" \/>\n<meta property=\"article:published_time\" content=\"2024-02-08T08:00:19+00:00\" \/>\n<meta property=\"og:image\" content=\"https:\/\/inbuzios.com.br\/blog\/wp-content\/uploads\/2024\/02\/62.png\" \/>\n\t<meta property=\"og:image:width\" content=\"1000\" \/>\n\t<meta property=\"og:image:height\" content=\"668\" \/>\n\t<meta property=\"og:image:type\" content=\"image\/png\" \/>\n<meta name=\"author\" content=\"Administrador InBuzios\" \/>\n<meta name=\"twitter:card\" content=\"summary_large_image\" \/>\n<meta name=\"twitter:label1\" content=\"Escrito por\" \/>\n\t<meta name=\"twitter:data1\" content=\"Administrador InBuzios\" \/>\n\t<meta name=\"twitter:label2\" content=\"Est. tempo de leitura\" \/>\n\t<meta name=\"twitter:data2\" content=\"6 minutos\" \/>\n<script type=\"application\/ld+json\" class=\"yoast-schema-graph\">{\"@context\":\"https:\\\/\\\/schema.org\",\"@graph\":[{\"@type\":\"Article\",\"@id\":\"https:\\\/\\\/inbuzios.com.br\\\/blog\\\/2024\\\/02\\\/08\\\/escadaria-selaron-conheca-a-historia-do-lugar\\\/#article\",\"isPartOf\":{\"@id\":\"https:\\\/\\\/inbuzios.com.br\\\/blog\\\/2024\\\/02\\\/08\\\/escadaria-selaron-conheca-a-historia-do-lugar\\\/\"},\"author\":{\"name\":\"Administrador InBuzios\",\"@id\":\"https:\\\/\\\/inbuzios.com.br\\\/blog\\\/#\\\/schema\\\/person\\\/bbea7ab9669a1a34c0a5ca8af89947e4\"},\"headline\":\"Escadaria Selar\u00f3n: conhe\u00e7a a hist\u00f3ria do lugar!\",\"datePublished\":\"2024-02-08T08:00:19+00:00\",\"mainEntityOfPage\":{\"@id\":\"https:\\\/\\\/inbuzios.com.br\\\/blog\\\/2024\\\/02\\\/08\\\/escadaria-selaron-conheca-a-historia-do-lugar\\\/\"},\"wordCount\":863,\"commentCount\":0,\"image\":{\"@id\":\"https:\\\/\\\/inbuzios.com.br\\\/blog\\\/2024\\\/02\\\/08\\\/escadaria-selaron-conheca-a-historia-do-lugar\\\/#primaryimage\"},\"thumbnailUrl\":\"https:\\\/\\\/inbuzios.com.br\\\/blog\\\/wp-content\\\/uploads\\\/2024\\\/02\\\/62.png\",\"articleSection\":[\"Uncategorized\"],\"inLanguage\":\"pt-BR\",\"potentialAction\":[{\"@type\":\"CommentAction\",\"name\":\"Comment\",\"target\":[\"https:\\\/\\\/inbuzios.com.br\\\/blog\\\/2024\\\/02\\\/08\\\/escadaria-selaron-conheca-a-historia-do-lugar\\\/#respond\"]}]},{\"@type\":\"WebPage\",\"@id\":\"https:\\\/\\\/inbuzios.com.br\\\/blog\\\/2024\\\/02\\\/08\\\/escadaria-selaron-conheca-a-historia-do-lugar\\\/\",\"url\":\"https:\\\/\\\/inbuzios.com.br\\\/blog\\\/2024\\\/02\\\/08\\\/escadaria-selaron-conheca-a-historia-do-lugar\\\/\",\"name\":\"Escadaria Selar\u00f3n: conhe\u00e7a a hist\u00f3ria do lugar! - In B\u00fazios\",\"isPartOf\":{\"@id\":\"https:\\\/\\\/inbuzios.com.br\\\/blog\\\/#website\"},\"primaryImageOfPage\":{\"@id\":\"https:\\\/\\\/inbuzios.com.br\\\/blog\\\/2024\\\/02\\\/08\\\/escadaria-selaron-conheca-a-historia-do-lugar\\\/#primaryimage\"},\"image\":{\"@id\":\"https:\\\/\\\/inbuzios.com.br\\\/blog\\\/2024\\\/02\\\/08\\\/escadaria-selaron-conheca-a-historia-do-lugar\\\/#primaryimage\"},\"thumbnailUrl\":\"https:\\\/\\\/inbuzios.com.br\\\/blog\\\/wp-content\\\/uploads\\\/2024\\\/02\\\/62.png\",\"datePublished\":\"2024-02-08T08:00:19+00:00\",\"author\":{\"@id\":\"https:\\\/\\\/inbuzios.com.br\\\/blog\\\/#\\\/schema\\\/person\\\/bbea7ab9669a1a34c0a5ca8af89947e4\"},\"description\":\"Explore a m\u00e1gica da Escadaria Selar\u00f3n no Rio de Janeiro. Descubra a hist\u00f3ria, curiosidades e como visitar este ic\u00f4nico ponto tur\u00edstico.\",\"breadcrumb\":{\"@id\":\"https:\\\/\\\/inbuzios.com.br\\\/blog\\\/2024\\\/02\\\/08\\\/escadaria-selaron-conheca-a-historia-do-lugar\\\/#breadcrumb\"},\"inLanguage\":\"pt-BR\",\"potentialAction\":[{\"@type\":\"ReadAction\",\"target\":[\"https:\\\/\\\/inbuzios.com.br\\\/blog\\\/2024\\\/02\\\/08\\\/escadaria-selaron-conheca-a-historia-do-lugar\\\/\"]}]},{\"@type\":\"ImageObject\",\"inLanguage\":\"pt-BR\",\"@id\":\"https:\\\/\\\/inbuzios.com.br\\\/blog\\\/2024\\\/02\\\/08\\\/escadaria-selaron-conheca-a-historia-do-lugar\\\/#primaryimage\",\"url\":\"https:\\\/\\\/inbuzios.com.br\\\/blog\\\/wp-content\\\/uploads\\\/2024\\\/02\\\/62.png\",\"contentUrl\":\"https:\\\/\\\/inbuzios.com.br\\\/blog\\\/wp-content\\\/uploads\\\/2024\\\/02\\\/62.png\",\"width\":1000,\"height\":668},{\"@type\":\"BreadcrumbList\",\"@id\":\"https:\\\/\\\/inbuzios.com.br\\\/blog\\\/2024\\\/02\\\/08\\\/escadaria-selaron-conheca-a-historia-do-lugar\\\/#breadcrumb\",\"itemListElement\":[{\"@type\":\"ListItem\",\"position\":1,\"name\":\"In\u00edcio\",\"item\":\"https:\\\/\\\/inbuzios.com.br\\\/blog\\\/\"},{\"@type\":\"ListItem\",\"position\":2,\"name\":\"Escadaria Selar\u00f3n: conhe\u00e7a a hist\u00f3ria do lugar!\"}]},{\"@type\":\"WebSite\",\"@id\":\"https:\\\/\\\/inbuzios.com.br\\\/blog\\\/#website\",\"url\":\"https:\\\/\\\/inbuzios.com.br\\\/blog\\\/\",\"name\":\"In B\u00fazios\",\"description\":\"Turismo Receptivo\",\"potentialAction\":[{\"@type\":\"SearchAction\",\"target\":{\"@type\":\"EntryPoint\",\"urlTemplate\":\"https:\\\/\\\/inbuzios.com.br\\\/blog\\\/?s={search_term_string}\"},\"query-input\":{\"@type\":\"PropertyValueSpecification\",\"valueRequired\":true,\"valueName\":\"search_term_string\"}}],\"inLanguage\":\"pt-BR\"},{\"@type\":\"Person\",\"@id\":\"https:\\\/\\\/inbuzios.com.br\\\/blog\\\/#\\\/schema\\\/person\\\/bbea7ab9669a1a34c0a5ca8af89947e4\",\"name\":\"Administrador InBuzios\",\"image\":{\"@type\":\"ImageObject\",\"inLanguage\":\"pt-BR\",\"@id\":\"https:\\\/\\\/secure.gravatar.com\\\/avatar\\\/8b70eaa2d258abec51683c3d2372e954b262626305a737d15b94d7bd297bbd7b?s=96&d=mm&r=g\",\"url\":\"https:\\\/\\\/secure.gravatar.com\\\/avatar\\\/8b70eaa2d258abec51683c3d2372e954b262626305a737d15b94d7bd297bbd7b?s=96&d=mm&r=g\",\"contentUrl\":\"https:\\\/\\\/secure.gravatar.com\\\/avatar\\\/8b70eaa2d258abec51683c3d2372e954b262626305a737d15b94d7bd297bbd7b?s=96&d=mm&r=g\",\"caption\":\"Administrador InBuzios\"},\"sameAs\":[\"http:\\\/\\\/www.inbuzios.com\"],\"url\":\"https:\\\/\\\/inbuzios.com.br\\\/blog\\\/author\\\/inbuzios\\\/\"}]}<\/script>\n<!-- \/ Yoast SEO plugin. -->","yoast_head_json":{"title":"Escadaria Selar\u00f3n: conhe\u00e7a a hist\u00f3ria do lugar! - In B\u00fazios","description":"Explore a m\u00e1gica da Escadaria Selar\u00f3n no Rio de Janeiro. Descubra a hist\u00f3ria, curiosidades e como visitar este ic\u00f4nico ponto tur\u00edstico.","robots":{"index":"index","follow":"follow","max-snippet":"max-snippet:-1","max-image-preview":"max-image-preview:large","max-video-preview":"max-video-preview:-1"},"canonical":"https:\/\/inbuzios.com.br\/blog\/2024\/02\/08\/escadaria-selaron-conheca-a-historia-do-lugar\/","og_locale":"pt_BR","og_type":"article","og_title":"Escadaria Selar\u00f3n: conhe\u00e7a a hist\u00f3ria do lugar! - In B\u00fazios","og_description":"Explore a m\u00e1gica da Escadaria Selar\u00f3n no Rio de Janeiro. Descubra a hist\u00f3ria, curiosidades e como visitar este ic\u00f4nico ponto tur\u00edstico.","og_url":"https:\/\/inbuzios.com.br\/blog\/2024\/02\/08\/escadaria-selaron-conheca-a-historia-do-lugar\/","og_site_name":"In B\u00fazios","article_published_time":"2024-02-08T08:00:19+00:00","og_image":[{"width":1000,"height":668,"url":"https:\/\/inbuzios.com.br\/blog\/wp-content\/uploads\/2024\/02\/62.png","type":"image\/png"}],"author":"Administrador InBuzios","twitter_card":"summary_large_image","twitter_misc":{"Escrito por":"Administrador InBuzios","Est. tempo de leitura":"6 minutos"},"schema":{"@context":"https:\/\/schema.org","@graph":[{"@type":"Article","@id":"https:\/\/inbuzios.com.br\/blog\/2024\/02\/08\/escadaria-selaron-conheca-a-historia-do-lugar\/#article","isPartOf":{"@id":"https:\/\/inbuzios.com.br\/blog\/2024\/02\/08\/escadaria-selaron-conheca-a-historia-do-lugar\/"},"author":{"name":"Administrador InBuzios","@id":"https:\/\/inbuzios.com.br\/blog\/#\/schema\/person\/bbea7ab9669a1a34c0a5ca8af89947e4"},"headline":"Escadaria Selar\u00f3n: conhe\u00e7a a hist\u00f3ria do lugar!","datePublished":"2024-02-08T08:00:19+00:00","mainEntityOfPage":{"@id":"https:\/\/inbuzios.com.br\/blog\/2024\/02\/08\/escadaria-selaron-conheca-a-historia-do-lugar\/"},"wordCount":863,"commentCount":0,"image":{"@id":"https:\/\/inbuzios.com.br\/blog\/2024\/02\/08\/escadaria-selaron-conheca-a-historia-do-lugar\/#primaryimage"},"thumbnailUrl":"https:\/\/inbuzios.com.br\/blog\/wp-content\/uploads\/2024\/02\/62.png","articleSection":["Uncategorized"],"inLanguage":"pt-BR","potentialAction":[{"@type":"CommentAction","name":"Comment","target":["https:\/\/inbuzios.com.br\/blog\/2024\/02\/08\/escadaria-selaron-conheca-a-historia-do-lugar\/#respond"]}]},{"@type":"WebPage","@id":"https:\/\/inbuzios.com.br\/blog\/2024\/02\/08\/escadaria-selaron-conheca-a-historia-do-lugar\/","url":"https:\/\/inbuzios.com.br\/blog\/2024\/02\/08\/escadaria-selaron-conheca-a-historia-do-lugar\/","name":"Escadaria Selar\u00f3n: conhe\u00e7a a hist\u00f3ria do lugar! - In B\u00fazios","isPartOf":{"@id":"https:\/\/inbuzios.com.br\/blog\/#website"},"primaryImageOfPage":{"@id":"https:\/\/inbuzios.com.br\/blog\/2024\/02\/08\/escadaria-selaron-conheca-a-historia-do-lugar\/#primaryimage"},"image":{"@id":"https:\/\/inbuzios.com.br\/blog\/2024\/02\/08\/escadaria-selaron-conheca-a-historia-do-lugar\/#primaryimage"},"thumbnailUrl":"https:\/\/inbuzios.com.br\/blog\/wp-content\/uploads\/2024\/02\/62.png","datePublished":"2024-02-08T08:00:19+00:00","author":{"@id":"https:\/\/inbuzios.com.br\/blog\/#\/schema\/person\/bbea7ab9669a1a34c0a5ca8af89947e4"},"description":"Explore a m\u00e1gica da Escadaria Selar\u00f3n no Rio de Janeiro. Descubra a hist\u00f3ria, curiosidades e como visitar este ic\u00f4nico ponto tur\u00edstico.","breadcrumb":{"@id":"https:\/\/inbuzios.com.br\/blog\/2024\/02\/08\/escadaria-selaron-conheca-a-historia-do-lugar\/#breadcrumb"},"inLanguage":"pt-BR","potentialAction":[{"@type":"ReadAction","target":["https:\/\/inbuzios.com.br\/blog\/2024\/02\/08\/escadaria-selaron-conheca-a-historia-do-lugar\/"]}]},{"@type":"ImageObject","inLanguage":"pt-BR","@id":"https:\/\/inbuzios.com.br\/blog\/2024\/02\/08\/escadaria-selaron-conheca-a-historia-do-lugar\/#primaryimage","url":"https:\/\/inbuzios.com.br\/blog\/wp-content\/uploads\/2024\/02\/62.png","contentUrl":"https:\/\/inbuzios.com.br\/blog\/wp-content\/uploads\/2024\/02\/62.png","width":1000,"height":668},{"@type":"BreadcrumbList","@id":"https:\/\/inbuzios.com.br\/blog\/2024\/02\/08\/escadaria-selaron-conheca-a-historia-do-lugar\/#breadcrumb","itemListElement":[{"@type":"ListItem","position":1,"name":"In\u00edcio","item":"https:\/\/inbuzios.com.br\/blog\/"},{"@type":"ListItem","position":2,"name":"Escadaria Selar\u00f3n: conhe\u00e7a a hist\u00f3ria do lugar!"}]},{"@type":"WebSite","@id":"https:\/\/inbuzios.com.br\/blog\/#website","url":"https:\/\/inbuzios.com.br\/blog\/","name":"In B\u00fazios","description":"Turismo Receptivo","potentialAction":[{"@type":"SearchAction","target":{"@type":"EntryPoint","urlTemplate":"https:\/\/inbuzios.com.br\/blog\/?s={search_term_string}"},"query-input":{"@type":"PropertyValueSpecification","valueRequired":true,"valueName":"search_term_string"}}],"inLanguage":"pt-BR"},{"@type":"Person","@id":"https:\/\/inbuzios.com.br\/blog\/#\/schema\/person\/bbea7ab9669a1a34c0a5ca8af89947e4","name":"Administrador InBuzios","image":{"@type":"ImageObject","inLanguage":"pt-BR","@id":"https:\/\/secure.gravatar.com\/avatar\/8b70eaa2d258abec51683c3d2372e954b262626305a737d15b94d7bd297bbd7b?s=96&d=mm&r=g","url":"https:\/\/secure.gravatar.com\/avatar\/8b70eaa2d258abec51683c3d2372e954b262626305a737d15b94d7bd297bbd7b?s=96&d=mm&r=g","contentUrl":"https:\/\/secure.gravatar.com\/avatar\/8b70eaa2d258abec51683c3d2372e954b262626305a737d15b94d7bd297bbd7b?s=96&d=mm&r=g","caption":"Administrador InBuzios"},"sameAs":["http:\/\/www.inbuzios.com"],"url":"https:\/\/inbuzios.com.br\/blog\/author\/inbuzios\/"}]}},"jetpack_featured_media_url":"https:\/\/inbuzios.com.br\/blog\/wp-content\/uploads\/2024\/02\/62.png","jetpack_sharing_enabled":true,"amp_enabled":true,"_links":{"self":[{"href":"https:\/\/inbuzios.com.br\/blog\/wp-json\/wp\/v2\/posts\/4927","targetHints":{"allow":["GET"]}}],"collection":[{"href":"https:\/\/inbuzios.com.br\/blog\/wp-json\/wp\/v2\/posts"}],"about":[{"href":"https:\/\/inbuzios.com.br\/blog\/wp-json\/wp\/v2\/types\/post"}],"author":[{"embeddable":true,"href":"https:\/\/inbuzios.com.br\/blog\/wp-json\/wp\/v2\/users\/2"}],"replies":[{"embeddable":true,"href":"https:\/\/inbuzios.com.br\/blog\/wp-json\/wp\/v2\/comments?post=4927"}],"version-history":[{"count":1,"href":"https:\/\/inbuzios.com.br\/blog\/wp-json\/wp\/v2\/posts\/4927\/revisions"}],"predecessor-version":[{"id":4933,"href":"https:\/\/inbuzios.com.br\/blog\/wp-json\/wp\/v2\/posts\/4927\/revisions\/4933"}],"wp:featuredmedia":[{"embeddable":true,"href":"https:\/\/inbuzios.com.br\/blog\/wp-json\/wp\/v2\/media\/4928"}],"wp:attachment":[{"href":"https:\/\/inbuzios.com.br\/blog\/wp-json\/wp\/v2\/media?parent=4927"}],"wp:term":[{"taxonomy":"category","embeddable":true,"href":"https:\/\/inbuzios.com.br\/blog\/wp-json\/wp\/v2\/categories?post=4927"},{"taxonomy":"post_tag","embeddable":true,"href":"https:\/\/inbuzios.com.br\/blog\/wp-json\/wp\/v2\/tags?post=4927"}],"curies":[{"name":"wp","href":"https:\/\/api.w.org\/{rel}","templated":true}]}}