{"id":5038,"date":"2024-05-03T11:55:18","date_gmt":"2024-05-03T11:55:18","guid":{"rendered":"https:\/\/inbuzios.com.br\/blog\/?p=5038"},"modified":"2024-05-03T11:55:18","modified_gmt":"2024-05-03T11:55:18","slug":"caribe-brasileiro-saiba-de-onde-veio-esse-apelido-de-arraial-do-cabo","status":"publish","type":"post","link":"https:\/\/inbuzios.com.br\/blog\/2024\/05\/03\/caribe-brasileiro-saiba-de-onde-veio-esse-apelido-de-arraial-do-cabo\/","title":{"rendered":"Caribe Brasileiro: saiba de onde veio esse apelido de Arraial do Cabo!"},"content":{"rendered":"<p><span style=\"font-weight: 400;\">Ah, Arraial do Cabo! Este pedacinho do Rio de Janeiro carrega em sua ess\u00eancia a beleza e o charme que muitos associam ao paradis\u00edaco Caribe Brasileiro.<\/span><\/p>\n<p><span style=\"font-weight: 400;\">Este \u00e9 um daqueles lugares que parece ter sido criado pela natureza com um cuidado extra. O pequeno munic\u00edpio no Rio de Janeiro, conhecido como &#8220;Caribe Brasileiro&#8221;, \u00e9 um tesouro de belezas naturais, com suas \u00e1guas cristalinas e areias branquinhas que n\u00e3o deixam nada a desejar aos destinos caribenhos.\u00a0<\/span><\/p>\n<p><span style=\"font-weight: 400;\">Mas, afinal, como surgiu esse apelido que agu\u00e7a a curiosidade e atrai turistas de todos os cantos? Vamos mergulhar juntos nesta hist\u00f3ria, explorando as maravilhas naturais que fazem de Arraial do Cabo um lugar t\u00e3o especial.<\/span><\/p>\n<h2><span style=\"font-weight: 400;\">O encanto das \u00e1guas cristalinas<\/span><\/h2>\n<p><img loading=\"lazy\" decoding=\"async\" class=\"alignleft size-full wp-image-5039\" src=\"https:\/\/inbuzios.com.br\/blog\/wp-content\/uploads\/2024\/05\/33.png\" alt=\"\" width=\"1000\" height=\"668\" srcset=\"https:\/\/inbuzios.com.br\/blog\/wp-content\/uploads\/2024\/05\/33.png 1000w, https:\/\/inbuzios.com.br\/blog\/wp-content\/uploads\/2024\/05\/33-300x200.png 300w, https:\/\/inbuzios.com.br\/blog\/wp-content\/uploads\/2024\/05\/33-768x513.png 768w, https:\/\/inbuzios.com.br\/blog\/wp-content\/uploads\/2024\/05\/33-600x401.png 600w\" sizes=\"auto, (max-width: 1000px) 100vw, 1000px\" \/><\/p>\n<p><span style=\"font-weight: 400;\">N\u00e3o \u00e9 dif\u00edcil entender por que Arraial do Cabo ganhou o t\u00edtulo de &#8220;Caribe Brasileiro&#8221;. As semelhan\u00e7as com as famosas praias caribenhas s\u00e3o muitas, come\u00e7ando pelas \u00e1guas de um azul-turquesa vibrante que parecem pinturas vivas sob o sol.\u00a0<\/span><\/p>\n<p><span style=\"font-weight: 400;\">A areia branca e fina, que se estende por quil\u00f4metros, complementa a paisagem paradis\u00edaca, fazendo de cada praia um convite irresist\u00edvel ao relaxamento e \u00e0 contempla\u00e7\u00e3o.<\/span><\/p>\n<p><span style=\"font-weight: 400;\">Mas o que realmente diferencia Arraial do Cabo e lhe d\u00e1 esse t\u00edtulo cobi\u00e7ado s\u00e3o as suas caracter\u00edsticas naturais \u00fanicas.\u00a0<\/span><\/p>\n<p><span style=\"font-weight: 400;\">A regi\u00e3o \u00e9 aben\u00e7oada com forma\u00e7\u00f5es rochosas que criam paisagens de tirar o f\u00f4lego e uma biodiversidade marinha que \u00e9 um prato cheio para amantes do mergulho e da vida aqu\u00e1tica.<\/span><\/p>\n<h2><span style=\"font-weight: 400;\">Por que &#8220;Caribe Brasileiro&#8221;?<\/span><\/h2>\n<p><img loading=\"lazy\" decoding=\"async\" class=\"alignleft size-full wp-image-5043\" src=\"https:\/\/inbuzios.com.br\/blog\/wp-content\/uploads\/2024\/05\/32.png\" alt=\"\" width=\"1000\" height=\"668\" srcset=\"https:\/\/inbuzios.com.br\/blog\/wp-content\/uploads\/2024\/05\/32.png 1000w, https:\/\/inbuzios.com.br\/blog\/wp-content\/uploads\/2024\/05\/32-300x200.png 300w, https:\/\/inbuzios.com.br\/blog\/wp-content\/uploads\/2024\/05\/32-768x513.png 768w, https:\/\/inbuzios.com.br\/blog\/wp-content\/uploads\/2024\/05\/32-600x401.png 600w\" sizes=\"auto, (max-width: 1000px) 100vw, 1000px\" \/><\/p>\n<p><span style=\"font-weight: 400;\">A hist\u00f3ria por tr\u00e1s do apelido &#8220;Caribe Brasileiro&#8221; se enra\u00edza nas ineg\u00e1veis semelhan\u00e7as que a regi\u00e3o compartilha com as ilhas do Caribe.\u00a0<\/span><\/p>\n<p><span style=\"font-weight: 400;\">Al\u00e9m das j\u00e1 mencionadas \u00e1guas azul-turquesa e areias brancas, o ambiente de Arraial \u00e9 moldado por correntes mar\u00edtimas que trazem uma refrescante brisa ao clima tropical, criando condi\u00e7\u00f5es perfeitas para desfrutar das belezas naturais durante quase todo o ano.<\/span><\/p>\n<p><span style=\"font-weight: 400;\">Fatores geogr\u00e1ficos e clim\u00e1ticos tamb\u00e9m desempenham um papel importante, tornando suas praias lugares \u00fanicos para se visitar. Al\u00e9m disso, sua biodiversidade marinha tamb\u00e9m \u00e9 um dos pontos altos para quem visita.<\/span><\/p>\n<h2><span style=\"font-weight: 400;\">Um para\u00edso de atividades<\/span><\/h2>\n<p><img loading=\"lazy\" decoding=\"async\" class=\"alignleft size-full wp-image-5040\" src=\"https:\/\/inbuzios.com.br\/blog\/wp-content\/uploads\/2024\/05\/34.png\" alt=\"\" width=\"1000\" height=\"668\" srcset=\"https:\/\/inbuzios.com.br\/blog\/wp-content\/uploads\/2024\/05\/34.png 1000w, https:\/\/inbuzios.com.br\/blog\/wp-content\/uploads\/2024\/05\/34-300x200.png 300w, https:\/\/inbuzios.com.br\/blog\/wp-content\/uploads\/2024\/05\/34-768x513.png 768w, https:\/\/inbuzios.com.br\/blog\/wp-content\/uploads\/2024\/05\/34-600x401.png 600w\" sizes=\"auto, (max-width: 1000px) 100vw, 1000px\" \/><\/p>\n<p><span style=\"font-weight: 400;\">Arraial do Cabo n\u00e3o \u00e9 apenas um deleite para os olhos, \u00e9 tamb\u00e9m um playground para quem busca aventuras ao ar livre.\u00a0<\/span><\/p>\n<p><span style=\"font-weight: 400;\">Do mergulho com snorkel, passando por passeios de barco que exploram grutas e praias escondidas, at\u00e9 trilhas que levam a mirantes espetaculares, h\u00e1 sempre algo novo e emocionante para fazer no &#8220;Caribe Brasileiro&#8221;.<\/span><\/p>\n<h2><span style=\"font-weight: 400;\">Dicas para explorar o Caribe Brasileiro<\/span><\/h2>\n<p><img loading=\"lazy\" decoding=\"async\" class=\"alignleft size-full wp-image-5041\" src=\"https:\/\/inbuzios.com.br\/blog\/wp-content\/uploads\/2024\/05\/35.png\" alt=\"\" width=\"1000\" height=\"668\" srcset=\"https:\/\/inbuzios.com.br\/blog\/wp-content\/uploads\/2024\/05\/35.png 1000w, https:\/\/inbuzios.com.br\/blog\/wp-content\/uploads\/2024\/05\/35-300x200.png 300w, https:\/\/inbuzios.com.br\/blog\/wp-content\/uploads\/2024\/05\/35-768x513.png 768w, https:\/\/inbuzios.com.br\/blog\/wp-content\/uploads\/2024\/05\/35-600x401.png 600w\" sizes=\"auto, (max-width: 1000px) 100vw, 1000px\" \/><\/p>\n<p><span style=\"font-weight: 400;\">Se voc\u00ea est\u00e1 planejando visitar este para\u00edso, aqui v\u00e3o algumas dicas: a melhor \u00e9poca para desfrutar de Arraial do Cabo \u00e9 entre setembro e mar\u00e7o, quando o clima \u00e9 mais seco e as \u00e1guas est\u00e3o ainda mais cristalinas.\u00a0<\/span><\/p>\n<p><span style=\"font-weight: 400;\">Quanto \u00e0 hospedagem, h\u00e1 op\u00e7\u00f5es para todos os gostos e bolsos, desde pousadas charmosas a hostels acolhedores. E, claro, a gastronomia local \u00e9 um cap\u00edtulo \u00e0 parte, com seus frutos do mar fresqu\u00edssimos servidos nos restaurantes da regi\u00e3o.<\/span><\/p>\n<p><span style=\"font-weight: 400;\">Em resumo, o local merece cada letra de seu apelido &#8220;Caribe Brasileiro&#8221;. Este destino n\u00e3o s\u00f3 encanta com sua beleza natural, mas tamb\u00e9m oferece uma rica experi\u00eancia de conex\u00e3o com a natureza.\u00a0<\/span><\/p>\n<p><span style=\"font-weight: 400;\">Ent\u00e3o, se voc\u00ea est\u00e1 em busca de um lugar para relaxar, aventurar-se e, principalmente, maravilhar-se, Arraial do Cabo espera por voc\u00ea com bra\u00e7os abertos e \u00e1guas cristalinas.<\/span><\/p>\n<p><span style=\"font-weight: 400;\">N\u00e3o se esque\u00e7a de acompanhar o nosso Instagram <\/span><a href=\"https:\/\/www.instagram.com\/inbuzios\/\"><b>(@inbuzios)<\/b><\/a> <span style=\"font-weight: 400;\">e saber mais sobre praias, passeios, roteiros e muito mais na regi\u00e3o do Rio de Janeiro. Ent\u00e3o j\u00e1 prepare as malas e venha com a gente nessa viagem incr\u00edvel!<\/span><\/p>\n<p><a href=\"https:\/\/www.inbuzios.com\/home\"><b>Clique aqui<\/b><\/a><span style=\"font-weight: 400;\"> para acessar nosso site e converse com a nossa equipe para tirar todas as suas d\u00favidas e ter mais informa\u00e7\u00f5es!<\/span><\/p>\n<p><b>Leia mais:<\/b><b><\/b><\/p>\n<ul>\n<li aria-level=\"1\"><a href=\"https:\/\/inbuzios.com.br\/blog\/2024\/03\/31\/buzios-e-gastronomia-onde-encontrar-sabores-para-todos-os-paladares\/\"><b>B\u00fazios e gastronomia: onde encontrar sabores para todos os paladares<\/b><\/a><\/li>\n<li aria-level=\"1\"><a href=\"https:\/\/inbuzios.com.br\/blog\/2024\/03\/30\/cabo-frio-alem-das-praias-descubra-os-encantos-da-historica-passagem\/\"><b>Cabo Frio al\u00e9m das praias: descubra os encantos da hist\u00f3rica passagem<\/b><\/a><\/li>\n<\/ul>\n","protected":false},"excerpt":{"rendered":"<p>Ah, Arraial do Cabo! Este pedacinho do Rio de Janeiro carrega em sua ess\u00eancia a beleza e o charme que muitos associam ao paradis\u00edaco Caribe Brasileiro. Este \u00e9 um daqueles&#8230;<\/p>\n","protected":false},"author":2,"featured_media":5042,"comment_status":"open","ping_status":"open","sticky":false,"template":"","format":"standard","meta":{"_jetpack_memberships_contains_paid_content":false,"footnotes":""},"categories":[3,5],"tags":[],"class_list":["post-5038","post","type-post","status-publish","format-standard","has-post-thumbnail","hentry","category-dicas","category-lugares-para-conhecer-no-rio-de-janeiro"],"yoast_head":"<!-- This site is optimized with the Yoast SEO plugin v27.4 - https:\/\/yoast.com\/product\/yoast-seo-wordpress\/ -->\n<title>Caribe Brasileiro: saiba de onde veio esse apelido de Arraial do Cabo! - In B\u00fazios<\/title>\n<meta name=\"description\" content=\"Descubra porque Arraial do Cabo \u00e9 conhecido como o &quot;Caribe Brasileiro&quot;, explorando suas belezas naturais e atra\u00e7\u00f5es imperd\u00edveis.\" \/>\n<meta name=\"robots\" content=\"index, follow, max-snippet:-1, max-image-preview:large, max-video-preview:-1\" \/>\n<link rel=\"canonical\" href=\"https:\/\/inbuzios.com.br\/blog\/2024\/05\/03\/caribe-brasileiro-saiba-de-onde-veio-esse-apelido-de-arraial-do-cabo\/\" \/>\n<meta property=\"og:locale\" content=\"pt_BR\" \/>\n<meta property=\"og:type\" content=\"article\" \/>\n<meta property=\"og:title\" content=\"Caribe Brasileiro: saiba de onde veio esse apelido de Arraial do Cabo! - In B\u00fazios\" \/>\n<meta property=\"og:description\" content=\"Descubra porque Arraial do Cabo \u00e9 conhecido como o &quot;Caribe Brasileiro&quot;, explorando suas belezas naturais e atra\u00e7\u00f5es imperd\u00edveis.\" \/>\n<meta property=\"og:url\" content=\"https:\/\/inbuzios.com.br\/blog\/2024\/05\/03\/caribe-brasileiro-saiba-de-onde-veio-esse-apelido-de-arraial-do-cabo\/\" \/>\n<meta property=\"og:site_name\" content=\"In B\u00fazios\" \/>\n<meta property=\"article:published_time\" content=\"2024-05-03T11:55:18+00:00\" \/>\n<meta property=\"og:image\" content=\"https:\/\/inbuzios.com.br\/blog\/wp-content\/uploads\/2024\/05\/36.png\" \/>\n\t<meta property=\"og:image:width\" content=\"1000\" \/>\n\t<meta property=\"og:image:height\" content=\"668\" \/>\n\t<meta property=\"og:image:type\" content=\"image\/png\" \/>\n<meta name=\"author\" content=\"Administrador InBuzios\" \/>\n<meta name=\"twitter:card\" content=\"summary_large_image\" \/>\n<meta name=\"twitter:label1\" content=\"Escrito por\" \/>\n\t<meta name=\"twitter:data1\" content=\"Administrador InBuzios\" \/>\n\t<meta name=\"twitter:label2\" content=\"Est. tempo de leitura\" \/>\n\t<meta name=\"twitter:data2\" content=\"5 minutos\" \/>\n<script type=\"application\/ld+json\" class=\"yoast-schema-graph\">{\"@context\":\"https:\\\/\\\/schema.org\",\"@graph\":[{\"@type\":\"Article\",\"@id\":\"https:\\\/\\\/inbuzios.com.br\\\/blog\\\/2024\\\/05\\\/03\\\/caribe-brasileiro-saiba-de-onde-veio-esse-apelido-de-arraial-do-cabo\\\/#article\",\"isPartOf\":{\"@id\":\"https:\\\/\\\/inbuzios.com.br\\\/blog\\\/2024\\\/05\\\/03\\\/caribe-brasileiro-saiba-de-onde-veio-esse-apelido-de-arraial-do-cabo\\\/\"},\"author\":{\"name\":\"Administrador InBuzios\",\"@id\":\"https:\\\/\\\/inbuzios.com.br\\\/blog\\\/#\\\/schema\\\/person\\\/bbea7ab9669a1a34c0a5ca8af89947e4\"},\"headline\":\"Caribe Brasileiro: saiba de onde veio esse apelido de Arraial do Cabo!\",\"datePublished\":\"2024-05-03T11:55:18+00:00\",\"mainEntityOfPage\":{\"@id\":\"https:\\\/\\\/inbuzios.com.br\\\/blog\\\/2024\\\/05\\\/03\\\/caribe-brasileiro-saiba-de-onde-veio-esse-apelido-de-arraial-do-cabo\\\/\"},\"wordCount\":674,\"commentCount\":0,\"image\":{\"@id\":\"https:\\\/\\\/inbuzios.com.br\\\/blog\\\/2024\\\/05\\\/03\\\/caribe-brasileiro-saiba-de-onde-veio-esse-apelido-de-arraial-do-cabo\\\/#primaryimage\"},\"thumbnailUrl\":\"https:\\\/\\\/inbuzios.com.br\\\/blog\\\/wp-content\\\/uploads\\\/2024\\\/05\\\/36.png\",\"articleSection\":[\"Dicas\",\"Lugares para conhecer no Rio de Janeiro\"],\"inLanguage\":\"pt-BR\",\"potentialAction\":[{\"@type\":\"CommentAction\",\"name\":\"Comment\",\"target\":[\"https:\\\/\\\/inbuzios.com.br\\\/blog\\\/2024\\\/05\\\/03\\\/caribe-brasileiro-saiba-de-onde-veio-esse-apelido-de-arraial-do-cabo\\\/#respond\"]}]},{\"@type\":\"WebPage\",\"@id\":\"https:\\\/\\\/inbuzios.com.br\\\/blog\\\/2024\\\/05\\\/03\\\/caribe-brasileiro-saiba-de-onde-veio-esse-apelido-de-arraial-do-cabo\\\/\",\"url\":\"https:\\\/\\\/inbuzios.com.br\\\/blog\\\/2024\\\/05\\\/03\\\/caribe-brasileiro-saiba-de-onde-veio-esse-apelido-de-arraial-do-cabo\\\/\",\"name\":\"Caribe Brasileiro: saiba de onde veio esse apelido de Arraial do Cabo! - In B\u00fazios\",\"isPartOf\":{\"@id\":\"https:\\\/\\\/inbuzios.com.br\\\/blog\\\/#website\"},\"primaryImageOfPage\":{\"@id\":\"https:\\\/\\\/inbuzios.com.br\\\/blog\\\/2024\\\/05\\\/03\\\/caribe-brasileiro-saiba-de-onde-veio-esse-apelido-de-arraial-do-cabo\\\/#primaryimage\"},\"image\":{\"@id\":\"https:\\\/\\\/inbuzios.com.br\\\/blog\\\/2024\\\/05\\\/03\\\/caribe-brasileiro-saiba-de-onde-veio-esse-apelido-de-arraial-do-cabo\\\/#primaryimage\"},\"thumbnailUrl\":\"https:\\\/\\\/inbuzios.com.br\\\/blog\\\/wp-content\\\/uploads\\\/2024\\\/05\\\/36.png\",\"datePublished\":\"2024-05-03T11:55:18+00:00\",\"author\":{\"@id\":\"https:\\\/\\\/inbuzios.com.br\\\/blog\\\/#\\\/schema\\\/person\\\/bbea7ab9669a1a34c0a5ca8af89947e4\"},\"description\":\"Descubra porque Arraial do Cabo \u00e9 conhecido como o \\\"Caribe Brasileiro\\\", explorando suas belezas naturais e atra\u00e7\u00f5es imperd\u00edveis.\",\"breadcrumb\":{\"@id\":\"https:\\\/\\\/inbuzios.com.br\\\/blog\\\/2024\\\/05\\\/03\\\/caribe-brasileiro-saiba-de-onde-veio-esse-apelido-de-arraial-do-cabo\\\/#breadcrumb\"},\"inLanguage\":\"pt-BR\",\"potentialAction\":[{\"@type\":\"ReadAction\",\"target\":[\"https:\\\/\\\/inbuzios.com.br\\\/blog\\\/2024\\\/05\\\/03\\\/caribe-brasileiro-saiba-de-onde-veio-esse-apelido-de-arraial-do-cabo\\\/\"]}]},{\"@type\":\"ImageObject\",\"inLanguage\":\"pt-BR\",\"@id\":\"https:\\\/\\\/inbuzios.com.br\\\/blog\\\/2024\\\/05\\\/03\\\/caribe-brasileiro-saiba-de-onde-veio-esse-apelido-de-arraial-do-cabo\\\/#primaryimage\",\"url\":\"https:\\\/\\\/inbuzios.com.br\\\/blog\\\/wp-content\\\/uploads\\\/2024\\\/05\\\/36.png\",\"contentUrl\":\"https:\\\/\\\/inbuzios.com.br\\\/blog\\\/wp-content\\\/uploads\\\/2024\\\/05\\\/36.png\",\"width\":1000,\"height\":668},{\"@type\":\"BreadcrumbList\",\"@id\":\"https:\\\/\\\/inbuzios.com.br\\\/blog\\\/2024\\\/05\\\/03\\\/caribe-brasileiro-saiba-de-onde-veio-esse-apelido-de-arraial-do-cabo\\\/#breadcrumb\",\"itemListElement\":[{\"@type\":\"ListItem\",\"position\":1,\"name\":\"In\u00edcio\",\"item\":\"https:\\\/\\\/inbuzios.com.br\\\/blog\\\/\"},{\"@type\":\"ListItem\",\"position\":2,\"name\":\"Caribe Brasileiro: saiba de onde veio esse apelido de Arraial do Cabo!\"}]},{\"@type\":\"WebSite\",\"@id\":\"https:\\\/\\\/inbuzios.com.br\\\/blog\\\/#website\",\"url\":\"https:\\\/\\\/inbuzios.com.br\\\/blog\\\/\",\"name\":\"In B\u00fazios\",\"description\":\"Turismo Receptivo\",\"potentialAction\":[{\"@type\":\"SearchAction\",\"target\":{\"@type\":\"EntryPoint\",\"urlTemplate\":\"https:\\\/\\\/inbuzios.com.br\\\/blog\\\/?s={search_term_string}\"},\"query-input\":{\"@type\":\"PropertyValueSpecification\",\"valueRequired\":true,\"valueName\":\"search_term_string\"}}],\"inLanguage\":\"pt-BR\"},{\"@type\":\"Person\",\"@id\":\"https:\\\/\\\/inbuzios.com.br\\\/blog\\\/#\\\/schema\\\/person\\\/bbea7ab9669a1a34c0a5ca8af89947e4\",\"name\":\"Administrador InBuzios\",\"image\":{\"@type\":\"ImageObject\",\"inLanguage\":\"pt-BR\",\"@id\":\"https:\\\/\\\/secure.gravatar.com\\\/avatar\\\/8b70eaa2d258abec51683c3d2372e954b262626305a737d15b94d7bd297bbd7b?s=96&d=mm&r=g\",\"url\":\"https:\\\/\\\/secure.gravatar.com\\\/avatar\\\/8b70eaa2d258abec51683c3d2372e954b262626305a737d15b94d7bd297bbd7b?s=96&d=mm&r=g\",\"contentUrl\":\"https:\\\/\\\/secure.gravatar.com\\\/avatar\\\/8b70eaa2d258abec51683c3d2372e954b262626305a737d15b94d7bd297bbd7b?s=96&d=mm&r=g\",\"caption\":\"Administrador InBuzios\"},\"sameAs\":[\"http:\\\/\\\/www.inbuzios.com\"],\"url\":\"https:\\\/\\\/inbuzios.com.br\\\/blog\\\/author\\\/inbuzios\\\/\"}]}<\/script>\n<!-- \/ Yoast SEO plugin. -->","yoast_head_json":{"title":"Caribe Brasileiro: saiba de onde veio esse apelido de Arraial do Cabo! - In B\u00fazios","description":"Descubra porque Arraial do Cabo \u00e9 conhecido como o \"Caribe Brasileiro\", explorando suas belezas naturais e atra\u00e7\u00f5es imperd\u00edveis.","robots":{"index":"index","follow":"follow","max-snippet":"max-snippet:-1","max-image-preview":"max-image-preview:large","max-video-preview":"max-video-preview:-1"},"canonical":"https:\/\/inbuzios.com.br\/blog\/2024\/05\/03\/caribe-brasileiro-saiba-de-onde-veio-esse-apelido-de-arraial-do-cabo\/","og_locale":"pt_BR","og_type":"article","og_title":"Caribe Brasileiro: saiba de onde veio esse apelido de Arraial do Cabo! - In B\u00fazios","og_description":"Descubra porque Arraial do Cabo \u00e9 conhecido como o \"Caribe Brasileiro\", explorando suas belezas naturais e atra\u00e7\u00f5es imperd\u00edveis.","og_url":"https:\/\/inbuzios.com.br\/blog\/2024\/05\/03\/caribe-brasileiro-saiba-de-onde-veio-esse-apelido-de-arraial-do-cabo\/","og_site_name":"In B\u00fazios","article_published_time":"2024-05-03T11:55:18+00:00","og_image":[{"width":1000,"height":668,"url":"https:\/\/inbuzios.com.br\/blog\/wp-content\/uploads\/2024\/05\/36.png","type":"image\/png"}],"author":"Administrador InBuzios","twitter_card":"summary_large_image","twitter_misc":{"Escrito por":"Administrador InBuzios","Est. tempo de leitura":"5 minutos"},"schema":{"@context":"https:\/\/schema.org","@graph":[{"@type":"Article","@id":"https:\/\/inbuzios.com.br\/blog\/2024\/05\/03\/caribe-brasileiro-saiba-de-onde-veio-esse-apelido-de-arraial-do-cabo\/#article","isPartOf":{"@id":"https:\/\/inbuzios.com.br\/blog\/2024\/05\/03\/caribe-brasileiro-saiba-de-onde-veio-esse-apelido-de-arraial-do-cabo\/"},"author":{"name":"Administrador InBuzios","@id":"https:\/\/inbuzios.com.br\/blog\/#\/schema\/person\/bbea7ab9669a1a34c0a5ca8af89947e4"},"headline":"Caribe Brasileiro: saiba de onde veio esse apelido de Arraial do Cabo!","datePublished":"2024-05-03T11:55:18+00:00","mainEntityOfPage":{"@id":"https:\/\/inbuzios.com.br\/blog\/2024\/05\/03\/caribe-brasileiro-saiba-de-onde-veio-esse-apelido-de-arraial-do-cabo\/"},"wordCount":674,"commentCount":0,"image":{"@id":"https:\/\/inbuzios.com.br\/blog\/2024\/05\/03\/caribe-brasileiro-saiba-de-onde-veio-esse-apelido-de-arraial-do-cabo\/#primaryimage"},"thumbnailUrl":"https:\/\/inbuzios.com.br\/blog\/wp-content\/uploads\/2024\/05\/36.png","articleSection":["Dicas","Lugares para conhecer no Rio de Janeiro"],"inLanguage":"pt-BR","potentialAction":[{"@type":"CommentAction","name":"Comment","target":["https:\/\/inbuzios.com.br\/blog\/2024\/05\/03\/caribe-brasileiro-saiba-de-onde-veio-esse-apelido-de-arraial-do-cabo\/#respond"]}]},{"@type":"WebPage","@id":"https:\/\/inbuzios.com.br\/blog\/2024\/05\/03\/caribe-brasileiro-saiba-de-onde-veio-esse-apelido-de-arraial-do-cabo\/","url":"https:\/\/inbuzios.com.br\/blog\/2024\/05\/03\/caribe-brasileiro-saiba-de-onde-veio-esse-apelido-de-arraial-do-cabo\/","name":"Caribe Brasileiro: saiba de onde veio esse apelido de Arraial do Cabo! - In B\u00fazios","isPartOf":{"@id":"https:\/\/inbuzios.com.br\/blog\/#website"},"primaryImageOfPage":{"@id":"https:\/\/inbuzios.com.br\/blog\/2024\/05\/03\/caribe-brasileiro-saiba-de-onde-veio-esse-apelido-de-arraial-do-cabo\/#primaryimage"},"image":{"@id":"https:\/\/inbuzios.com.br\/blog\/2024\/05\/03\/caribe-brasileiro-saiba-de-onde-veio-esse-apelido-de-arraial-do-cabo\/#primaryimage"},"thumbnailUrl":"https:\/\/inbuzios.com.br\/blog\/wp-content\/uploads\/2024\/05\/36.png","datePublished":"2024-05-03T11:55:18+00:00","author":{"@id":"https:\/\/inbuzios.com.br\/blog\/#\/schema\/person\/bbea7ab9669a1a34c0a5ca8af89947e4"},"description":"Descubra porque Arraial do Cabo \u00e9 conhecido como o \"Caribe Brasileiro\", explorando suas belezas naturais e atra\u00e7\u00f5es imperd\u00edveis.","breadcrumb":{"@id":"https:\/\/inbuzios.com.br\/blog\/2024\/05\/03\/caribe-brasileiro-saiba-de-onde-veio-esse-apelido-de-arraial-do-cabo\/#breadcrumb"},"inLanguage":"pt-BR","potentialAction":[{"@type":"ReadAction","target":["https:\/\/inbuzios.com.br\/blog\/2024\/05\/03\/caribe-brasileiro-saiba-de-onde-veio-esse-apelido-de-arraial-do-cabo\/"]}]},{"@type":"ImageObject","inLanguage":"pt-BR","@id":"https:\/\/inbuzios.com.br\/blog\/2024\/05\/03\/caribe-brasileiro-saiba-de-onde-veio-esse-apelido-de-arraial-do-cabo\/#primaryimage","url":"https:\/\/inbuzios.com.br\/blog\/wp-content\/uploads\/2024\/05\/36.png","contentUrl":"https:\/\/inbuzios.com.br\/blog\/wp-content\/uploads\/2024\/05\/36.png","width":1000,"height":668},{"@type":"BreadcrumbList","@id":"https:\/\/inbuzios.com.br\/blog\/2024\/05\/03\/caribe-brasileiro-saiba-de-onde-veio-esse-apelido-de-arraial-do-cabo\/#breadcrumb","itemListElement":[{"@type":"ListItem","position":1,"name":"In\u00edcio","item":"https:\/\/inbuzios.com.br\/blog\/"},{"@type":"ListItem","position":2,"name":"Caribe Brasileiro: saiba de onde veio esse apelido de Arraial do Cabo!"}]},{"@type":"WebSite","@id":"https:\/\/inbuzios.com.br\/blog\/#website","url":"https:\/\/inbuzios.com.br\/blog\/","name":"In B\u00fazios","description":"Turismo Receptivo","potentialAction":[{"@type":"SearchAction","target":{"@type":"EntryPoint","urlTemplate":"https:\/\/inbuzios.com.br\/blog\/?s={search_term_string}"},"query-input":{"@type":"PropertyValueSpecification","valueRequired":true,"valueName":"search_term_string"}}],"inLanguage":"pt-BR"},{"@type":"Person","@id":"https:\/\/inbuzios.com.br\/blog\/#\/schema\/person\/bbea7ab9669a1a34c0a5ca8af89947e4","name":"Administrador InBuzios","image":{"@type":"ImageObject","inLanguage":"pt-BR","@id":"https:\/\/secure.gravatar.com\/avatar\/8b70eaa2d258abec51683c3d2372e954b262626305a737d15b94d7bd297bbd7b?s=96&d=mm&r=g","url":"https:\/\/secure.gravatar.com\/avatar\/8b70eaa2d258abec51683c3d2372e954b262626305a737d15b94d7bd297bbd7b?s=96&d=mm&r=g","contentUrl":"https:\/\/secure.gravatar.com\/avatar\/8b70eaa2d258abec51683c3d2372e954b262626305a737d15b94d7bd297bbd7b?s=96&d=mm&r=g","caption":"Administrador InBuzios"},"sameAs":["http:\/\/www.inbuzios.com"],"url":"https:\/\/inbuzios.com.br\/blog\/author\/inbuzios\/"}]}},"jetpack_featured_media_url":"https:\/\/inbuzios.com.br\/blog\/wp-content\/uploads\/2024\/05\/36.png","jetpack_sharing_enabled":true,"amp_enabled":true,"_links":{"self":[{"href":"https:\/\/inbuzios.com.br\/blog\/wp-json\/wp\/v2\/posts\/5038","targetHints":{"allow":["GET"]}}],"collection":[{"href":"https:\/\/inbuzios.com.br\/blog\/wp-json\/wp\/v2\/posts"}],"about":[{"href":"https:\/\/inbuzios.com.br\/blog\/wp-json\/wp\/v2\/types\/post"}],"author":[{"embeddable":true,"href":"https:\/\/inbuzios.com.br\/blog\/wp-json\/wp\/v2\/users\/2"}],"replies":[{"embeddable":true,"href":"https:\/\/inbuzios.com.br\/blog\/wp-json\/wp\/v2\/comments?post=5038"}],"version-history":[{"count":1,"href":"https:\/\/inbuzios.com.br\/blog\/wp-json\/wp\/v2\/posts\/5038\/revisions"}],"predecessor-version":[{"id":5044,"href":"https:\/\/inbuzios.com.br\/blog\/wp-json\/wp\/v2\/posts\/5038\/revisions\/5044"}],"wp:featuredmedia":[{"embeddable":true,"href":"https:\/\/inbuzios.com.br\/blog\/wp-json\/wp\/v2\/media\/5042"}],"wp:attachment":[{"href":"https:\/\/inbuzios.com.br\/blog\/wp-json\/wp\/v2\/media?parent=5038"}],"wp:term":[{"taxonomy":"category","embeddable":true,"href":"https:\/\/inbuzios.com.br\/blog\/wp-json\/wp\/v2\/categories?post=5038"},{"taxonomy":"post_tag","embeddable":true,"href":"https:\/\/inbuzios.com.br\/blog\/wp-json\/wp\/v2\/tags?post=5038"}],"curies":[{"name":"wp","href":"https:\/\/api.w.org\/{rel}","templated":true}]}}