{"id":5099,"date":"2024-07-12T09:30:46","date_gmt":"2024-07-12T09:30:46","guid":{"rendered":"https:\/\/inbuzios.com.br\/blog\/?p=5099"},"modified":"2024-07-04T19:21:42","modified_gmt":"2024-07-04T19:21:42","slug":"viagem-de-ferias-atividades-em-familia-para-curtir-o-recesso-em-cabo-frio","status":"publish","type":"post","link":"https:\/\/inbuzios.com.br\/blog\/2024\/07\/12\/viagem-de-ferias-atividades-em-familia-para-curtir-o-recesso-em-cabo-frio\/","title":{"rendered":"Viagem de f\u00e9rias: atividades em fam\u00edlia para curtir o recesso em Cabo Frio"},"content":{"rendered":"<p><span style=\"font-weight: 400;\">Com a chegada do recesso escolar em julho, surge a oportunidade perfeita para planejar uma <\/span><span style=\"font-weight: 400;\">viagem de f\u00e9rias<\/span><span style=\"font-weight: 400;\"> inesquec\u00edvel em fam\u00edlia. E se o destino \u00e9 Cabo Frio, a divers\u00e3o \u00e9 garantida!\u00a0<\/span><\/p>\n<p><span style=\"font-weight: 400;\">Conhecida por suas praias, clima agrad\u00e1vel e uma variedade de atividades para todas as idades, Cabo Frio \u00e9 o lugar ideal para criar mem\u00f3rias que durar\u00e3o para sempre.\u00a0<\/span><\/p>\n<p><span style=\"font-weight: 400;\">Vamos explorar o que esta encantadora cidade tem a oferecer para sua pr\u00f3xima <\/span><span style=\"font-weight: 400;\">viagem de f\u00e9rias<\/span><span style=\"font-weight: 400;\">.<\/span><\/p>\n<p>&nbsp;<\/p>\n<h2><b>Por que escolher Cabo Frio?<\/b><\/h2>\n<p><span style=\"font-weight: 400;\">Localizada na Regi\u00e3o dos Lagos, \u00e9 um destino tur\u00edstico popular que atrai fam\u00edlias durante a <\/span><span style=\"font-weight: 400;\">viagem de f\u00e9rias<\/span><span style=\"font-weight: 400;\">.\u00a0<\/span><\/p>\n<p><img loading=\"lazy\" decoding=\"async\" class=\"alignleft size-full wp-image-5101\" src=\"https:\/\/inbuzios.com.br\/blog\/wp-content\/uploads\/2024\/07\/1-1.png\" alt=\"por do sol visto da avenida beira mar de cabo frio no rio de janeiro\" width=\"1000\" height=\"668\" srcset=\"https:\/\/inbuzios.com.br\/blog\/wp-content\/uploads\/2024\/07\/1-1.png 1000w, https:\/\/inbuzios.com.br\/blog\/wp-content\/uploads\/2024\/07\/1-1-300x200.png 300w, https:\/\/inbuzios.com.br\/blog\/wp-content\/uploads\/2024\/07\/1-1-768x513.png 768w, https:\/\/inbuzios.com.br\/blog\/wp-content\/uploads\/2024\/07\/1-1-600x401.png 600w\" sizes=\"auto, (max-width: 1000px) 100vw, 1000px\" \/><\/p>\n<p><span style=\"font-weight: 400;\">Em julho, a cidade oferece um clima perfeito para atividades ao ar livre, com temperaturas amenas e menos probabilidade de chuvas em compara\u00e7\u00e3o com o ver\u00e3o.\u00a0<\/span><\/p>\n<p><span style=\"font-weight: 400;\">Menos lotada, proporciona um ambiente mais tranquilo e relaxante para curtir com os pequenos.<\/span><\/p>\n<h2><\/h2>\n<h2><b>Praias ideais para crian\u00e7as<\/b><\/h2>\n<h4><b>Praia do Forte<\/b><\/h4>\n<p><img loading=\"lazy\" decoding=\"async\" class=\"alignleft size-full wp-image-5102\" src=\"https:\/\/inbuzios.com.br\/blog\/wp-content\/uploads\/2024\/07\/2-1.png\" alt=\"praia do forte em cabo frio - rj\" width=\"1000\" height=\"668\" srcset=\"https:\/\/inbuzios.com.br\/blog\/wp-content\/uploads\/2024\/07\/2-1.png 1000w, https:\/\/inbuzios.com.br\/blog\/wp-content\/uploads\/2024\/07\/2-1-300x200.png 300w, https:\/\/inbuzios.com.br\/blog\/wp-content\/uploads\/2024\/07\/2-1-768x513.png 768w, https:\/\/inbuzios.com.br\/blog\/wp-content\/uploads\/2024\/07\/2-1-600x401.png 600w\" sizes=\"auto, (max-width: 1000px) 100vw, 1000px\" \/><\/p>\n<p><span style=\"font-weight: 400;\">A Praia do Forte \u00e9 um dos pontos mais ic\u00f4nicos de Cabo Frio, famosa por suas \u00e1guas calmas e cristalinas.\u00a0<\/span><\/p>\n<p><span style=\"font-weight: 400;\">Com uma infraestrutura completa, incluindo quiosques, banheiros e duchas, \u00e9 o lugar perfeito para fam\u00edlias passarem o dia. As crian\u00e7as podem brincar na areia enquanto os pais relaxam ao sol.<\/span><\/p>\n<h4><b>Praia das Conchas<\/b><\/h4>\n<div id=\"attachment_5103\" style=\"width: 1010px\" class=\"wp-caption alignleft\"><img loading=\"lazy\" decoding=\"async\" aria-describedby=\"caption-attachment-5103\" class=\"size-full wp-image-5103\" src=\"https:\/\/inbuzios.com.br\/blog\/wp-content\/uploads\/2024\/07\/3-1.png\" alt=\"Praia das Conchas, Cabo Frio - RJ\" width=\"1000\" height=\"668\" srcset=\"https:\/\/inbuzios.com.br\/blog\/wp-content\/uploads\/2024\/07\/3-1.png 1000w, https:\/\/inbuzios.com.br\/blog\/wp-content\/uploads\/2024\/07\/3-1-300x200.png 300w, https:\/\/inbuzios.com.br\/blog\/wp-content\/uploads\/2024\/07\/3-1-768x513.png 768w, https:\/\/inbuzios.com.br\/blog\/wp-content\/uploads\/2024\/07\/3-1-600x401.png 600w\" sizes=\"auto, (max-width: 1000px) 100vw, 1000px\" \/><p id=\"caption-attachment-5103\" class=\"wp-caption-text\"><em>Foto: Turismo Cabo Frio\/Divulga\u00e7\u00e3o<\/em><\/p><\/div>\n<p><span style=\"font-weight: 400;\">Outra excelente op\u00e7\u00e3o \u00e9 a Praia das Conchas. Conhecida por suas \u00e1guas tranquilas, a praia \u00e9 um ref\u00fagio seguro para as crian\u00e7as.\u00a0<\/span><\/p>\n<p><span style=\"font-weight: 400;\">Com bares e restaurantes ao redor, voc\u00ea pode desfrutar de uma refei\u00e7\u00e3o deliciosa sem sair da praia durante sua <\/span><span style=\"font-weight: 400;\">viagem de f\u00e9rias<\/span><span style=\"font-weight: 400;\">.<\/span><\/p>\n<h4><b>Praia do Per\u00f3<\/b><\/h4>\n<div id=\"attachment_5104\" style=\"width: 1010px\" class=\"wp-caption alignleft\"><img loading=\"lazy\" decoding=\"async\" aria-describedby=\"caption-attachment-5104\" class=\"size-full wp-image-5104\" src=\"https:\/\/inbuzios.com.br\/blog\/wp-content\/uploads\/2024\/07\/4-1.png\" alt=\"Praia do Per\u00f3, Cabo Frio - RJ\" width=\"1000\" height=\"668\" srcset=\"https:\/\/inbuzios.com.br\/blog\/wp-content\/uploads\/2024\/07\/4-1.png 1000w, https:\/\/inbuzios.com.br\/blog\/wp-content\/uploads\/2024\/07\/4-1-300x200.png 300w, https:\/\/inbuzios.com.br\/blog\/wp-content\/uploads\/2024\/07\/4-1-768x513.png 768w, https:\/\/inbuzios.com.br\/blog\/wp-content\/uploads\/2024\/07\/4-1-600x401.png 600w\" sizes=\"auto, (max-width: 1000px) 100vw, 1000px\" \/><p id=\"caption-attachment-5104\" class=\"wp-caption-text\"><em>Foto: Sopa Cultural\/Reprodu\u00e7\u00e3o<\/em><\/p><\/div>\n<p><span style=\"font-weight: 400;\">Para um dia mais relaxante, a Praia do Per\u00f3 \u00e9 uma escolha fant\u00e1stica. Suas \u00e1guas cristalinas e calmas s\u00e3o perfeitas para nadar em seguran\u00e7a. Al\u00e9m disso, a paisagem natural ao redor oferece um cen\u00e1rio deslumbrante para fotos de fam\u00edlia.<\/span><\/p>\n<h4><b>Ilha do Japon\u00eas<\/b><\/h4>\n<div id=\"attachment_5105\" style=\"width: 1010px\" class=\"wp-caption alignleft\"><img loading=\"lazy\" decoding=\"async\" aria-describedby=\"caption-attachment-5105\" class=\"size-full wp-image-5105\" src=\"https:\/\/inbuzios.com.br\/blog\/wp-content\/uploads\/2024\/07\/5-1.png\" alt=\"Ilha do Japon\u00eas, Cabo Frio- RJ\" width=\"1000\" height=\"668\" srcset=\"https:\/\/inbuzios.com.br\/blog\/wp-content\/uploads\/2024\/07\/5-1.png 1000w, https:\/\/inbuzios.com.br\/blog\/wp-content\/uploads\/2024\/07\/5-1-300x200.png 300w, https:\/\/inbuzios.com.br\/blog\/wp-content\/uploads\/2024\/07\/5-1-768x513.png 768w, https:\/\/inbuzios.com.br\/blog\/wp-content\/uploads\/2024\/07\/5-1-600x401.png 600w\" sizes=\"auto, (max-width: 1000px) 100vw, 1000px\" \/><p id=\"caption-attachment-5105\" class=\"wp-caption-text\"><em>Foto: Viajando na Janela\/Reprodu\u00e7\u00e3o<\/em><\/p><\/div>\n<p><span style=\"font-weight: 400;\">Se voc\u00ea est\u00e1 procurando uma experi\u00eancia \u00fanica, a Ilha do Japon\u00eas \u00e9 imperd\u00edvel, e agora faz parte do tour cabofriense exclusivo da In B\u00fazios.\u00a0<\/span><\/p>\n<p><span style=\"font-weight: 400;\">Com \u00e1guas rasas e calmas, a ilha \u00e9 ideal para nadar e praticar snorkel. \u00c9 um verdadeiro para\u00edso para as crian\u00e7as explorarem a vida marinha em seguran\u00e7a.<\/span><\/p>\n<p>&nbsp;<\/p>\n<h2><b>Brincadeiras na praia<\/b><\/h2>\n<p><span style=\"font-weight: 400;\">Quando se trata de divers\u00e3o durante uma <\/span><span style=\"font-weight: 400;\">viagem de f\u00e9rias<\/span><span style=\"font-weight: 400;\">, as praias de Cabo Frio n\u00e3o decepcionam. Algumas atividades recomendadas para entreter a fam\u00edlia incluem:<\/span><\/p>\n<ul>\n<li style=\"font-weight: 400;\" aria-level=\"1\"><b>Constru\u00e7\u00e3o de castelos de areia:<\/b><span style=\"font-weight: 400;\"> estimule a criatividade das crian\u00e7as com competi\u00e7\u00f5es de castelos.<\/span><\/li>\n<li style=\"font-weight: 400;\" aria-level=\"1\"><b>Ca\u00e7a ao tesouro:<\/b><span style=\"font-weight: 400;\"> esconda pequenos objetos na areia e ofere\u00e7a pistas para encontr\u00e1-los.<\/span><\/li>\n<li style=\"font-weight: 400;\" aria-level=\"1\"><b>Futebol e v\u00f4lei de praia: <\/b><span style=\"font-weight: 400;\">atividades esportivas para toda a fam\u00edlia se divertir.<\/span><\/li>\n<li style=\"font-weight: 400;\" aria-level=\"1\"><b>Coleta de conchas: <\/b><span style=\"font-weight: 400;\">uma atividade relaxante e educativa.<\/span><\/li>\n<li style=\"font-weight: 400;\" aria-level=\"1\"><b>Pintura na areia: <\/b><span style=\"font-weight: 400;\">use a areia molhada para criar desenhos e formas divertidas.<\/span><\/li>\n<\/ul>\n<h2><img loading=\"lazy\" decoding=\"async\" class=\"alignleft size-full wp-image-5106\" src=\"https:\/\/inbuzios.com.br\/blog\/wp-content\/uploads\/2024\/07\/6-1.png\" alt=\"castelo feito de areia\" width=\"1000\" height=\"668\" srcset=\"https:\/\/inbuzios.com.br\/blog\/wp-content\/uploads\/2024\/07\/6-1.png 1000w, https:\/\/inbuzios.com.br\/blog\/wp-content\/uploads\/2024\/07\/6-1-300x200.png 300w, https:\/\/inbuzios.com.br\/blog\/wp-content\/uploads\/2024\/07\/6-1-768x513.png 768w, https:\/\/inbuzios.com.br\/blog\/wp-content\/uploads\/2024\/07\/6-1-600x401.png 600w\" sizes=\"auto, (max-width: 1000px) 100vw, 1000px\" \/><\/h2>\n<h2><\/h2>\n<h2><\/h2>\n<h2><\/h2>\n<h2><\/h2>\n<h2><\/h2>\n<h2><\/h2>\n<h2><\/h2>\n<h2><b>Passeios em fam\u00edlia<\/b><\/h2>\n<ul>\n<li><b>Passeios de Barco: <\/b><span style=\"font-weight: 400;\">os passeios de barco s\u00e3o uma excelente maneira de explorar as belezas naturais de Cabo Frio durante a <\/span><span style=\"font-weight: 400;\">viagem de f\u00e9rias<\/span><span style=\"font-weight: 400;\">. Oferecemos diversas op\u00e7\u00f5es, desde tours curtos at\u00e9 passeios mais longos que incluem paradas para mergulho e snorkeling.<\/span><\/li>\n<li><b>Espa\u00e7o Cultural do Surfe: <\/b><span style=\"font-weight: 400;\">para um toque cultural, uma visita ao Espa\u00e7o Cultural do Surfe \u00e9 uma \u00f3tima pedida. O espa\u00e7o oferece exposi\u00e7\u00f5es interativas que contam a hist\u00f3ria do surfe na regi\u00e3o, agradando tanto adultos quanto crian\u00e7as.<\/span><\/li>\n<li><b>Radical Parque: <\/b><span style=\"font-weight: 400;\">se a sua fam\u00edlia gosta de aventuras, o Radical Parque \u00e9 o lugar certo. Com atra\u00e7\u00f5es como tirolesa, kart e jumps, h\u00e1 divers\u00e3o garantida para todos. E o melhor, no inverno as filas s\u00e3o bem menores!<\/span><\/li>\n<\/ul>\n<h2><img loading=\"lazy\" decoding=\"async\" class=\"alignleft size-full wp-image-5107\" src=\"https:\/\/inbuzios.com.br\/blog\/wp-content\/uploads\/2024\/07\/7.png\" alt=\"come\u00e7o da noite em Cabo Frio - RJ\" width=\"1000\" height=\"668\" srcset=\"https:\/\/inbuzios.com.br\/blog\/wp-content\/uploads\/2024\/07\/7.png 1000w, https:\/\/inbuzios.com.br\/blog\/wp-content\/uploads\/2024\/07\/7-300x200.png 300w, https:\/\/inbuzios.com.br\/blog\/wp-content\/uploads\/2024\/07\/7-768x513.png 768w, https:\/\/inbuzios.com.br\/blog\/wp-content\/uploads\/2024\/07\/7-600x401.png 600w\" sizes=\"auto, (max-width: 1000px) 100vw, 1000px\" \/><\/h2>\n<h2><\/h2>\n<h2><\/h2>\n<h2><\/h2>\n<h2><\/h2>\n<h2><\/h2>\n<h2><b>Restaurantes para fam\u00edlias<\/b><\/h2>\n<p><span style=\"font-weight: 400;\">Cabo Frio oferece uma variedade de restaurantes que atendem fam\u00edlias muito bem eu uma <\/span><span style=\"font-weight: 400;\">viagem de f\u00e9rias<\/span><span style=\"font-weight: 400;\">. Alguns destaques incluem:<\/span><\/p>\n<ul>\n<li style=\"font-weight: 400;\" aria-level=\"1\"><b>Restaurante La Mole:<\/b><span style=\"font-weight: 400;\"> Com um ambiente acolhedor e um card\u00e1pio variado, \u00e9 ideal para refei\u00e7\u00f5es em fam\u00edlia.<\/span><\/li>\n<li style=\"font-weight: 400;\" aria-level=\"1\"><b>Restaurante Picolino:<\/b><span style=\"font-weight: 400;\"> Conhecido por suas op\u00e7\u00f5es de frutos do mar, tamb\u00e9m oferece pratos adaptados para crian\u00e7as.<\/span><\/li>\n<li style=\"font-weight: 400;\" aria-level=\"1\"><b>Sorveteria Ice Creamy:<\/b><span style=\"font-weight: 400;\"> Para um doce final de tarde, a Ice Creamy oferece uma variedade de sorvetes artesanais que agradam a todos os gostos.<\/span><\/li>\n<\/ul>\n<div id=\"attachment_5108\" style=\"width: 1010px\" class=\"wp-caption alignleft\"><img loading=\"lazy\" decoding=\"async\" aria-describedby=\"caption-attachment-5108\" class=\"size-full wp-image-5108\" src=\"https:\/\/inbuzios.com.br\/blog\/wp-content\/uploads\/2024\/07\/8.png\" alt=\"prato com frutos do mar de um restaurante em Cabo Frio - RJ\" width=\"1000\" height=\"668\" srcset=\"https:\/\/inbuzios.com.br\/blog\/wp-content\/uploads\/2024\/07\/8.png 1000w, https:\/\/inbuzios.com.br\/blog\/wp-content\/uploads\/2024\/07\/8-300x200.png 300w, https:\/\/inbuzios.com.br\/blog\/wp-content\/uploads\/2024\/07\/8-768x513.png 768w, https:\/\/inbuzios.com.br\/blog\/wp-content\/uploads\/2024\/07\/8-600x401.png 600w\" sizes=\"auto, (max-width: 1000px) 100vw, 1000px\" \/><p id=\"caption-attachment-5108\" class=\"wp-caption-text\"><em>Foto: Restaurante Picolino\/Divulga\u00e7\u00e3o<\/em><\/p><\/div>\n<h2><\/h2>\n<h2><\/h2>\n<h2><\/h2>\n<h2><b>Comodidades de transfer<\/b><\/h2>\n<p><span style=\"font-weight: 400;\">A In B\u00fazios oferece servi\u00e7os de transfer que garantem seguran\u00e7a e conforto para sua fam\u00edlia durante sua <\/span><span style=\"font-weight: 400;\">viagem de f\u00e9rias<\/span><span style=\"font-weight: 400;\">.\u00a0<\/span><\/p>\n<p><span style=\"font-weight: 400;\">Com op\u00e7\u00f5es de transfer coletivo e privativo, voc\u00ea pode escolher o que melhor atende \u00e0s suas necessidades.\u00a0<\/span><\/p>\n<p><img loading=\"lazy\" decoding=\"async\" class=\"alignleft size-full wp-image-5109\" src=\"https:\/\/inbuzios.com.br\/blog\/wp-content\/uploads\/2024\/07\/9.png\" alt=\"\u00f4nibus transfer da In B\u00fazios, estacionado em uma rua de Cabo Frio - RJ\" width=\"1000\" height=\"668\" srcset=\"https:\/\/inbuzios.com.br\/blog\/wp-content\/uploads\/2024\/07\/9.png 1000w, https:\/\/inbuzios.com.br\/blog\/wp-content\/uploads\/2024\/07\/9-300x200.png 300w, https:\/\/inbuzios.com.br\/blog\/wp-content\/uploads\/2024\/07\/9-768x513.png 768w, https:\/\/inbuzios.com.br\/blog\/wp-content\/uploads\/2024\/07\/9-600x401.png 600w\" sizes=\"auto, (max-width: 1000px) 100vw, 1000px\" \/><\/p>\n<p><span style=\"font-weight: 400;\">Os transfers privativos oferecem comodidades adicionais, como assentos de seguran\u00e7a para crian\u00e7as, garantindo uma viagem tranquila e sem preocupa\u00e7\u00f5es.<\/span><\/p>\n<h2><b>Viagem de F\u00e9rias<\/b><b>: curtindo o recesso em Cabo Frio<\/b><\/h2>\n<p><span style=\"font-weight: 400;\">Planejar uma <\/span><span style=\"font-weight: 400;\">viagem de f\u00e9rias<\/span><span style=\"font-weight: 400;\"> para Cabo Frio \u00e9 uma excelente maneira de aproveitar o recesso escolar em julho.\u00a0<\/span><\/p>\n<p><span style=\"font-weight: 400;\">Com praias maravilhosas, uma infinidade de atividades e uma infraestrutura que atende perfeitamente \u00e0s fam\u00edlias, \u00e9 o destino ideal para criar mem\u00f3rias inesquec\u00edveis.\u00a0<\/span><\/p>\n<p><span style=\"font-weight: 400;\">Aproveite o clima agrad\u00e1vel e menos movimentado desta \u00e9poca do ano para explorar tudo o que a cidade tem a oferecer. E lembre-se, com os servi\u00e7os de transfer da In B\u00fazios, sua viagem ser\u00e1 ainda mais segura e confort\u00e1vel. Boa viagem!<\/span><\/p>\n<p><span style=\"font-weight: 400;\">N\u00e3o se esque\u00e7a de acompanhar o nosso Instagram <\/span><a href=\"https:\/\/www.instagram.com\/inbuzios\/\"><b>(@inbuzios)<\/b><\/a><span style=\"font-weight: 400;\"> e saber mais sobre praias, passeios, roteiros e muito mais na regi\u00e3o do Rio de Janeiro. Ent\u00e3o j\u00e1 prepare as malas e venha com a gente nessa viagem incr\u00edvel!<\/span><\/p>\n<p><a href=\"https:\/\/www.inbuzios.com\/home\"><b>Clique aqui<\/b><\/a><span style=\"font-weight: 400;\"> para acessar nosso site e converse com a nossa equipe para tirar todas as suas d\u00favidas e ter mais informa\u00e7\u00f5es!<\/span><\/p>\n<p><b>Leia mais:<\/b><\/p>\n<ul>\n<li aria-level=\"1\"><a href=\"https:\/\/inbuzios.com.br\/blog\/2024\/05\/23\/mergulho-com-tartarugas-uma-experiencia-unica-em-arraial-do-cabo\/\"><b>Mergulho com tartarugas: uma experi\u00eancia \u00fanica em Arraial do Cabo<\/b><\/a><\/li>\n<\/ul>\n<ul>\n<li aria-level=\"1\"><a href=\"https:\/\/inbuzios.com.br\/blog\/2024\/05\/22\/passeio-de-barco-em-arraial-motivos-para-incluir-no-seu-roteiro\/\"><b>Passeio de barco em Arraial: motivos para incluir no seu roteiro<\/b><\/a><\/li>\n<\/ul>\n<p>&nbsp;<\/p>\n","protected":false},"excerpt":{"rendered":"<p>Com a chegada do recesso escolar em julho, surge a oportunidade perfeita para planejar uma viagem de f\u00e9rias inesquec\u00edvel em fam\u00edlia. E se o destino \u00e9 Cabo Frio, a divers\u00e3o&#8230;<\/p>\n","protected":false},"author":2,"featured_media":5100,"comment_status":"open","ping_status":"open","sticky":false,"template":"","format":"standard","meta":{"_jetpack_memberships_contains_paid_content":false,"footnotes":""},"categories":[145,3],"tags":[151,150,152,146,17,148,155,38,117,59,156,122,154,97,153,147,149],"class_list":["post-5099","post","type-post","status-publish","format-standard","has-post-thumbnail","hentry","category-cabo-frio","category-dicas","tag-as-melhores-praias-de-cabo-frio-para-ir-com-criancas","tag-atividades-em-familia-na-praia","tag-brincadeiras-na-praia","tag-cabo-frio","tag-city-tour-em-cabo-frio","tag-ferias-de-julho","tag-lazer-em-cabo-frio","tag-lugares-para-conhecer-em-cabo-frio","tag-passeio-em-familia","tag-passeios-em-cabo-frio","tag-praias-para-ir-com-criancas","tag-regiao-dos-lagos","tag-transfer-em-cabo-frio","tag-transfer-regiao-dos-lagos","tag-transporte-em-cabo-frio","tag-viagem-de-ferias","tag-viajar-em-julho"],"yoast_head":"<!-- This site is optimized with the Yoast SEO plugin v27.4 - https:\/\/yoast.com\/product\/yoast-seo-wordpress\/ -->\n<title>Viagem de f\u00e9rias: atividades em fam\u00edlia para curtir o recesso em Cabo Frio - In B\u00fazios<\/title>\n<meta name=\"description\" content=\"Planeje sua viagem de f\u00e9rias em fam\u00edlia para Cabo Frio! Descubra praias, atividades e dicas para um recesso escolar inesquec\u00edvel.\" \/>\n<meta name=\"robots\" content=\"index, follow, max-snippet:-1, max-image-preview:large, max-video-preview:-1\" \/>\n<link rel=\"canonical\" href=\"https:\/\/inbuzios.com.br\/blog\/2024\/07\/12\/viagem-de-ferias-atividades-em-familia-para-curtir-o-recesso-em-cabo-frio\/\" \/>\n<meta property=\"og:locale\" content=\"pt_BR\" \/>\n<meta property=\"og:type\" content=\"article\" \/>\n<meta property=\"og:title\" content=\"Viagem de f\u00e9rias: atividades em fam\u00edlia para curtir o recesso em Cabo Frio - In B\u00fazios\" \/>\n<meta property=\"og:description\" content=\"Planeje sua viagem de f\u00e9rias em fam\u00edlia para Cabo Frio! Descubra praias, atividades e dicas para um recesso escolar inesquec\u00edvel.\" \/>\n<meta property=\"og:url\" content=\"https:\/\/inbuzios.com.br\/blog\/2024\/07\/12\/viagem-de-ferias-atividades-em-familia-para-curtir-o-recesso-em-cabo-frio\/\" \/>\n<meta property=\"og:site_name\" content=\"In B\u00fazios\" \/>\n<meta property=\"article:published_time\" content=\"2024-07-12T09:30:46+00:00\" \/>\n<meta property=\"og:image\" content=\"https:\/\/inbuzios.com.br\/blog\/wp-content\/uploads\/2024\/07\/IMAGEM-DESTAQUE-1.png\" \/>\n\t<meta property=\"og:image:width\" content=\"1000\" \/>\n\t<meta property=\"og:image:height\" content=\"668\" \/>\n\t<meta property=\"og:image:type\" content=\"image\/png\" \/>\n<meta name=\"author\" content=\"Administrador InBuzios\" \/>\n<meta name=\"twitter:card\" content=\"summary_large_image\" \/>\n<meta name=\"twitter:label1\" content=\"Escrito por\" \/>\n\t<meta name=\"twitter:data1\" content=\"Administrador InBuzios\" \/>\n\t<meta name=\"twitter:label2\" content=\"Est. tempo de leitura\" \/>\n\t<meta name=\"twitter:data2\" content=\"7 minutos\" \/>\n<script type=\"application\/ld+json\" class=\"yoast-schema-graph\">{\"@context\":\"https:\\\/\\\/schema.org\",\"@graph\":[{\"@type\":\"Article\",\"@id\":\"https:\\\/\\\/inbuzios.com.br\\\/blog\\\/2024\\\/07\\\/12\\\/viagem-de-ferias-atividades-em-familia-para-curtir-o-recesso-em-cabo-frio\\\/#article\",\"isPartOf\":{\"@id\":\"https:\\\/\\\/inbuzios.com.br\\\/blog\\\/2024\\\/07\\\/12\\\/viagem-de-ferias-atividades-em-familia-para-curtir-o-recesso-em-cabo-frio\\\/\"},\"author\":{\"name\":\"Administrador InBuzios\",\"@id\":\"https:\\\/\\\/inbuzios.com.br\\\/blog\\\/#\\\/schema\\\/person\\\/bbea7ab9669a1a34c0a5ca8af89947e4\"},\"headline\":\"Viagem de f\u00e9rias: atividades em fam\u00edlia para curtir o recesso em Cabo Frio\",\"datePublished\":\"2024-07-12T09:30:46+00:00\",\"mainEntityOfPage\":{\"@id\":\"https:\\\/\\\/inbuzios.com.br\\\/blog\\\/2024\\\/07\\\/12\\\/viagem-de-ferias-atividades-em-familia-para-curtir-o-recesso-em-cabo-frio\\\/\"},\"wordCount\":1012,\"commentCount\":0,\"image\":{\"@id\":\"https:\\\/\\\/inbuzios.com.br\\\/blog\\\/2024\\\/07\\\/12\\\/viagem-de-ferias-atividades-em-familia-para-curtir-o-recesso-em-cabo-frio\\\/#primaryimage\"},\"thumbnailUrl\":\"https:\\\/\\\/inbuzios.com.br\\\/blog\\\/wp-content\\\/uploads\\\/2024\\\/07\\\/IMAGEM-DESTAQUE-1.png\",\"keywords\":[\"as melhores praias de cabo frio para ir com crian\u00e7as\",\"atividades em fam\u00edlia na praia\",\"brincadeiras na praia\",\"cabo frio\",\"city tour em cabo frio\",\"f\u00e9rias de julho\",\"lazer em cabo frio\",\"lugares para conhecer em cabo frio\",\"Passeio em fam\u00edlia\",\"passeios em cabo frio\",\"praias para ir com crian\u00e7as\",\"Regi\u00e3o dos Lagos\",\"transfer em cabo frio\",\"transfer regi\u00e3o dos lagos\",\"transporte em cabo frio\",\"viagem de f\u00e9rias\",\"viajar em julho\"],\"articleSection\":[\"Cabo Frio\",\"Dicas\"],\"inLanguage\":\"pt-BR\",\"potentialAction\":[{\"@type\":\"CommentAction\",\"name\":\"Comment\",\"target\":[\"https:\\\/\\\/inbuzios.com.br\\\/blog\\\/2024\\\/07\\\/12\\\/viagem-de-ferias-atividades-em-familia-para-curtir-o-recesso-em-cabo-frio\\\/#respond\"]}]},{\"@type\":\"WebPage\",\"@id\":\"https:\\\/\\\/inbuzios.com.br\\\/blog\\\/2024\\\/07\\\/12\\\/viagem-de-ferias-atividades-em-familia-para-curtir-o-recesso-em-cabo-frio\\\/\",\"url\":\"https:\\\/\\\/inbuzios.com.br\\\/blog\\\/2024\\\/07\\\/12\\\/viagem-de-ferias-atividades-em-familia-para-curtir-o-recesso-em-cabo-frio\\\/\",\"name\":\"Viagem de f\u00e9rias: atividades em fam\u00edlia para curtir o recesso em Cabo Frio - In B\u00fazios\",\"isPartOf\":{\"@id\":\"https:\\\/\\\/inbuzios.com.br\\\/blog\\\/#website\"},\"primaryImageOfPage\":{\"@id\":\"https:\\\/\\\/inbuzios.com.br\\\/blog\\\/2024\\\/07\\\/12\\\/viagem-de-ferias-atividades-em-familia-para-curtir-o-recesso-em-cabo-frio\\\/#primaryimage\"},\"image\":{\"@id\":\"https:\\\/\\\/inbuzios.com.br\\\/blog\\\/2024\\\/07\\\/12\\\/viagem-de-ferias-atividades-em-familia-para-curtir-o-recesso-em-cabo-frio\\\/#primaryimage\"},\"thumbnailUrl\":\"https:\\\/\\\/inbuzios.com.br\\\/blog\\\/wp-content\\\/uploads\\\/2024\\\/07\\\/IMAGEM-DESTAQUE-1.png\",\"datePublished\":\"2024-07-12T09:30:46+00:00\",\"author\":{\"@id\":\"https:\\\/\\\/inbuzios.com.br\\\/blog\\\/#\\\/schema\\\/person\\\/bbea7ab9669a1a34c0a5ca8af89947e4\"},\"description\":\"Planeje sua viagem de f\u00e9rias em fam\u00edlia para Cabo Frio! Descubra praias, atividades e dicas para um recesso escolar inesquec\u00edvel.\",\"breadcrumb\":{\"@id\":\"https:\\\/\\\/inbuzios.com.br\\\/blog\\\/2024\\\/07\\\/12\\\/viagem-de-ferias-atividades-em-familia-para-curtir-o-recesso-em-cabo-frio\\\/#breadcrumb\"},\"inLanguage\":\"pt-BR\",\"potentialAction\":[{\"@type\":\"ReadAction\",\"target\":[\"https:\\\/\\\/inbuzios.com.br\\\/blog\\\/2024\\\/07\\\/12\\\/viagem-de-ferias-atividades-em-familia-para-curtir-o-recesso-em-cabo-frio\\\/\"]}]},{\"@type\":\"ImageObject\",\"inLanguage\":\"pt-BR\",\"@id\":\"https:\\\/\\\/inbuzios.com.br\\\/blog\\\/2024\\\/07\\\/12\\\/viagem-de-ferias-atividades-em-familia-para-curtir-o-recesso-em-cabo-frio\\\/#primaryimage\",\"url\":\"https:\\\/\\\/inbuzios.com.br\\\/blog\\\/wp-content\\\/uploads\\\/2024\\\/07\\\/IMAGEM-DESTAQUE-1.png\",\"contentUrl\":\"https:\\\/\\\/inbuzios.com.br\\\/blog\\\/wp-content\\\/uploads\\\/2024\\\/07\\\/IMAGEM-DESTAQUE-1.png\",\"width\":1000,\"height\":668,\"caption\":\"paisagem do mar mar de cabo frio\"},{\"@type\":\"BreadcrumbList\",\"@id\":\"https:\\\/\\\/inbuzios.com.br\\\/blog\\\/2024\\\/07\\\/12\\\/viagem-de-ferias-atividades-em-familia-para-curtir-o-recesso-em-cabo-frio\\\/#breadcrumb\",\"itemListElement\":[{\"@type\":\"ListItem\",\"position\":1,\"name\":\"In\u00edcio\",\"item\":\"https:\\\/\\\/inbuzios.com.br\\\/blog\\\/\"},{\"@type\":\"ListItem\",\"position\":2,\"name\":\"Viagem de f\u00e9rias: atividades em fam\u00edlia para curtir o recesso em Cabo Frio\"}]},{\"@type\":\"WebSite\",\"@id\":\"https:\\\/\\\/inbuzios.com.br\\\/blog\\\/#website\",\"url\":\"https:\\\/\\\/inbuzios.com.br\\\/blog\\\/\",\"name\":\"In B\u00fazios\",\"description\":\"Turismo Receptivo\",\"potentialAction\":[{\"@type\":\"SearchAction\",\"target\":{\"@type\":\"EntryPoint\",\"urlTemplate\":\"https:\\\/\\\/inbuzios.com.br\\\/blog\\\/?s={search_term_string}\"},\"query-input\":{\"@type\":\"PropertyValueSpecification\",\"valueRequired\":true,\"valueName\":\"search_term_string\"}}],\"inLanguage\":\"pt-BR\"},{\"@type\":\"Person\",\"@id\":\"https:\\\/\\\/inbuzios.com.br\\\/blog\\\/#\\\/schema\\\/person\\\/bbea7ab9669a1a34c0a5ca8af89947e4\",\"name\":\"Administrador InBuzios\",\"image\":{\"@type\":\"ImageObject\",\"inLanguage\":\"pt-BR\",\"@id\":\"https:\\\/\\\/secure.gravatar.com\\\/avatar\\\/8b70eaa2d258abec51683c3d2372e954b262626305a737d15b94d7bd297bbd7b?s=96&d=mm&r=g\",\"url\":\"https:\\\/\\\/secure.gravatar.com\\\/avatar\\\/8b70eaa2d258abec51683c3d2372e954b262626305a737d15b94d7bd297bbd7b?s=96&d=mm&r=g\",\"contentUrl\":\"https:\\\/\\\/secure.gravatar.com\\\/avatar\\\/8b70eaa2d258abec51683c3d2372e954b262626305a737d15b94d7bd297bbd7b?s=96&d=mm&r=g\",\"caption\":\"Administrador InBuzios\"},\"sameAs\":[\"http:\\\/\\\/www.inbuzios.com\"],\"url\":\"https:\\\/\\\/inbuzios.com.br\\\/blog\\\/author\\\/inbuzios\\\/\"}]}<\/script>\n<!-- \/ Yoast SEO plugin. -->","yoast_head_json":{"title":"Viagem de f\u00e9rias: atividades em fam\u00edlia para curtir o recesso em Cabo Frio - In B\u00fazios","description":"Planeje sua viagem de f\u00e9rias em fam\u00edlia para Cabo Frio! Descubra praias, atividades e dicas para um recesso escolar inesquec\u00edvel.","robots":{"index":"index","follow":"follow","max-snippet":"max-snippet:-1","max-image-preview":"max-image-preview:large","max-video-preview":"max-video-preview:-1"},"canonical":"https:\/\/inbuzios.com.br\/blog\/2024\/07\/12\/viagem-de-ferias-atividades-em-familia-para-curtir-o-recesso-em-cabo-frio\/","og_locale":"pt_BR","og_type":"article","og_title":"Viagem de f\u00e9rias: atividades em fam\u00edlia para curtir o recesso em Cabo Frio - In B\u00fazios","og_description":"Planeje sua viagem de f\u00e9rias em fam\u00edlia para Cabo Frio! Descubra praias, atividades e dicas para um recesso escolar inesquec\u00edvel.","og_url":"https:\/\/inbuzios.com.br\/blog\/2024\/07\/12\/viagem-de-ferias-atividades-em-familia-para-curtir-o-recesso-em-cabo-frio\/","og_site_name":"In B\u00fazios","article_published_time":"2024-07-12T09:30:46+00:00","og_image":[{"width":1000,"height":668,"url":"https:\/\/inbuzios.com.br\/blog\/wp-content\/uploads\/2024\/07\/IMAGEM-DESTAQUE-1.png","type":"image\/png"}],"author":"Administrador InBuzios","twitter_card":"summary_large_image","twitter_misc":{"Escrito por":"Administrador InBuzios","Est. tempo de leitura":"7 minutos"},"schema":{"@context":"https:\/\/schema.org","@graph":[{"@type":"Article","@id":"https:\/\/inbuzios.com.br\/blog\/2024\/07\/12\/viagem-de-ferias-atividades-em-familia-para-curtir-o-recesso-em-cabo-frio\/#article","isPartOf":{"@id":"https:\/\/inbuzios.com.br\/blog\/2024\/07\/12\/viagem-de-ferias-atividades-em-familia-para-curtir-o-recesso-em-cabo-frio\/"},"author":{"name":"Administrador InBuzios","@id":"https:\/\/inbuzios.com.br\/blog\/#\/schema\/person\/bbea7ab9669a1a34c0a5ca8af89947e4"},"headline":"Viagem de f\u00e9rias: atividades em fam\u00edlia para curtir o recesso em Cabo Frio","datePublished":"2024-07-12T09:30:46+00:00","mainEntityOfPage":{"@id":"https:\/\/inbuzios.com.br\/blog\/2024\/07\/12\/viagem-de-ferias-atividades-em-familia-para-curtir-o-recesso-em-cabo-frio\/"},"wordCount":1012,"commentCount":0,"image":{"@id":"https:\/\/inbuzios.com.br\/blog\/2024\/07\/12\/viagem-de-ferias-atividades-em-familia-para-curtir-o-recesso-em-cabo-frio\/#primaryimage"},"thumbnailUrl":"https:\/\/inbuzios.com.br\/blog\/wp-content\/uploads\/2024\/07\/IMAGEM-DESTAQUE-1.png","keywords":["as melhores praias de cabo frio para ir com crian\u00e7as","atividades em fam\u00edlia na praia","brincadeiras na praia","cabo frio","city tour em cabo frio","f\u00e9rias de julho","lazer em cabo frio","lugares para conhecer em cabo frio","Passeio em fam\u00edlia","passeios em cabo frio","praias para ir com crian\u00e7as","Regi\u00e3o dos Lagos","transfer em cabo frio","transfer regi\u00e3o dos lagos","transporte em cabo frio","viagem de f\u00e9rias","viajar em julho"],"articleSection":["Cabo Frio","Dicas"],"inLanguage":"pt-BR","potentialAction":[{"@type":"CommentAction","name":"Comment","target":["https:\/\/inbuzios.com.br\/blog\/2024\/07\/12\/viagem-de-ferias-atividades-em-familia-para-curtir-o-recesso-em-cabo-frio\/#respond"]}]},{"@type":"WebPage","@id":"https:\/\/inbuzios.com.br\/blog\/2024\/07\/12\/viagem-de-ferias-atividades-em-familia-para-curtir-o-recesso-em-cabo-frio\/","url":"https:\/\/inbuzios.com.br\/blog\/2024\/07\/12\/viagem-de-ferias-atividades-em-familia-para-curtir-o-recesso-em-cabo-frio\/","name":"Viagem de f\u00e9rias: atividades em fam\u00edlia para curtir o recesso em Cabo Frio - In B\u00fazios","isPartOf":{"@id":"https:\/\/inbuzios.com.br\/blog\/#website"},"primaryImageOfPage":{"@id":"https:\/\/inbuzios.com.br\/blog\/2024\/07\/12\/viagem-de-ferias-atividades-em-familia-para-curtir-o-recesso-em-cabo-frio\/#primaryimage"},"image":{"@id":"https:\/\/inbuzios.com.br\/blog\/2024\/07\/12\/viagem-de-ferias-atividades-em-familia-para-curtir-o-recesso-em-cabo-frio\/#primaryimage"},"thumbnailUrl":"https:\/\/inbuzios.com.br\/blog\/wp-content\/uploads\/2024\/07\/IMAGEM-DESTAQUE-1.png","datePublished":"2024-07-12T09:30:46+00:00","author":{"@id":"https:\/\/inbuzios.com.br\/blog\/#\/schema\/person\/bbea7ab9669a1a34c0a5ca8af89947e4"},"description":"Planeje sua viagem de f\u00e9rias em fam\u00edlia para Cabo Frio! Descubra praias, atividades e dicas para um recesso escolar inesquec\u00edvel.","breadcrumb":{"@id":"https:\/\/inbuzios.com.br\/blog\/2024\/07\/12\/viagem-de-ferias-atividades-em-familia-para-curtir-o-recesso-em-cabo-frio\/#breadcrumb"},"inLanguage":"pt-BR","potentialAction":[{"@type":"ReadAction","target":["https:\/\/inbuzios.com.br\/blog\/2024\/07\/12\/viagem-de-ferias-atividades-em-familia-para-curtir-o-recesso-em-cabo-frio\/"]}]},{"@type":"ImageObject","inLanguage":"pt-BR","@id":"https:\/\/inbuzios.com.br\/blog\/2024\/07\/12\/viagem-de-ferias-atividades-em-familia-para-curtir-o-recesso-em-cabo-frio\/#primaryimage","url":"https:\/\/inbuzios.com.br\/blog\/wp-content\/uploads\/2024\/07\/IMAGEM-DESTAQUE-1.png","contentUrl":"https:\/\/inbuzios.com.br\/blog\/wp-content\/uploads\/2024\/07\/IMAGEM-DESTAQUE-1.png","width":1000,"height":668,"caption":"paisagem do mar mar de cabo frio"},{"@type":"BreadcrumbList","@id":"https:\/\/inbuzios.com.br\/blog\/2024\/07\/12\/viagem-de-ferias-atividades-em-familia-para-curtir-o-recesso-em-cabo-frio\/#breadcrumb","itemListElement":[{"@type":"ListItem","position":1,"name":"In\u00edcio","item":"https:\/\/inbuzios.com.br\/blog\/"},{"@type":"ListItem","position":2,"name":"Viagem de f\u00e9rias: atividades em fam\u00edlia para curtir o recesso em Cabo Frio"}]},{"@type":"WebSite","@id":"https:\/\/inbuzios.com.br\/blog\/#website","url":"https:\/\/inbuzios.com.br\/blog\/","name":"In B\u00fazios","description":"Turismo Receptivo","potentialAction":[{"@type":"SearchAction","target":{"@type":"EntryPoint","urlTemplate":"https:\/\/inbuzios.com.br\/blog\/?s={search_term_string}"},"query-input":{"@type":"PropertyValueSpecification","valueRequired":true,"valueName":"search_term_string"}}],"inLanguage":"pt-BR"},{"@type":"Person","@id":"https:\/\/inbuzios.com.br\/blog\/#\/schema\/person\/bbea7ab9669a1a34c0a5ca8af89947e4","name":"Administrador InBuzios","image":{"@type":"ImageObject","inLanguage":"pt-BR","@id":"https:\/\/secure.gravatar.com\/avatar\/8b70eaa2d258abec51683c3d2372e954b262626305a737d15b94d7bd297bbd7b?s=96&d=mm&r=g","url":"https:\/\/secure.gravatar.com\/avatar\/8b70eaa2d258abec51683c3d2372e954b262626305a737d15b94d7bd297bbd7b?s=96&d=mm&r=g","contentUrl":"https:\/\/secure.gravatar.com\/avatar\/8b70eaa2d258abec51683c3d2372e954b262626305a737d15b94d7bd297bbd7b?s=96&d=mm&r=g","caption":"Administrador InBuzios"},"sameAs":["http:\/\/www.inbuzios.com"],"url":"https:\/\/inbuzios.com.br\/blog\/author\/inbuzios\/"}]}},"jetpack_featured_media_url":"https:\/\/inbuzios.com.br\/blog\/wp-content\/uploads\/2024\/07\/IMAGEM-DESTAQUE-1.png","jetpack_sharing_enabled":true,"amp_enabled":true,"_links":{"self":[{"href":"https:\/\/inbuzios.com.br\/blog\/wp-json\/wp\/v2\/posts\/5099","targetHints":{"allow":["GET"]}}],"collection":[{"href":"https:\/\/inbuzios.com.br\/blog\/wp-json\/wp\/v2\/posts"}],"about":[{"href":"https:\/\/inbuzios.com.br\/blog\/wp-json\/wp\/v2\/types\/post"}],"author":[{"embeddable":true,"href":"https:\/\/inbuzios.com.br\/blog\/wp-json\/wp\/v2\/users\/2"}],"replies":[{"embeddable":true,"href":"https:\/\/inbuzios.com.br\/blog\/wp-json\/wp\/v2\/comments?post=5099"}],"version-history":[{"count":3,"href":"https:\/\/inbuzios.com.br\/blog\/wp-json\/wp\/v2\/posts\/5099\/revisions"}],"predecessor-version":[{"id":5112,"href":"https:\/\/inbuzios.com.br\/blog\/wp-json\/wp\/v2\/posts\/5099\/revisions\/5112"}],"wp:featuredmedia":[{"embeddable":true,"href":"https:\/\/inbuzios.com.br\/blog\/wp-json\/wp\/v2\/media\/5100"}],"wp:attachment":[{"href":"https:\/\/inbuzios.com.br\/blog\/wp-json\/wp\/v2\/media?parent=5099"}],"wp:term":[{"taxonomy":"category","embeddable":true,"href":"https:\/\/inbuzios.com.br\/blog\/wp-json\/wp\/v2\/categories?post=5099"},{"taxonomy":"post_tag","embeddable":true,"href":"https:\/\/inbuzios.com.br\/blog\/wp-json\/wp\/v2\/tags?post=5099"}],"curies":[{"name":"wp","href":"https:\/\/api.w.org\/{rel}","templated":true}]}}