{"id":5140,"date":"2024-08-02T09:30:18","date_gmt":"2024-08-02T09:30:18","guid":{"rendered":"https:\/\/inbuzios.com.br\/blog\/?p=5140"},"modified":"2024-07-29T20:50:38","modified_gmt":"2024-07-29T20:50:38","slug":"inverno-no-rj-como-aproveitar-a-temporada-na-regiao-dos-lagos","status":"publish","type":"post","link":"https:\/\/inbuzios.com.br\/blog\/2024\/08\/02\/inverno-no-rj-como-aproveitar-a-temporada-na-regiao-dos-lagos\/","title":{"rendered":"Inverno no RJ: como aproveitar a temporada na Regi\u00e3o dos Lagos"},"content":{"rendered":"<p><span style=\"font-weight: 400;\">Quando pensamos na Regi\u00e3o dos Lagos, \u00e9 comum que o ver\u00e3o seja a primeira esta\u00e7\u00e3o a vir \u00e0 mente. Contudo, o <\/span><span style=\"font-weight: 400;\">inverno no RJ<\/span><span style=\"font-weight: 400;\"> tamb\u00e9m reserva encantos \u00fanicos e especiais.\u00a0<\/span><\/p>\n<p><span style=\"font-weight: 400;\">Se voc\u00ea busca uma experi\u00eancia tranquila, com menos aglomera\u00e7\u00e3o e pre\u00e7os mais acess\u00edveis, essa \u00e9 a \u00e9poca ideal para explorar destinos como B\u00fazios, Cabo Frio, Arraial do Cabo e outras cidades da regi\u00e3o.<\/span><\/p>\n<h2><\/h2>\n<h2><b>Menos aglomera\u00e7\u00e3o, mais tranquilidade<\/b><\/h2>\n<p><span style=\"font-weight: 400;\">O <\/span><span style=\"font-weight: 400;\">inverno no RJ<\/span><span style=\"font-weight: 400;\"> traz temperaturas amenas, menos chuvas e um fluxo menor de turistas. Esse cen\u00e1rio proporciona uma experi\u00eancia mais relaxante e aut\u00eantica.\u00a0<\/span><\/p>\n<p><span style=\"font-weight: 400;\">Imagine caminhar pelas charmosas ruas de B\u00fazios ou Arraial do Cabo sem a multid\u00e3o t\u00edpica do ver\u00e3o, aproveitando a beleza natural e a hospitalidade local com mais calma e serenidade.<\/span><\/p>\n<p><img loading=\"lazy\" decoding=\"async\" class=\"alignleft size-full wp-image-5147\" src=\"https:\/\/inbuzios.com.br\/blog\/wp-content\/uploads\/2024\/07\/1-2.png\" alt=\"Rua das Pedras em B\u00fazios - RJ\" width=\"1000\" height=\"668\" srcset=\"https:\/\/inbuzios.com.br\/blog\/wp-content\/uploads\/2024\/07\/1-2.png 1000w, https:\/\/inbuzios.com.br\/blog\/wp-content\/uploads\/2024\/07\/1-2-300x200.png 300w, https:\/\/inbuzios.com.br\/blog\/wp-content\/uploads\/2024\/07\/1-2-768x513.png 768w, https:\/\/inbuzios.com.br\/blog\/wp-content\/uploads\/2024\/07\/1-2-600x401.png 600w\" sizes=\"auto, (max-width: 1000px) 100vw, 1000px\" \/><\/p>\n<p><span style=\"font-weight: 400;\">Al\u00e9m disso, os pre\u00e7os das hospedagens e servi\u00e7os tendem a ser mais acess\u00edveis nessa \u00e9poca do ano. O inverno em Arraial do Cabo, por exemplo, \u00e9 marcado por um clima agrad\u00e1vel e menos movimentado, ideal para quem busca sossego e economia.<\/span><\/p>\n<p>&nbsp;<\/p>\n<h2><b>Gastronomia de <\/b><b>inverno no RJ<\/b><\/h2>\n<p><span style=\"font-weight: 400;\">A Regi\u00e3o dos Lagos tamb\u00e9m se destaca pela sua gastronomia, e o <\/span><span style=\"font-weight: 400;\">inverno no RJ<\/span><span style=\"font-weight: 400;\"> \u00e9 a \u00e9poca perfeita para saborear pratos t\u00edpicos da esta\u00e7\u00e3o.\u00a0<\/span><\/p>\n<p><span style=\"font-weight: 400;\">Em B\u00fazios e Cabo Frio, diversos restaurantes oferecem fondues deliciosos, perfeitos para aquecer as noites mais frescas. Uma boa dica \u00e9 visitar o &#8220;Degusta B\u00fazios&#8221;, um evento que re\u00fane o melhor da culin\u00e1ria local em um ambiente descontra\u00eddo e acolhedor.<\/span><\/p>\n<div id=\"attachment_5142\" style=\"width: 1010px\" class=\"wp-caption alignleft\"><img loading=\"lazy\" decoding=\"async\" aria-describedby=\"caption-attachment-5142\" class=\"size-full wp-image-5142\" src=\"https:\/\/inbuzios.com.br\/blog\/wp-content\/uploads\/2024\/07\/2-3.png\" alt=\"panquecas em uma frigideira no fogo no festival Degusta B\u00fazios\" width=\"1000\" height=\"668\" srcset=\"https:\/\/inbuzios.com.br\/blog\/wp-content\/uploads\/2024\/07\/2-3.png 1000w, https:\/\/inbuzios.com.br\/blog\/wp-content\/uploads\/2024\/07\/2-3-300x200.png 300w, https:\/\/inbuzios.com.br\/blog\/wp-content\/uploads\/2024\/07\/2-3-768x513.png 768w, https:\/\/inbuzios.com.br\/blog\/wp-content\/uploads\/2024\/07\/2-3-600x401.png 600w\" sizes=\"auto, (max-width: 1000px) 100vw, 1000px\" \/><p id=\"caption-attachment-5142\" class=\"wp-caption-text\"><em>Foto: Prefeitura de B\u00fazios\/Reprodu\u00e7\u00e3o<\/em><\/p><\/div>\n<h2><\/h2>\n<h2><\/h2>\n<h2><\/h2>\n<h2><\/h2>\n<h2><\/h2>\n<h2><\/h2>\n<h2><\/h2>\n<h2><\/h2>\n<h2><\/h2>\n<h2><\/h2>\n<h2><\/h2>\n<h2><b>Eventos culturais e esportivos<\/b><\/h2>\n<p><span style=\"font-weight: 400;\">A temporada de <\/span><span style=\"font-weight: 400;\">inverno no RJ<\/span><span style=\"font-weight: 400;\"> tamb\u00e9m \u00e9 rica em eventos culturais e esportivos.\u00a0<\/span><\/p>\n<p><span style=\"font-weight: 400;\">B\u00fazios, por exemplo, possui um calend\u00e1rio de eventos que inclui festivais de m\u00fasica, exposi\u00e7\u00f5es de arte e competi\u00e7\u00f5es esportivas que atraem turistas de todos os cantos.\u00a0<\/span><\/p>\n<p><span style=\"font-weight: 400;\">Esses eventos oferecem uma \u00f3tima oportunidade para conhecer a cultura local e se divertir.<\/span><\/p>\n<div id=\"attachment_5143\" style=\"width: 1010px\" class=\"wp-caption alignleft\"><img loading=\"lazy\" decoding=\"async\" aria-describedby=\"caption-attachment-5143\" class=\"size-full wp-image-5143\" src=\"https:\/\/inbuzios.com.br\/blog\/wp-content\/uploads\/2024\/07\/3-3.png\" alt=\"menina surfando na Regi\u00e3o dos Lagos no RJ\" width=\"1000\" height=\"668\" srcset=\"https:\/\/inbuzios.com.br\/blog\/wp-content\/uploads\/2024\/07\/3-3.png 1000w, https:\/\/inbuzios.com.br\/blog\/wp-content\/uploads\/2024\/07\/3-3-300x200.png 300w, https:\/\/inbuzios.com.br\/blog\/wp-content\/uploads\/2024\/07\/3-3-768x513.png 768w, https:\/\/inbuzios.com.br\/blog\/wp-content\/uploads\/2024\/07\/3-3-600x401.png 600w\" sizes=\"auto, (max-width: 1000px) 100vw, 1000px\" \/><p id=\"caption-attachment-5143\" class=\"wp-caption-text\"><em>Foto: Guia Regi\u00e3o dos Lagos\/Reprodu\u00e7\u00e3o<\/em><\/p><\/div>\n<h2><\/h2>\n<h2><\/h2>\n<h2><\/h2>\n<h2><\/h2>\n<h2><\/h2>\n<h2><\/h2>\n<h2><\/h2>\n<h2><\/h2>\n<h2><\/h2>\n<h2><\/h2>\n<h2><\/h2>\n<h2><b>Atividades ao ar livre e passeios culturais<\/b><\/h2>\n<p><span style=\"font-weight: 400;\">As temperaturas mais amenas do <\/span><span style=\"font-weight: 400;\">inverno no RJ<\/span><span style=\"font-weight: 400;\"> tornam as atividades ao ar livre ainda mais agrad\u00e1veis. Trilhas e caminhadas em reservas naturais como a Serra das Emer\u00eancias, em B\u00fazios, s\u00e3o altamente recomendadas.\u00a0<\/span><\/p>\n<p><img loading=\"lazy\" decoding=\"async\" class=\"alignleft size-full wp-image-5144\" src=\"https:\/\/inbuzios.com.br\/blog\/wp-content\/uploads\/2024\/07\/4-3.png\" alt=\"Serra das Emer\u00eancias, em B\u00fazios\" width=\"1000\" height=\"668\" srcset=\"https:\/\/inbuzios.com.br\/blog\/wp-content\/uploads\/2024\/07\/4-3.png 1000w, https:\/\/inbuzios.com.br\/blog\/wp-content\/uploads\/2024\/07\/4-3-300x200.png 300w, https:\/\/inbuzios.com.br\/blog\/wp-content\/uploads\/2024\/07\/4-3-768x513.png 768w, https:\/\/inbuzios.com.br\/blog\/wp-content\/uploads\/2024\/07\/4-3-600x401.png 600w\" sizes=\"auto, (max-width: 1000px) 100vw, 1000px\" \/>A vista do topo \u00e9 simplesmente deslumbrante e, com o clima mais fresco, o passeio se torna ainda mais prazeroso.<\/p>\n<p><span style=\"font-weight: 400;\">Para os dias mais frios ou chuvosos, uma visita ao Museu do Mar em Cabo Frio pode ser uma excelente op\u00e7\u00e3o. O museu abriga uma cole\u00e7\u00e3o fascinante de artefatos mar\u00edtimos e oferece uma vis\u00e3o interessante da hist\u00f3ria da regi\u00e3o.<\/span><\/p>\n<h2><\/h2>\n<h2><b>Vida noturna<\/b><\/h2>\n<p><span style=\"font-weight: 400;\">Se voc\u00ea acha que a vida noturna s\u00f3 \u00e9 vibrante no ver\u00e3o, est\u00e1 enganado. Cidades como B\u00fazios e Cabo Frio mant\u00eam uma cena noturna agitada durante todo o ano.\u00a0<\/span><\/p>\n<p><span style=\"font-weight: 400;\">Bares com m\u00fasica ao vivo, restaurantes com card\u00e1pios especiais de <\/span><span style=\"font-weight: 400;\">inverno no RJ<\/span><span style=\"font-weight: 400;\"> e casas noturnas proporcionam entretenimento de qualidade sem a superlota\u00e7\u00e3o t\u00edpica dos meses mais quentes.\u00a0<\/span><\/p>\n<p><span style=\"font-weight: 400;\">Uma noite no Chez Michou, famoso por seus crepes e ambiente animado, \u00e9 imperd\u00edvel!<\/span><\/p>\n<div id=\"attachment_5145\" style=\"width: 1010px\" class=\"wp-caption alignleft\"><img loading=\"lazy\" decoding=\"async\" aria-describedby=\"caption-attachment-5145\" class=\"size-full wp-image-5145\" src=\"https:\/\/inbuzios.com.br\/blog\/wp-content\/uploads\/2024\/07\/5-3.png\" alt=\"restaurante colorido em B\u00fazios\" width=\"1000\" height=\"668\" srcset=\"https:\/\/inbuzios.com.br\/blog\/wp-content\/uploads\/2024\/07\/5-3.png 1000w, https:\/\/inbuzios.com.br\/blog\/wp-content\/uploads\/2024\/07\/5-3-300x200.png 300w, https:\/\/inbuzios.com.br\/blog\/wp-content\/uploads\/2024\/07\/5-3-768x513.png 768w, https:\/\/inbuzios.com.br\/blog\/wp-content\/uploads\/2024\/07\/5-3-600x401.png 600w\" sizes=\"auto, (max-width: 1000px) 100vw, 1000px\" \/><p id=\"caption-attachment-5145\" class=\"wp-caption-text\"><em>Foto: Degustatividade\/Reprodu\u00e7\u00e3o<\/em><\/p><\/div>\n<h2><\/h2>\n<h2><\/h2>\n<h2><\/h2>\n<h2><\/h2>\n<h2><\/h2>\n<h2><\/h2>\n<h2><\/h2>\n<h2><\/h2>\n<h2><\/h2>\n<h2><\/h2>\n<h2><\/h2>\n<h2><b>Dicas pr\u00e1ticas<\/b><\/h2>\n<p><span style=\"font-weight: 400;\">Durante o inverno, as temperaturas na Regi\u00e3o dos Lagos variam entre 15\u00b0C e 25\u00b0C, tornando o clima perfeito para atividades ao ar livre sem o calor intenso do ver\u00e3o.\u00a0<\/span><\/p>\n<p><span style=\"font-weight: 400;\">Para quem deseja explorar a regi\u00e3o de forma confort\u00e1vel e segura, a In B\u00fazios oferece servi\u00e7os de transfer e passeios, incluindo passeios de barco e mergulho, que s\u00e3o experi\u00eancias inesquec\u00edveis nesta \u00e9poca do ano.<\/span><\/p>\n<p><img loading=\"lazy\" decoding=\"async\" class=\"alignleft size-full wp-image-5146\" src=\"https:\/\/inbuzios.com.br\/blog\/wp-content\/uploads\/2024\/07\/6-3.png\" alt=\"restaurante na orla de b\u00fazios no entardecer\" width=\"1000\" height=\"668\" srcset=\"https:\/\/inbuzios.com.br\/blog\/wp-content\/uploads\/2024\/07\/6-3.png 1000w, https:\/\/inbuzios.com.br\/blog\/wp-content\/uploads\/2024\/07\/6-3-300x200.png 300w, https:\/\/inbuzios.com.br\/blog\/wp-content\/uploads\/2024\/07\/6-3-768x513.png 768w, https:\/\/inbuzios.com.br\/blog\/wp-content\/uploads\/2024\/07\/6-3-600x401.png 600w\" sizes=\"auto, (max-width: 1000px) 100vw, 1000px\" \/><span>Planejar sua viagem com anteced\u00eancia pode garantir que voc\u00ea aproveite todas as vantagens e experi\u00eancias \u00fanicas que o <\/span><span>inverno no RJ<\/span><span> oferece.\u00a0<\/span><\/p>\n<p><span style=\"font-weight: 400;\">Se voc\u00ea nunca considerou a Regi\u00e3o dos Lagos como destino de inverno, est\u00e1 na hora de repensar! As belezas naturais, a gastronomia e a tranquilidade dessa \u00e9poca do ano certamente ir\u00e3o te surpreender.<\/span><\/p>\n<h2><\/h2>\n<h2><b>Inverno no RJ<\/b><b>: aproveitando a \u00e9poca na Regi\u00e3o dos Lagos<\/b><\/h2>\n<p><span style=\"font-weight: 400;\">Aproveitar o <\/span><span style=\"font-weight: 400;\">inverno no RJ<\/span><span style=\"font-weight: 400;\"> na Regi\u00e3o dos Lagos \u00e9 uma experi\u00eancia que combina tranquilidade, economia e beleza natural.\u00a0<\/span><\/p>\n<p><span style=\"font-weight: 400;\">Seja caminhando pelas praias quase desertas, saboreando um fondue em um restaurante aconchegante ou participando de eventos culturais locais, voc\u00ea encontrar\u00e1 motivos de sobra para se encantar por essa temporada.<\/span><\/p>\n<p><span style=\"font-weight: 400;\">Ent\u00e3o, que tal come\u00e7ar a planejar sua pr\u00f3xima viagem e descobrir os encantos do inverno na Regi\u00e3o dos Lagos? Acesse o site da In B\u00fazios e conhe\u00e7a todas as op\u00e7\u00f5es de passeios e servi\u00e7os dispon\u00edveis para tornar sua experi\u00eancia ainda mais especial.<\/span><\/p>\n<p><span style=\"font-weight: 400;\">N\u00e3o se esque\u00e7a de acompanhar o nosso Instagram <\/span><a href=\"https:\/\/www.instagram.com\/inbuzios\/\"><b>(@inbuzios)<\/b><\/a><span style=\"font-weight: 400;\"> e saber mais sobre praias, passeios, roteiros e muito mais na regi\u00e3o do Rio de Janeiro. Ent\u00e3o j\u00e1 prepare as malas e venha com a gente nessa viagem incr\u00edvel!<\/span><\/p>\n<p><a href=\"https:\/\/www.inbuzios.com\/home\"><b>Clique aqui<\/b><\/a><span style=\"font-weight: 400;\"> para acessar nosso site e converse com a nossa equipe para tirar todas as suas d\u00favidas e ter mais informa\u00e7\u00f5es!<\/span><\/p>\n<p>&nbsp;<\/p>\n<p><b>Leia mais:<\/b><\/p>\n<ul>\n<li aria-level=\"1\"><a href=\"https:\/\/inbuzios.com.br\/blog\/2024\/03\/19\/arraial-do-cabo-o-melhor-roteiro-para-uma-viagem-inesquecivel\/\"><b>Arraial do Cabo: o melhor roteiro para uma viagem inesquec\u00edvel<\/b><\/a><\/li>\n<li aria-level=\"1\"><a href=\"https:\/\/inbuzios.com.br\/blog\/2024\/03\/30\/cabo-frio-alem-das-praias-descubra-os-encantos-da-historica-passagem\/\"><b>Cabo Frio al\u00e9m das praias: descubra os encantos da hist\u00f3rica passagem<\/b><\/a><\/li>\n<\/ul>\n<p>&nbsp;<\/p>\n<p>&nbsp;<\/p>\n<h2><\/h2>\n<h2><\/h2>\n<h2><\/h2>\n<h2><\/h2>\n<h2><\/h2>\n<h2><\/h2>\n<h2><\/h2>\n<p>&nbsp;<\/p>\n","protected":false},"excerpt":{"rendered":"<p>Quando pensamos na Regi\u00e3o dos Lagos, \u00e9 comum que o ver\u00e3o seja a primeira esta\u00e7\u00e3o a vir \u00e0 mente. Contudo, o inverno no RJ tamb\u00e9m reserva encantos \u00fanicos e especiais.\u00a0&#8230;<\/p>\n","protected":false},"author":2,"featured_media":5141,"comment_status":"open","ping_status":"open","sticky":false,"template":"","format":"standard","meta":{"_jetpack_memberships_contains_paid_content":false,"footnotes":""},"categories":[1],"tags":[],"class_list":["post-5140","post","type-post","status-publish","format-standard","has-post-thumbnail","hentry","category-uncategorized"],"yoast_head":"<!-- This site is optimized with the Yoast SEO plugin v27.4 - https:\/\/yoast.com\/product\/yoast-seo-wordpress\/ -->\n<title>Inverno no RJ: como aproveitar a temporada na Regi\u00e3o dos Lagos - In B\u00fazios<\/title>\n<meta name=\"description\" content=\"Descubra como aproveitar o inverno no RJ na encantadora Regi\u00e3o dos Lagos, com menos aglomera\u00e7\u00e3o, pre\u00e7os acess\u00edveis e experi\u00eancias \u00fanicas.\" \/>\n<meta name=\"robots\" content=\"index, follow, max-snippet:-1, max-image-preview:large, max-video-preview:-1\" \/>\n<link rel=\"canonical\" href=\"https:\/\/inbuzios.com.br\/blog\/2024\/08\/02\/inverno-no-rj-como-aproveitar-a-temporada-na-regiao-dos-lagos\/\" \/>\n<meta property=\"og:locale\" content=\"pt_BR\" \/>\n<meta property=\"og:type\" content=\"article\" \/>\n<meta property=\"og:title\" content=\"Inverno no RJ: como aproveitar a temporada na Regi\u00e3o dos Lagos - In B\u00fazios\" \/>\n<meta property=\"og:description\" content=\"Descubra como aproveitar o inverno no RJ na encantadora Regi\u00e3o dos Lagos, com menos aglomera\u00e7\u00e3o, pre\u00e7os acess\u00edveis e experi\u00eancias \u00fanicas.\" \/>\n<meta property=\"og:url\" content=\"https:\/\/inbuzios.com.br\/blog\/2024\/08\/02\/inverno-no-rj-como-aproveitar-a-temporada-na-regiao-dos-lagos\/\" \/>\n<meta property=\"og:site_name\" content=\"In B\u00fazios\" \/>\n<meta property=\"article:published_time\" content=\"2024-08-02T09:30:18+00:00\" \/>\n<meta property=\"og:image\" content=\"https:\/\/inbuzios.com.br\/blog\/wp-content\/uploads\/2024\/07\/IMAGEM-DESTAQUE-3.png\" \/>\n\t<meta property=\"og:image:width\" content=\"1000\" \/>\n\t<meta property=\"og:image:height\" content=\"668\" \/>\n\t<meta property=\"og:image:type\" content=\"image\/png\" \/>\n<meta name=\"author\" content=\"Administrador InBuzios\" \/>\n<meta name=\"twitter:card\" content=\"summary_large_image\" \/>\n<meta name=\"twitter:label1\" content=\"Escrito por\" \/>\n\t<meta name=\"twitter:data1\" content=\"Administrador InBuzios\" \/>\n\t<meta name=\"twitter:label2\" content=\"Est. tempo de leitura\" \/>\n\t<meta name=\"twitter:data2\" content=\"6 minutos\" \/>\n<script type=\"application\/ld+json\" class=\"yoast-schema-graph\">{\"@context\":\"https:\\\/\\\/schema.org\",\"@graph\":[{\"@type\":\"Article\",\"@id\":\"https:\\\/\\\/inbuzios.com.br\\\/blog\\\/2024\\\/08\\\/02\\\/inverno-no-rj-como-aproveitar-a-temporada-na-regiao-dos-lagos\\\/#article\",\"isPartOf\":{\"@id\":\"https:\\\/\\\/inbuzios.com.br\\\/blog\\\/2024\\\/08\\\/02\\\/inverno-no-rj-como-aproveitar-a-temporada-na-regiao-dos-lagos\\\/\"},\"author\":{\"name\":\"Administrador InBuzios\",\"@id\":\"https:\\\/\\\/inbuzios.com.br\\\/blog\\\/#\\\/schema\\\/person\\\/bbea7ab9669a1a34c0a5ca8af89947e4\"},\"headline\":\"Inverno no RJ: como aproveitar a temporada na Regi\u00e3o dos Lagos\",\"datePublished\":\"2024-08-02T09:30:18+00:00\",\"mainEntityOfPage\":{\"@id\":\"https:\\\/\\\/inbuzios.com.br\\\/blog\\\/2024\\\/08\\\/02\\\/inverno-no-rj-como-aproveitar-a-temporada-na-regiao-dos-lagos\\\/\"},\"wordCount\":905,\"commentCount\":0,\"image\":{\"@id\":\"https:\\\/\\\/inbuzios.com.br\\\/blog\\\/2024\\\/08\\\/02\\\/inverno-no-rj-como-aproveitar-a-temporada-na-regiao-dos-lagos\\\/#primaryimage\"},\"thumbnailUrl\":\"https:\\\/\\\/inbuzios.com.br\\\/blog\\\/wp-content\\\/uploads\\\/2024\\\/07\\\/IMAGEM-DESTAQUE-3.png\",\"articleSection\":[\"Uncategorized\"],\"inLanguage\":\"pt-BR\",\"potentialAction\":[{\"@type\":\"CommentAction\",\"name\":\"Comment\",\"target\":[\"https:\\\/\\\/inbuzios.com.br\\\/blog\\\/2024\\\/08\\\/02\\\/inverno-no-rj-como-aproveitar-a-temporada-na-regiao-dos-lagos\\\/#respond\"]}]},{\"@type\":\"WebPage\",\"@id\":\"https:\\\/\\\/inbuzios.com.br\\\/blog\\\/2024\\\/08\\\/02\\\/inverno-no-rj-como-aproveitar-a-temporada-na-regiao-dos-lagos\\\/\",\"url\":\"https:\\\/\\\/inbuzios.com.br\\\/blog\\\/2024\\\/08\\\/02\\\/inverno-no-rj-como-aproveitar-a-temporada-na-regiao-dos-lagos\\\/\",\"name\":\"Inverno no RJ: como aproveitar a temporada na Regi\u00e3o dos Lagos - In B\u00fazios\",\"isPartOf\":{\"@id\":\"https:\\\/\\\/inbuzios.com.br\\\/blog\\\/#website\"},\"primaryImageOfPage\":{\"@id\":\"https:\\\/\\\/inbuzios.com.br\\\/blog\\\/2024\\\/08\\\/02\\\/inverno-no-rj-como-aproveitar-a-temporada-na-regiao-dos-lagos\\\/#primaryimage\"},\"image\":{\"@id\":\"https:\\\/\\\/inbuzios.com.br\\\/blog\\\/2024\\\/08\\\/02\\\/inverno-no-rj-como-aproveitar-a-temporada-na-regiao-dos-lagos\\\/#primaryimage\"},\"thumbnailUrl\":\"https:\\\/\\\/inbuzios.com.br\\\/blog\\\/wp-content\\\/uploads\\\/2024\\\/07\\\/IMAGEM-DESTAQUE-3.png\",\"datePublished\":\"2024-08-02T09:30:18+00:00\",\"author\":{\"@id\":\"https:\\\/\\\/inbuzios.com.br\\\/blog\\\/#\\\/schema\\\/person\\\/bbea7ab9669a1a34c0a5ca8af89947e4\"},\"description\":\"Descubra como aproveitar o inverno no RJ na encantadora Regi\u00e3o dos Lagos, com menos aglomera\u00e7\u00e3o, pre\u00e7os acess\u00edveis e experi\u00eancias \u00fanicas.\",\"breadcrumb\":{\"@id\":\"https:\\\/\\\/inbuzios.com.br\\\/blog\\\/2024\\\/08\\\/02\\\/inverno-no-rj-como-aproveitar-a-temporada-na-regiao-dos-lagos\\\/#breadcrumb\"},\"inLanguage\":\"pt-BR\",\"potentialAction\":[{\"@type\":\"ReadAction\",\"target\":[\"https:\\\/\\\/inbuzios.com.br\\\/blog\\\/2024\\\/08\\\/02\\\/inverno-no-rj-como-aproveitar-a-temporada-na-regiao-dos-lagos\\\/\"]}]},{\"@type\":\"ImageObject\",\"inLanguage\":\"pt-BR\",\"@id\":\"https:\\\/\\\/inbuzios.com.br\\\/blog\\\/2024\\\/08\\\/02\\\/inverno-no-rj-como-aproveitar-a-temporada-na-regiao-dos-lagos\\\/#primaryimage\",\"url\":\"https:\\\/\\\/inbuzios.com.br\\\/blog\\\/wp-content\\\/uploads\\\/2024\\\/07\\\/IMAGEM-DESTAQUE-3.png\",\"contentUrl\":\"https:\\\/\\\/inbuzios.com.br\\\/blog\\\/wp-content\\\/uploads\\\/2024\\\/07\\\/IMAGEM-DESTAQUE-3.png\",\"width\":1000,\"height\":668,\"caption\":\"orla de b\u00fazios\"},{\"@type\":\"BreadcrumbList\",\"@id\":\"https:\\\/\\\/inbuzios.com.br\\\/blog\\\/2024\\\/08\\\/02\\\/inverno-no-rj-como-aproveitar-a-temporada-na-regiao-dos-lagos\\\/#breadcrumb\",\"itemListElement\":[{\"@type\":\"ListItem\",\"position\":1,\"name\":\"In\u00edcio\",\"item\":\"https:\\\/\\\/inbuzios.com.br\\\/blog\\\/\"},{\"@type\":\"ListItem\",\"position\":2,\"name\":\"Inverno no RJ: como aproveitar a temporada na Regi\u00e3o dos Lagos\"}]},{\"@type\":\"WebSite\",\"@id\":\"https:\\\/\\\/inbuzios.com.br\\\/blog\\\/#website\",\"url\":\"https:\\\/\\\/inbuzios.com.br\\\/blog\\\/\",\"name\":\"In B\u00fazios\",\"description\":\"Turismo Receptivo\",\"potentialAction\":[{\"@type\":\"SearchAction\",\"target\":{\"@type\":\"EntryPoint\",\"urlTemplate\":\"https:\\\/\\\/inbuzios.com.br\\\/blog\\\/?s={search_term_string}\"},\"query-input\":{\"@type\":\"PropertyValueSpecification\",\"valueRequired\":true,\"valueName\":\"search_term_string\"}}],\"inLanguage\":\"pt-BR\"},{\"@type\":\"Person\",\"@id\":\"https:\\\/\\\/inbuzios.com.br\\\/blog\\\/#\\\/schema\\\/person\\\/bbea7ab9669a1a34c0a5ca8af89947e4\",\"name\":\"Administrador InBuzios\",\"image\":{\"@type\":\"ImageObject\",\"inLanguage\":\"pt-BR\",\"@id\":\"https:\\\/\\\/secure.gravatar.com\\\/avatar\\\/8b70eaa2d258abec51683c3d2372e954b262626305a737d15b94d7bd297bbd7b?s=96&d=mm&r=g\",\"url\":\"https:\\\/\\\/secure.gravatar.com\\\/avatar\\\/8b70eaa2d258abec51683c3d2372e954b262626305a737d15b94d7bd297bbd7b?s=96&d=mm&r=g\",\"contentUrl\":\"https:\\\/\\\/secure.gravatar.com\\\/avatar\\\/8b70eaa2d258abec51683c3d2372e954b262626305a737d15b94d7bd297bbd7b?s=96&d=mm&r=g\",\"caption\":\"Administrador InBuzios\"},\"sameAs\":[\"http:\\\/\\\/www.inbuzios.com\"],\"url\":\"https:\\\/\\\/inbuzios.com.br\\\/blog\\\/author\\\/inbuzios\\\/\"}]}<\/script>\n<!-- \/ Yoast SEO plugin. -->","yoast_head_json":{"title":"Inverno no RJ: como aproveitar a temporada na Regi\u00e3o dos Lagos - In B\u00fazios","description":"Descubra como aproveitar o inverno no RJ na encantadora Regi\u00e3o dos Lagos, com menos aglomera\u00e7\u00e3o, pre\u00e7os acess\u00edveis e experi\u00eancias \u00fanicas.","robots":{"index":"index","follow":"follow","max-snippet":"max-snippet:-1","max-image-preview":"max-image-preview:large","max-video-preview":"max-video-preview:-1"},"canonical":"https:\/\/inbuzios.com.br\/blog\/2024\/08\/02\/inverno-no-rj-como-aproveitar-a-temporada-na-regiao-dos-lagos\/","og_locale":"pt_BR","og_type":"article","og_title":"Inverno no RJ: como aproveitar a temporada na Regi\u00e3o dos Lagos - In B\u00fazios","og_description":"Descubra como aproveitar o inverno no RJ na encantadora Regi\u00e3o dos Lagos, com menos aglomera\u00e7\u00e3o, pre\u00e7os acess\u00edveis e experi\u00eancias \u00fanicas.","og_url":"https:\/\/inbuzios.com.br\/blog\/2024\/08\/02\/inverno-no-rj-como-aproveitar-a-temporada-na-regiao-dos-lagos\/","og_site_name":"In B\u00fazios","article_published_time":"2024-08-02T09:30:18+00:00","og_image":[{"width":1000,"height":668,"url":"https:\/\/inbuzios.com.br\/blog\/wp-content\/uploads\/2024\/07\/IMAGEM-DESTAQUE-3.png","type":"image\/png"}],"author":"Administrador InBuzios","twitter_card":"summary_large_image","twitter_misc":{"Escrito por":"Administrador InBuzios","Est. tempo de leitura":"6 minutos"},"schema":{"@context":"https:\/\/schema.org","@graph":[{"@type":"Article","@id":"https:\/\/inbuzios.com.br\/blog\/2024\/08\/02\/inverno-no-rj-como-aproveitar-a-temporada-na-regiao-dos-lagos\/#article","isPartOf":{"@id":"https:\/\/inbuzios.com.br\/blog\/2024\/08\/02\/inverno-no-rj-como-aproveitar-a-temporada-na-regiao-dos-lagos\/"},"author":{"name":"Administrador InBuzios","@id":"https:\/\/inbuzios.com.br\/blog\/#\/schema\/person\/bbea7ab9669a1a34c0a5ca8af89947e4"},"headline":"Inverno no RJ: como aproveitar a temporada na Regi\u00e3o dos Lagos","datePublished":"2024-08-02T09:30:18+00:00","mainEntityOfPage":{"@id":"https:\/\/inbuzios.com.br\/blog\/2024\/08\/02\/inverno-no-rj-como-aproveitar-a-temporada-na-regiao-dos-lagos\/"},"wordCount":905,"commentCount":0,"image":{"@id":"https:\/\/inbuzios.com.br\/blog\/2024\/08\/02\/inverno-no-rj-como-aproveitar-a-temporada-na-regiao-dos-lagos\/#primaryimage"},"thumbnailUrl":"https:\/\/inbuzios.com.br\/blog\/wp-content\/uploads\/2024\/07\/IMAGEM-DESTAQUE-3.png","articleSection":["Uncategorized"],"inLanguage":"pt-BR","potentialAction":[{"@type":"CommentAction","name":"Comment","target":["https:\/\/inbuzios.com.br\/blog\/2024\/08\/02\/inverno-no-rj-como-aproveitar-a-temporada-na-regiao-dos-lagos\/#respond"]}]},{"@type":"WebPage","@id":"https:\/\/inbuzios.com.br\/blog\/2024\/08\/02\/inverno-no-rj-como-aproveitar-a-temporada-na-regiao-dos-lagos\/","url":"https:\/\/inbuzios.com.br\/blog\/2024\/08\/02\/inverno-no-rj-como-aproveitar-a-temporada-na-regiao-dos-lagos\/","name":"Inverno no RJ: como aproveitar a temporada na Regi\u00e3o dos Lagos - In B\u00fazios","isPartOf":{"@id":"https:\/\/inbuzios.com.br\/blog\/#website"},"primaryImageOfPage":{"@id":"https:\/\/inbuzios.com.br\/blog\/2024\/08\/02\/inverno-no-rj-como-aproveitar-a-temporada-na-regiao-dos-lagos\/#primaryimage"},"image":{"@id":"https:\/\/inbuzios.com.br\/blog\/2024\/08\/02\/inverno-no-rj-como-aproveitar-a-temporada-na-regiao-dos-lagos\/#primaryimage"},"thumbnailUrl":"https:\/\/inbuzios.com.br\/blog\/wp-content\/uploads\/2024\/07\/IMAGEM-DESTAQUE-3.png","datePublished":"2024-08-02T09:30:18+00:00","author":{"@id":"https:\/\/inbuzios.com.br\/blog\/#\/schema\/person\/bbea7ab9669a1a34c0a5ca8af89947e4"},"description":"Descubra como aproveitar o inverno no RJ na encantadora Regi\u00e3o dos Lagos, com menos aglomera\u00e7\u00e3o, pre\u00e7os acess\u00edveis e experi\u00eancias \u00fanicas.","breadcrumb":{"@id":"https:\/\/inbuzios.com.br\/blog\/2024\/08\/02\/inverno-no-rj-como-aproveitar-a-temporada-na-regiao-dos-lagos\/#breadcrumb"},"inLanguage":"pt-BR","potentialAction":[{"@type":"ReadAction","target":["https:\/\/inbuzios.com.br\/blog\/2024\/08\/02\/inverno-no-rj-como-aproveitar-a-temporada-na-regiao-dos-lagos\/"]}]},{"@type":"ImageObject","inLanguage":"pt-BR","@id":"https:\/\/inbuzios.com.br\/blog\/2024\/08\/02\/inverno-no-rj-como-aproveitar-a-temporada-na-regiao-dos-lagos\/#primaryimage","url":"https:\/\/inbuzios.com.br\/blog\/wp-content\/uploads\/2024\/07\/IMAGEM-DESTAQUE-3.png","contentUrl":"https:\/\/inbuzios.com.br\/blog\/wp-content\/uploads\/2024\/07\/IMAGEM-DESTAQUE-3.png","width":1000,"height":668,"caption":"orla de b\u00fazios"},{"@type":"BreadcrumbList","@id":"https:\/\/inbuzios.com.br\/blog\/2024\/08\/02\/inverno-no-rj-como-aproveitar-a-temporada-na-regiao-dos-lagos\/#breadcrumb","itemListElement":[{"@type":"ListItem","position":1,"name":"In\u00edcio","item":"https:\/\/inbuzios.com.br\/blog\/"},{"@type":"ListItem","position":2,"name":"Inverno no RJ: como aproveitar a temporada na Regi\u00e3o dos Lagos"}]},{"@type":"WebSite","@id":"https:\/\/inbuzios.com.br\/blog\/#website","url":"https:\/\/inbuzios.com.br\/blog\/","name":"In B\u00fazios","description":"Turismo Receptivo","potentialAction":[{"@type":"SearchAction","target":{"@type":"EntryPoint","urlTemplate":"https:\/\/inbuzios.com.br\/blog\/?s={search_term_string}"},"query-input":{"@type":"PropertyValueSpecification","valueRequired":true,"valueName":"search_term_string"}}],"inLanguage":"pt-BR"},{"@type":"Person","@id":"https:\/\/inbuzios.com.br\/blog\/#\/schema\/person\/bbea7ab9669a1a34c0a5ca8af89947e4","name":"Administrador InBuzios","image":{"@type":"ImageObject","inLanguage":"pt-BR","@id":"https:\/\/secure.gravatar.com\/avatar\/8b70eaa2d258abec51683c3d2372e954b262626305a737d15b94d7bd297bbd7b?s=96&d=mm&r=g","url":"https:\/\/secure.gravatar.com\/avatar\/8b70eaa2d258abec51683c3d2372e954b262626305a737d15b94d7bd297bbd7b?s=96&d=mm&r=g","contentUrl":"https:\/\/secure.gravatar.com\/avatar\/8b70eaa2d258abec51683c3d2372e954b262626305a737d15b94d7bd297bbd7b?s=96&d=mm&r=g","caption":"Administrador InBuzios"},"sameAs":["http:\/\/www.inbuzios.com"],"url":"https:\/\/inbuzios.com.br\/blog\/author\/inbuzios\/"}]}},"jetpack_featured_media_url":"https:\/\/inbuzios.com.br\/blog\/wp-content\/uploads\/2024\/07\/IMAGEM-DESTAQUE-3.png","jetpack_sharing_enabled":true,"amp_enabled":true,"_links":{"self":[{"href":"https:\/\/inbuzios.com.br\/blog\/wp-json\/wp\/v2\/posts\/5140","targetHints":{"allow":["GET"]}}],"collection":[{"href":"https:\/\/inbuzios.com.br\/blog\/wp-json\/wp\/v2\/posts"}],"about":[{"href":"https:\/\/inbuzios.com.br\/blog\/wp-json\/wp\/v2\/types\/post"}],"author":[{"embeddable":true,"href":"https:\/\/inbuzios.com.br\/blog\/wp-json\/wp\/v2\/users\/2"}],"replies":[{"embeddable":true,"href":"https:\/\/inbuzios.com.br\/blog\/wp-json\/wp\/v2\/comments?post=5140"}],"version-history":[{"count":7,"href":"https:\/\/inbuzios.com.br\/blog\/wp-json\/wp\/v2\/posts\/5140\/revisions"}],"predecessor-version":[{"id":5154,"href":"https:\/\/inbuzios.com.br\/blog\/wp-json\/wp\/v2\/posts\/5140\/revisions\/5154"}],"wp:featuredmedia":[{"embeddable":true,"href":"https:\/\/inbuzios.com.br\/blog\/wp-json\/wp\/v2\/media\/5141"}],"wp:attachment":[{"href":"https:\/\/inbuzios.com.br\/blog\/wp-json\/wp\/v2\/media?parent=5140"}],"wp:term":[{"taxonomy":"category","embeddable":true,"href":"https:\/\/inbuzios.com.br\/blog\/wp-json\/wp\/v2\/categories?post=5140"},{"taxonomy":"post_tag","embeddable":true,"href":"https:\/\/inbuzios.com.br\/blog\/wp-json\/wp\/v2\/tags?post=5140"}],"curies":[{"name":"wp","href":"https:\/\/api.w.org\/{rel}","templated":true}]}}