{"id":5262,"date":"2024-11-22T16:42:22","date_gmt":"2024-11-22T16:42:22","guid":{"rendered":"https:\/\/inbuzios.com.br\/blog\/?p=5262"},"modified":"2024-12-19T16:53:04","modified_gmt":"2024-12-19T16:53:04","slug":"pensar-em-ferias-e-pensar-em-praia-descubra-passeios-imperdiveis-para-o-seu-verao-no-rio-de-janeiro","status":"publish","type":"post","link":"https:\/\/inbuzios.com.br\/blog\/2024\/11\/22\/pensar-em-ferias-e-pensar-em-praia-descubra-passeios-imperdiveis-para-o-seu-verao-no-rio-de-janeiro\/","title":{"rendered":"Pensar em f\u00e9rias \u00e9 pensar em praia: descubra passeios imperd\u00edveis para o seu ver\u00e3o no Rio de Janeiro!"},"content":{"rendered":"<p><span style=\"font-weight: 400;\">O ver\u00e3o est\u00e1 se aproximando! Se voc\u00ea \u00e9 como n\u00f3s, que s\u00f3 pensa em <\/span><span style=\"font-weight: 400;\">f\u00e9rias e praia<\/span><span style=\"font-weight: 400;\"> e adora explorar novos destinos, encontrou o lugar certo!<\/span><\/p>\n<p><span style=\"font-weight: 400;\">O Rio de Janeiro \u00e9 o ambiente perfeito para sentir a brisa do mar e vivenciar momentos inesquec\u00edveis. <\/span><\/p>\n<p><span style=\"font-weight: 400;\">Para tornar a sua viagem ainda mais incr\u00edvel, a In B\u00fazios est\u00e1 pronta para te levar aos melhores passeios com conforto, seguran\u00e7a e aquele toque especial que transforma qualquer viagem em uma verdadeira aventura memor\u00e1vel.<\/span><\/p>\n<p><span style=\"font-weight: 400;\">Por aqui, vamos te dar algumas ideias de passeios e destinos que consideramos \u00fanicos para conhecer nesta temporada de <\/span><span style=\"font-weight: 400;\">f\u00e9rias e praia<\/span><span style=\"font-weight: 400;\"> que tanto aguardamos todos os anos! Prepare-se para descobrir o melhor dos city tours, dos passeios e viver momentos incr\u00edveis!<\/span><\/p>\n<ol>\n<li>\n<h2><b> Arraial do Cabo: o Caribe brasileiro<\/b><\/h2>\n<\/li>\n<\/ol>\n<p><img loading=\"lazy\" decoding=\"async\" class=\"alignleft size-full wp-image-5263\" src=\"https:\/\/inbuzios.com.br\/blog\/wp-content\/uploads\/2024\/12\/IN-BUZIOS-BLOG-3-NOVEMBRO.24-arraial-o-caribe-brasileiro.png\" alt=\"\" width=\"3125\" height=\"2087\" srcset=\"https:\/\/inbuzios.com.br\/blog\/wp-content\/uploads\/2024\/12\/IN-BUZIOS-BLOG-3-NOVEMBRO.24-arraial-o-caribe-brasileiro.png 3125w, https:\/\/inbuzios.com.br\/blog\/wp-content\/uploads\/2024\/12\/IN-BUZIOS-BLOG-3-NOVEMBRO.24-arraial-o-caribe-brasileiro-300x200.png 300w, https:\/\/inbuzios.com.br\/blog\/wp-content\/uploads\/2024\/12\/IN-BUZIOS-BLOG-3-NOVEMBRO.24-arraial-o-caribe-brasileiro-1024x684.png 1024w, https:\/\/inbuzios.com.br\/blog\/wp-content\/uploads\/2024\/12\/IN-BUZIOS-BLOG-3-NOVEMBRO.24-arraial-o-caribe-brasileiro-768x513.png 768w, https:\/\/inbuzios.com.br\/blog\/wp-content\/uploads\/2024\/12\/IN-BUZIOS-BLOG-3-NOVEMBRO.24-arraial-o-caribe-brasileiro-1536x1026.png 1536w, https:\/\/inbuzios.com.br\/blog\/wp-content\/uploads\/2024\/12\/IN-BUZIOS-BLOG-3-NOVEMBRO.24-arraial-o-caribe-brasileiro-2048x1368.png 2048w, https:\/\/inbuzios.com.br\/blog\/wp-content\/uploads\/2024\/12\/IN-BUZIOS-BLOG-3-NOVEMBRO.24-arraial-o-caribe-brasileiro-600x401.png 600w\" sizes=\"auto, (max-width: 3125px) 100vw, 3125px\" \/><\/p>\n<p><i><span style=\"font-weight: 400;\">Foto: Acervo\/Reprodu\u00e7\u00e3o<\/span><\/i><\/p>\n<p><span style=\"font-weight: 400;\">Se o para\u00edso tivesse endere\u00e7o, certamente seria em Arraial do Cabo. Este lugar, famoso por suas \u00e1guas cristalinas e uma enorme vida marinha, \u00e9 um dos destinos mais procurados por quem ama e deseja viver toda essa vibe de<\/span><span style=\"font-weight: 400;\"> f\u00e9rias e praia<\/span><span style=\"font-weight: 400;\">. J\u00e1 sabe o que fazer l\u00e1?<\/span><\/p>\n<ul>\n<li><b> Passeios de barco:<\/b><span style=\"font-weight: 400;\"> essas s\u00e3o experi\u00eancias marcantes e \u00fanicas. Imagine-se navegando pelas \u00e1guas transparentes para conhecer pontos bel\u00edssimos, como a Praia do Farol (considerada uma das mais lindas do Brasil) e a Gruta Azul, outro espet\u00e1culo natural que s\u00f3 Arraial do Cabo pode oferecer. S\u00e3o 3h30 de passeio de barco aproximadamente, com uma navega\u00e7\u00e3o panor\u00e2mica pela Gruta Azul, Pedra do Macaco e Fenda de Nossa Senhora, al\u00e9m de 2 paradas de praia de 40min em m\u00e9dia, com desembarque na Ilha do Farol e nas Prainhas do Pontal do Atalaya (praia da escadaria). Gostou? Tem mais!<\/span><\/li>\n<li><b> Mergulho: <\/b><span style=\"font-weight: 400;\">se voc\u00ea gosta de contato direto com a vida marinha e a natureza, Arraial do Cabo \u00e9 o destino ideal. Considerada a capital do mergulho no Brasil, esta experi\u00eancia te possibilita nadar ao lado de tartarugas, ver de perto a cor dos peixinhos e, com sorte, avistar at\u00e9 golfinhos!<\/span><\/li>\n<li><b> Passeio de quadriciclo: <\/b><span style=\"font-weight: 400;\">um passeio emocionante com voc\u00ea pilotando um quadriciclo por praias paradis\u00edacas em Arraial do Cabo. As atra\u00e7\u00f5es incluem as Ru\u00ednas da \u00c1lcalis, Lagoa Vermelha, Pedreira, Praia do Pontal, Lagoa do Foguete, P\u00f3rtico e Deserto da Praia Grande. O passeio inclui quadriciclo para at\u00e9 2 pessoas, guia, balaclava e capacete!<\/span><\/li>\n<\/ul>\n<p><span style=\"font-weight: 400;\">Fique tranquilo: com a In B\u00fazios, os passeios s\u00e3o organizados com guias experientes, que garantem seguran\u00e7a e conhecimento local.<\/span><\/p>\n<ol start=\"2\">\n<li>\n<h2><b> B\u00fazios: charme a cada esquina!<\/b><\/h2>\n<\/li>\n<\/ol>\n<p><img loading=\"lazy\" decoding=\"async\" class=\"alignleft size-full wp-image-5266\" src=\"https:\/\/inbuzios.com.br\/blog\/wp-content\/uploads\/2024\/12\/Thiago-Freitas-MTUR-Divulgacao2.png\" alt=\"\" width=\"1200\" height=\"800\" srcset=\"https:\/\/inbuzios.com.br\/blog\/wp-content\/uploads\/2024\/12\/Thiago-Freitas-MTUR-Divulgacao2.png 1200w, https:\/\/inbuzios.com.br\/blog\/wp-content\/uploads\/2024\/12\/Thiago-Freitas-MTUR-Divulgacao2-300x200.png 300w, https:\/\/inbuzios.com.br\/blog\/wp-content\/uploads\/2024\/12\/Thiago-Freitas-MTUR-Divulgacao2-1024x683.png 1024w, https:\/\/inbuzios.com.br\/blog\/wp-content\/uploads\/2024\/12\/Thiago-Freitas-MTUR-Divulgacao2-768x512.png 768w, https:\/\/inbuzios.com.br\/blog\/wp-content\/uploads\/2024\/12\/Thiago-Freitas-MTUR-Divulgacao2-600x400.png 600w\" sizes=\"auto, (max-width: 1200px) 100vw, 1200px\" \/><\/p>\n<p><i><span style=\"font-weight: 400;\">Foto: Thiago Freitas &#8211; MTUR\/Divulga\u00e7\u00e3o<\/span><\/i><\/p>\n<p><span style=\"font-weight: 400;\">Esse cantinho dispensa apresenta\u00e7\u00f5es! A antiga vila de pescadores \u00e9 famosa internacionalmente e hoje trata-se de um dos destinos mais sofisticados do Brasil, mas n\u00e3o para por a\u00ed: as praias, ruas charmosas e hist\u00f3ricas fazem de B\u00fazios um lugar para todos!<\/span><\/p>\n<p><span style=\"font-weight: 400;\">O que n\u00e3o pode faltar no seu roteiro de viagem para B\u00fazios:<\/span><\/p>\n<ul>\n<li><b> City tour guiado:<\/b><span style=\"font-weight: 400;\"> \u00e9 isso mesmo! A In B\u00fazios oferece o city tour para quem quer saber mais sobre a hist\u00f3ria e curiosidades da cidade enquanto passeia pelos pontos mais famosos, como a Rua das Pedras e a Orla Bardot.<\/span><\/li>\n<li><b> Muita praia: <\/b><span style=\"font-weight: 400;\">B\u00fazios tamb\u00e9m \u00e9 perfeito para quem acha que f\u00e9rias e praia s\u00e3o sin\u00f4nimos! S\u00e3o cerca de 20 praias, desde a agitada Gerib\u00e1 at\u00e9 as mais tranquilas, como Jo\u00e3o Fernandes, B\u00fazios tem uma praia que acerta uma flecha direta no cora\u00e7\u00e3o de todos os tipos de viajantes.<\/span><\/li>\n<li><b> Atividades n\u00e1uticas:<\/b><span style=\"font-weight: 400;\"> stand-up paddle, caiaque e passeio de lancha privativa podem completar a sua experi\u00eancia.<\/span><\/li>\n<li><b> Passeio de barco:<\/b><span style=\"font-weight: 400;\"> S\u00e3o 2:30h de passeio de barco, aproximadamente, onde conheceremos 12 praias e 3 ilhas em tour panor\u00e2mico, com 3 paradas para banho.<\/span><\/li>\n<\/ul>\n<p><span style=\"font-weight: 400;\">Com a In B\u00fazios, voc\u00ea tem a chance de viver as f\u00e9rias dos sonhos, aproveitando cada detalhe desse destino \u00fanico.<\/span><\/p>\n<ol start=\"3\">\n<li>\n<h2><b> Angra dos Reis e Ilha Grande: ref\u00fagios de tranquilidade!<\/b><\/h2>\n<\/li>\n<\/ol>\n<p><img loading=\"lazy\" decoding=\"async\" class=\"alignleft size-full wp-image-5264\" src=\"https:\/\/inbuzios.com.br\/blog\/wp-content\/uploads\/2024\/12\/BLOG-3-FOTO-ilha-grande-Foto-Acervo-Reproducao.png\" alt=\"\" width=\"3125\" height=\"2087\" srcset=\"https:\/\/inbuzios.com.br\/blog\/wp-content\/uploads\/2024\/12\/BLOG-3-FOTO-ilha-grande-Foto-Acervo-Reproducao.png 3125w, https:\/\/inbuzios.com.br\/blog\/wp-content\/uploads\/2024\/12\/BLOG-3-FOTO-ilha-grande-Foto-Acervo-Reproducao-300x200.png 300w, https:\/\/inbuzios.com.br\/blog\/wp-content\/uploads\/2024\/12\/BLOG-3-FOTO-ilha-grande-Foto-Acervo-Reproducao-1024x684.png 1024w, https:\/\/inbuzios.com.br\/blog\/wp-content\/uploads\/2024\/12\/BLOG-3-FOTO-ilha-grande-Foto-Acervo-Reproducao-768x513.png 768w, https:\/\/inbuzios.com.br\/blog\/wp-content\/uploads\/2024\/12\/BLOG-3-FOTO-ilha-grande-Foto-Acervo-Reproducao-1536x1026.png 1536w, https:\/\/inbuzios.com.br\/blog\/wp-content\/uploads\/2024\/12\/BLOG-3-FOTO-ilha-grande-Foto-Acervo-Reproducao-2048x1368.png 2048w, https:\/\/inbuzios.com.br\/blog\/wp-content\/uploads\/2024\/12\/BLOG-3-FOTO-ilha-grande-Foto-Acervo-Reproducao-600x401.png 600w\" sizes=\"auto, (max-width: 3125px) 100vw, 3125px\" \/><\/p>\n<p><i><span style=\"font-weight: 400;\">Foto: Acervo\/Reprodu\u00e7\u00e3o<\/span><\/i><\/p>\n<p><span style=\"font-weight: 400;\">Se a ideia \u00e9 f\u00e9rias e praia + sossego, Angra dos Reis e Ilha Grande s\u00e3o destinos que precisam estar na sua lista do que visitar no Rio de Janeiro. S\u00e3o ilhas paradis\u00edacas, com praias pouqu\u00edssimo exploradas e uma biodiversidade de cair o queixo! Essa mega combina\u00e7\u00e3o faz da regi\u00e3o um verdadeiro ref\u00fagio para quem quer relaxar.<\/span><\/p>\n<p><span style=\"font-weight: 400;\">O que a In B\u00fazios te sugere fazer por l\u00e1:<\/span><\/p>\n<ul>\n<li><b> Passeio de barco pelas ilhas<\/b><span style=\"font-weight: 400;\">: praias quase intocadas, como a Praia de Lopes Mendes, consideradas uma das mais lindas do mundo. Fa\u00e7a paradas estrat\u00e9gicas em ilhas menores para refrescantes banhos de mar.<\/span><\/li>\n<li><b> Contato com a natureza:<\/b><span style=\"font-weight: 400;\"> nadar com um snorkel te ajuda a enxergar as praias de outro ponto de vista! Aprecie o cen\u00e1rio deslumbrante de perto.<\/span><\/li>\n<\/ul>\n<p><span style=\"font-weight: 400;\">A In B\u00fazios cuida de todos os detalhes, desde os transfers at\u00e9 a escolha dos melhores passeios: tudo para voc\u00ea ter uma experi\u00eancia diferenciada e \u00fanica!<\/span><\/p>\n<p><span style=\"font-weight: 400;\">Se o seu neg\u00f3cio \u00e9 curtir <\/span><span style=\"font-weight: 400;\">f\u00e9rias e praia<\/span><span style=\"font-weight: 400;\">, escolha a In B\u00fazios como companhia! Todo o conforto e seguran\u00e7a que voc\u00ea precisa para aproveitar os melhores destinos no Rio de Janeiro. Temos motoristas e guias treinados para voc\u00ea aproveitar as suas f\u00e9rias com quem entende do assunto.<\/span><\/p>\n<p><span style=\"font-weight: 400;\">Partiu viver essa experi\u00eancia t\u00e3o rica em cultura e lazer?<\/span><\/p>\n<p><span style=\"font-weight: 400;\">Nos siga no <\/span><a href=\"https:\/\/www.instagram.com\/inbuzios\/\"><span style=\"font-weight: 400;\">Instagram<\/span><\/a><span style=\"font-weight: 400;\"> para ficar por dentro de todas as novidades.<\/span><\/p>\n<p><a href=\"https:\/\/www.inbuzios.com\/home\"><span style=\"font-weight: 400;\">Clique aqui<\/span><\/a><span style=\"font-weight: 400;\"> para acessar nosso site e conversar com a nossa equipe para tirar todas as suas d\u00favidas!<\/span><\/p>\n<p><span style=\"font-weight: 400;\">Leia tamb\u00e9m:<\/span><\/p>\n<p><a href=\"https:\/\/inbuzios.com.br\/blog\/2023\/12\/28\/verao-passeios-para-curtir-arraial-do-cabo\/\"><span style=\"font-weight: 400;\">Ver\u00e3o: passeios para curtir Arraial do Cabo<\/span><\/a><\/p>\n<p><a href=\"https:\/\/inbuzios.com.br\/blog\/2024\/07\/12\/viagem-de-ferias-atividades-em-familia-para-curtir-o-recesso-em-cabo-frio\/\"><span style=\"font-weight: 400;\">Viagem de f\u00e9rias: atividades em fam\u00edlia para curtir o recesso em Cabo Frio<\/span><\/a><\/p>\n","protected":false},"excerpt":{"rendered":"<p>O ver\u00e3o est\u00e1 se aproximando! Se voc\u00ea \u00e9 como n\u00f3s, que s\u00f3 pensa em f\u00e9rias e praia e adora explorar novos destinos, encontrou o lugar certo! O Rio de Janeiro&#8230;<\/p>\n","protected":false},"author":2,"featured_media":5265,"comment_status":"open","ping_status":"open","sticky":false,"template":"","format":"standard","meta":{"_jetpack_memberships_contains_paid_content":false,"footnotes":""},"categories":[3],"tags":[],"class_list":["post-5262","post","type-post","status-publish","format-standard","has-post-thumbnail","hentry","category-dicas"],"yoast_head":"<!-- This site is optimized with the Yoast SEO plugin v27.4 - https:\/\/yoast.com\/product\/yoast-seo-wordpress\/ -->\n<title>Pensar em f\u00e9rias \u00e9 pensar em praia: descubra passeios imperd\u00edveis para o seu ver\u00e3o no Rio de Janeiro! - In B\u00fazios<\/title>\n<meta name=\"description\" content=\"Seu ver\u00e3o merece f\u00e9rias e praia? Vem com a gente: a In B\u00fazios tem as melhores dicas para voc\u00ea aproveitar a melhor esta\u00e7\u00e3o do ano!\" \/>\n<meta name=\"robots\" content=\"index, follow, max-snippet:-1, max-image-preview:large, max-video-preview:-1\" \/>\n<link rel=\"canonical\" href=\"https:\/\/inbuzios.com.br\/blog\/2024\/11\/22\/pensar-em-ferias-e-pensar-em-praia-descubra-passeios-imperdiveis-para-o-seu-verao-no-rio-de-janeiro\/\" \/>\n<meta property=\"og:locale\" content=\"pt_BR\" \/>\n<meta property=\"og:type\" content=\"article\" \/>\n<meta property=\"og:title\" content=\"Pensar em f\u00e9rias \u00e9 pensar em praia: descubra passeios imperd\u00edveis para o seu ver\u00e3o no Rio de Janeiro! - In B\u00fazios\" \/>\n<meta property=\"og:description\" content=\"Seu ver\u00e3o merece f\u00e9rias e praia? Vem com a gente: a In B\u00fazios tem as melhores dicas para voc\u00ea aproveitar a melhor esta\u00e7\u00e3o do ano!\" \/>\n<meta property=\"og:url\" content=\"https:\/\/inbuzios.com.br\/blog\/2024\/11\/22\/pensar-em-ferias-e-pensar-em-praia-descubra-passeios-imperdiveis-para-o-seu-verao-no-rio-de-janeiro\/\" \/>\n<meta property=\"og:site_name\" content=\"In B\u00fazios\" \/>\n<meta property=\"article:published_time\" content=\"2024-11-22T16:42:22+00:00\" \/>\n<meta property=\"article:modified_time\" content=\"2024-12-19T16:53:04+00:00\" \/>\n<meta property=\"og:image\" content=\"https:\/\/inbuzios.com.br\/blog\/wp-content\/uploads\/2024\/12\/BLOG-3-FOTO-PRINCIPAL-Foto-Acervo-Reproducao-1024x684.png\" \/>\n\t<meta property=\"og:image:width\" content=\"1024\" \/>\n\t<meta property=\"og:image:height\" content=\"684\" \/>\n\t<meta property=\"og:image:type\" content=\"image\/png\" \/>\n<meta name=\"author\" content=\"Administrador InBuzios\" \/>\n<meta name=\"twitter:card\" content=\"summary_large_image\" \/>\n<meta name=\"twitter:label1\" content=\"Escrito por\" \/>\n\t<meta name=\"twitter:data1\" content=\"Administrador InBuzios\" \/>\n\t<meta name=\"twitter:label2\" content=\"Est. tempo de leitura\" \/>\n\t<meta name=\"twitter:data2\" content=\"6 minutos\" \/>\n<script type=\"application\/ld+json\" class=\"yoast-schema-graph\">{\"@context\":\"https:\\\/\\\/schema.org\",\"@graph\":[{\"@type\":\"Article\",\"@id\":\"https:\\\/\\\/inbuzios.com.br\\\/blog\\\/2024\\\/11\\\/22\\\/pensar-em-ferias-e-pensar-em-praia-descubra-passeios-imperdiveis-para-o-seu-verao-no-rio-de-janeiro\\\/#article\",\"isPartOf\":{\"@id\":\"https:\\\/\\\/inbuzios.com.br\\\/blog\\\/2024\\\/11\\\/22\\\/pensar-em-ferias-e-pensar-em-praia-descubra-passeios-imperdiveis-para-o-seu-verao-no-rio-de-janeiro\\\/\"},\"author\":{\"name\":\"Administrador InBuzios\",\"@id\":\"https:\\\/\\\/inbuzios.com.br\\\/blog\\\/#\\\/schema\\\/person\\\/bbea7ab9669a1a34c0a5ca8af89947e4\"},\"headline\":\"Pensar em f\u00e9rias \u00e9 pensar em praia: descubra passeios imperd\u00edveis para o seu ver\u00e3o no Rio de Janeiro!\",\"datePublished\":\"2024-11-22T16:42:22+00:00\",\"dateModified\":\"2024-12-19T16:53:04+00:00\",\"mainEntityOfPage\":{\"@id\":\"https:\\\/\\\/inbuzios.com.br\\\/blog\\\/2024\\\/11\\\/22\\\/pensar-em-ferias-e-pensar-em-praia-descubra-passeios-imperdiveis-para-o-seu-verao-no-rio-de-janeiro\\\/\"},\"wordCount\":966,\"commentCount\":0,\"image\":{\"@id\":\"https:\\\/\\\/inbuzios.com.br\\\/blog\\\/2024\\\/11\\\/22\\\/pensar-em-ferias-e-pensar-em-praia-descubra-passeios-imperdiveis-para-o-seu-verao-no-rio-de-janeiro\\\/#primaryimage\"},\"thumbnailUrl\":\"https:\\\/\\\/inbuzios.com.br\\\/blog\\\/wp-content\\\/uploads\\\/2024\\\/12\\\/BLOG-3-FOTO-PRINCIPAL-Foto-Acervo-Reproducao.png\",\"articleSection\":[\"Dicas\"],\"inLanguage\":\"pt-BR\",\"potentialAction\":[{\"@type\":\"CommentAction\",\"name\":\"Comment\",\"target\":[\"https:\\\/\\\/inbuzios.com.br\\\/blog\\\/2024\\\/11\\\/22\\\/pensar-em-ferias-e-pensar-em-praia-descubra-passeios-imperdiveis-para-o-seu-verao-no-rio-de-janeiro\\\/#respond\"]}]},{\"@type\":\"WebPage\",\"@id\":\"https:\\\/\\\/inbuzios.com.br\\\/blog\\\/2024\\\/11\\\/22\\\/pensar-em-ferias-e-pensar-em-praia-descubra-passeios-imperdiveis-para-o-seu-verao-no-rio-de-janeiro\\\/\",\"url\":\"https:\\\/\\\/inbuzios.com.br\\\/blog\\\/2024\\\/11\\\/22\\\/pensar-em-ferias-e-pensar-em-praia-descubra-passeios-imperdiveis-para-o-seu-verao-no-rio-de-janeiro\\\/\",\"name\":\"Pensar em f\u00e9rias \u00e9 pensar em praia: descubra passeios imperd\u00edveis para o seu ver\u00e3o no Rio de Janeiro! - In B\u00fazios\",\"isPartOf\":{\"@id\":\"https:\\\/\\\/inbuzios.com.br\\\/blog\\\/#website\"},\"primaryImageOfPage\":{\"@id\":\"https:\\\/\\\/inbuzios.com.br\\\/blog\\\/2024\\\/11\\\/22\\\/pensar-em-ferias-e-pensar-em-praia-descubra-passeios-imperdiveis-para-o-seu-verao-no-rio-de-janeiro\\\/#primaryimage\"},\"image\":{\"@id\":\"https:\\\/\\\/inbuzios.com.br\\\/blog\\\/2024\\\/11\\\/22\\\/pensar-em-ferias-e-pensar-em-praia-descubra-passeios-imperdiveis-para-o-seu-verao-no-rio-de-janeiro\\\/#primaryimage\"},\"thumbnailUrl\":\"https:\\\/\\\/inbuzios.com.br\\\/blog\\\/wp-content\\\/uploads\\\/2024\\\/12\\\/BLOG-3-FOTO-PRINCIPAL-Foto-Acervo-Reproducao.png\",\"datePublished\":\"2024-11-22T16:42:22+00:00\",\"dateModified\":\"2024-12-19T16:53:04+00:00\",\"author\":{\"@id\":\"https:\\\/\\\/inbuzios.com.br\\\/blog\\\/#\\\/schema\\\/person\\\/bbea7ab9669a1a34c0a5ca8af89947e4\"},\"description\":\"Seu ver\u00e3o merece f\u00e9rias e praia? Vem com a gente: a In B\u00fazios tem as melhores dicas para voc\u00ea aproveitar a melhor esta\u00e7\u00e3o do ano!\",\"breadcrumb\":{\"@id\":\"https:\\\/\\\/inbuzios.com.br\\\/blog\\\/2024\\\/11\\\/22\\\/pensar-em-ferias-e-pensar-em-praia-descubra-passeios-imperdiveis-para-o-seu-verao-no-rio-de-janeiro\\\/#breadcrumb\"},\"inLanguage\":\"pt-BR\",\"potentialAction\":[{\"@type\":\"ReadAction\",\"target\":[\"https:\\\/\\\/inbuzios.com.br\\\/blog\\\/2024\\\/11\\\/22\\\/pensar-em-ferias-e-pensar-em-praia-descubra-passeios-imperdiveis-para-o-seu-verao-no-rio-de-janeiro\\\/\"]}]},{\"@type\":\"ImageObject\",\"inLanguage\":\"pt-BR\",\"@id\":\"https:\\\/\\\/inbuzios.com.br\\\/blog\\\/2024\\\/11\\\/22\\\/pensar-em-ferias-e-pensar-em-praia-descubra-passeios-imperdiveis-para-o-seu-verao-no-rio-de-janeiro\\\/#primaryimage\",\"url\":\"https:\\\/\\\/inbuzios.com.br\\\/blog\\\/wp-content\\\/uploads\\\/2024\\\/12\\\/BLOG-3-FOTO-PRINCIPAL-Foto-Acervo-Reproducao.png\",\"contentUrl\":\"https:\\\/\\\/inbuzios.com.br\\\/blog\\\/wp-content\\\/uploads\\\/2024\\\/12\\\/BLOG-3-FOTO-PRINCIPAL-Foto-Acervo-Reproducao.png\",\"width\":3125,\"height\":2087,\"caption\":\"Foto: Acervo\\\/Reprodu\u00e7\u00e3o\"},{\"@type\":\"BreadcrumbList\",\"@id\":\"https:\\\/\\\/inbuzios.com.br\\\/blog\\\/2024\\\/11\\\/22\\\/pensar-em-ferias-e-pensar-em-praia-descubra-passeios-imperdiveis-para-o-seu-verao-no-rio-de-janeiro\\\/#breadcrumb\",\"itemListElement\":[{\"@type\":\"ListItem\",\"position\":1,\"name\":\"In\u00edcio\",\"item\":\"https:\\\/\\\/inbuzios.com.br\\\/blog\\\/\"},{\"@type\":\"ListItem\",\"position\":2,\"name\":\"Pensar em f\u00e9rias \u00e9 pensar em praia: descubra passeios imperd\u00edveis para o seu ver\u00e3o no Rio de Janeiro!\"}]},{\"@type\":\"WebSite\",\"@id\":\"https:\\\/\\\/inbuzios.com.br\\\/blog\\\/#website\",\"url\":\"https:\\\/\\\/inbuzios.com.br\\\/blog\\\/\",\"name\":\"In B\u00fazios\",\"description\":\"Turismo Receptivo\",\"potentialAction\":[{\"@type\":\"SearchAction\",\"target\":{\"@type\":\"EntryPoint\",\"urlTemplate\":\"https:\\\/\\\/inbuzios.com.br\\\/blog\\\/?s={search_term_string}\"},\"query-input\":{\"@type\":\"PropertyValueSpecification\",\"valueRequired\":true,\"valueName\":\"search_term_string\"}}],\"inLanguage\":\"pt-BR\"},{\"@type\":\"Person\",\"@id\":\"https:\\\/\\\/inbuzios.com.br\\\/blog\\\/#\\\/schema\\\/person\\\/bbea7ab9669a1a34c0a5ca8af89947e4\",\"name\":\"Administrador InBuzios\",\"image\":{\"@type\":\"ImageObject\",\"inLanguage\":\"pt-BR\",\"@id\":\"https:\\\/\\\/secure.gravatar.com\\\/avatar\\\/8b70eaa2d258abec51683c3d2372e954b262626305a737d15b94d7bd297bbd7b?s=96&d=mm&r=g\",\"url\":\"https:\\\/\\\/secure.gravatar.com\\\/avatar\\\/8b70eaa2d258abec51683c3d2372e954b262626305a737d15b94d7bd297bbd7b?s=96&d=mm&r=g\",\"contentUrl\":\"https:\\\/\\\/secure.gravatar.com\\\/avatar\\\/8b70eaa2d258abec51683c3d2372e954b262626305a737d15b94d7bd297bbd7b?s=96&d=mm&r=g\",\"caption\":\"Administrador InBuzios\"},\"sameAs\":[\"http:\\\/\\\/www.inbuzios.com\"],\"url\":\"https:\\\/\\\/inbuzios.com.br\\\/blog\\\/author\\\/inbuzios\\\/\"}]}<\/script>\n<!-- \/ Yoast SEO plugin. -->","yoast_head_json":{"title":"Pensar em f\u00e9rias \u00e9 pensar em praia: descubra passeios imperd\u00edveis para o seu ver\u00e3o no Rio de Janeiro! - In B\u00fazios","description":"Seu ver\u00e3o merece f\u00e9rias e praia? Vem com a gente: a In B\u00fazios tem as melhores dicas para voc\u00ea aproveitar a melhor esta\u00e7\u00e3o do ano!","robots":{"index":"index","follow":"follow","max-snippet":"max-snippet:-1","max-image-preview":"max-image-preview:large","max-video-preview":"max-video-preview:-1"},"canonical":"https:\/\/inbuzios.com.br\/blog\/2024\/11\/22\/pensar-em-ferias-e-pensar-em-praia-descubra-passeios-imperdiveis-para-o-seu-verao-no-rio-de-janeiro\/","og_locale":"pt_BR","og_type":"article","og_title":"Pensar em f\u00e9rias \u00e9 pensar em praia: descubra passeios imperd\u00edveis para o seu ver\u00e3o no Rio de Janeiro! - In B\u00fazios","og_description":"Seu ver\u00e3o merece f\u00e9rias e praia? Vem com a gente: a In B\u00fazios tem as melhores dicas para voc\u00ea aproveitar a melhor esta\u00e7\u00e3o do ano!","og_url":"https:\/\/inbuzios.com.br\/blog\/2024\/11\/22\/pensar-em-ferias-e-pensar-em-praia-descubra-passeios-imperdiveis-para-o-seu-verao-no-rio-de-janeiro\/","og_site_name":"In B\u00fazios","article_published_time":"2024-11-22T16:42:22+00:00","article_modified_time":"2024-12-19T16:53:04+00:00","og_image":[{"width":1024,"height":684,"url":"https:\/\/inbuzios.com.br\/blog\/wp-content\/uploads\/2024\/12\/BLOG-3-FOTO-PRINCIPAL-Foto-Acervo-Reproducao-1024x684.png","type":"image\/png"}],"author":"Administrador InBuzios","twitter_card":"summary_large_image","twitter_misc":{"Escrito por":"Administrador InBuzios","Est. tempo de leitura":"6 minutos"},"schema":{"@context":"https:\/\/schema.org","@graph":[{"@type":"Article","@id":"https:\/\/inbuzios.com.br\/blog\/2024\/11\/22\/pensar-em-ferias-e-pensar-em-praia-descubra-passeios-imperdiveis-para-o-seu-verao-no-rio-de-janeiro\/#article","isPartOf":{"@id":"https:\/\/inbuzios.com.br\/blog\/2024\/11\/22\/pensar-em-ferias-e-pensar-em-praia-descubra-passeios-imperdiveis-para-o-seu-verao-no-rio-de-janeiro\/"},"author":{"name":"Administrador InBuzios","@id":"https:\/\/inbuzios.com.br\/blog\/#\/schema\/person\/bbea7ab9669a1a34c0a5ca8af89947e4"},"headline":"Pensar em f\u00e9rias \u00e9 pensar em praia: descubra passeios imperd\u00edveis para o seu ver\u00e3o no Rio de Janeiro!","datePublished":"2024-11-22T16:42:22+00:00","dateModified":"2024-12-19T16:53:04+00:00","mainEntityOfPage":{"@id":"https:\/\/inbuzios.com.br\/blog\/2024\/11\/22\/pensar-em-ferias-e-pensar-em-praia-descubra-passeios-imperdiveis-para-o-seu-verao-no-rio-de-janeiro\/"},"wordCount":966,"commentCount":0,"image":{"@id":"https:\/\/inbuzios.com.br\/blog\/2024\/11\/22\/pensar-em-ferias-e-pensar-em-praia-descubra-passeios-imperdiveis-para-o-seu-verao-no-rio-de-janeiro\/#primaryimage"},"thumbnailUrl":"https:\/\/inbuzios.com.br\/blog\/wp-content\/uploads\/2024\/12\/BLOG-3-FOTO-PRINCIPAL-Foto-Acervo-Reproducao.png","articleSection":["Dicas"],"inLanguage":"pt-BR","potentialAction":[{"@type":"CommentAction","name":"Comment","target":["https:\/\/inbuzios.com.br\/blog\/2024\/11\/22\/pensar-em-ferias-e-pensar-em-praia-descubra-passeios-imperdiveis-para-o-seu-verao-no-rio-de-janeiro\/#respond"]}]},{"@type":"WebPage","@id":"https:\/\/inbuzios.com.br\/blog\/2024\/11\/22\/pensar-em-ferias-e-pensar-em-praia-descubra-passeios-imperdiveis-para-o-seu-verao-no-rio-de-janeiro\/","url":"https:\/\/inbuzios.com.br\/blog\/2024\/11\/22\/pensar-em-ferias-e-pensar-em-praia-descubra-passeios-imperdiveis-para-o-seu-verao-no-rio-de-janeiro\/","name":"Pensar em f\u00e9rias \u00e9 pensar em praia: descubra passeios imperd\u00edveis para o seu ver\u00e3o no Rio de Janeiro! - In B\u00fazios","isPartOf":{"@id":"https:\/\/inbuzios.com.br\/blog\/#website"},"primaryImageOfPage":{"@id":"https:\/\/inbuzios.com.br\/blog\/2024\/11\/22\/pensar-em-ferias-e-pensar-em-praia-descubra-passeios-imperdiveis-para-o-seu-verao-no-rio-de-janeiro\/#primaryimage"},"image":{"@id":"https:\/\/inbuzios.com.br\/blog\/2024\/11\/22\/pensar-em-ferias-e-pensar-em-praia-descubra-passeios-imperdiveis-para-o-seu-verao-no-rio-de-janeiro\/#primaryimage"},"thumbnailUrl":"https:\/\/inbuzios.com.br\/blog\/wp-content\/uploads\/2024\/12\/BLOG-3-FOTO-PRINCIPAL-Foto-Acervo-Reproducao.png","datePublished":"2024-11-22T16:42:22+00:00","dateModified":"2024-12-19T16:53:04+00:00","author":{"@id":"https:\/\/inbuzios.com.br\/blog\/#\/schema\/person\/bbea7ab9669a1a34c0a5ca8af89947e4"},"description":"Seu ver\u00e3o merece f\u00e9rias e praia? Vem com a gente: a In B\u00fazios tem as melhores dicas para voc\u00ea aproveitar a melhor esta\u00e7\u00e3o do ano!","breadcrumb":{"@id":"https:\/\/inbuzios.com.br\/blog\/2024\/11\/22\/pensar-em-ferias-e-pensar-em-praia-descubra-passeios-imperdiveis-para-o-seu-verao-no-rio-de-janeiro\/#breadcrumb"},"inLanguage":"pt-BR","potentialAction":[{"@type":"ReadAction","target":["https:\/\/inbuzios.com.br\/blog\/2024\/11\/22\/pensar-em-ferias-e-pensar-em-praia-descubra-passeios-imperdiveis-para-o-seu-verao-no-rio-de-janeiro\/"]}]},{"@type":"ImageObject","inLanguage":"pt-BR","@id":"https:\/\/inbuzios.com.br\/blog\/2024\/11\/22\/pensar-em-ferias-e-pensar-em-praia-descubra-passeios-imperdiveis-para-o-seu-verao-no-rio-de-janeiro\/#primaryimage","url":"https:\/\/inbuzios.com.br\/blog\/wp-content\/uploads\/2024\/12\/BLOG-3-FOTO-PRINCIPAL-Foto-Acervo-Reproducao.png","contentUrl":"https:\/\/inbuzios.com.br\/blog\/wp-content\/uploads\/2024\/12\/BLOG-3-FOTO-PRINCIPAL-Foto-Acervo-Reproducao.png","width":3125,"height":2087,"caption":"Foto: Acervo\/Reprodu\u00e7\u00e3o"},{"@type":"BreadcrumbList","@id":"https:\/\/inbuzios.com.br\/blog\/2024\/11\/22\/pensar-em-ferias-e-pensar-em-praia-descubra-passeios-imperdiveis-para-o-seu-verao-no-rio-de-janeiro\/#breadcrumb","itemListElement":[{"@type":"ListItem","position":1,"name":"In\u00edcio","item":"https:\/\/inbuzios.com.br\/blog\/"},{"@type":"ListItem","position":2,"name":"Pensar em f\u00e9rias \u00e9 pensar em praia: descubra passeios imperd\u00edveis para o seu ver\u00e3o no Rio de Janeiro!"}]},{"@type":"WebSite","@id":"https:\/\/inbuzios.com.br\/blog\/#website","url":"https:\/\/inbuzios.com.br\/blog\/","name":"In B\u00fazios","description":"Turismo Receptivo","potentialAction":[{"@type":"SearchAction","target":{"@type":"EntryPoint","urlTemplate":"https:\/\/inbuzios.com.br\/blog\/?s={search_term_string}"},"query-input":{"@type":"PropertyValueSpecification","valueRequired":true,"valueName":"search_term_string"}}],"inLanguage":"pt-BR"},{"@type":"Person","@id":"https:\/\/inbuzios.com.br\/blog\/#\/schema\/person\/bbea7ab9669a1a34c0a5ca8af89947e4","name":"Administrador InBuzios","image":{"@type":"ImageObject","inLanguage":"pt-BR","@id":"https:\/\/secure.gravatar.com\/avatar\/8b70eaa2d258abec51683c3d2372e954b262626305a737d15b94d7bd297bbd7b?s=96&d=mm&r=g","url":"https:\/\/secure.gravatar.com\/avatar\/8b70eaa2d258abec51683c3d2372e954b262626305a737d15b94d7bd297bbd7b?s=96&d=mm&r=g","contentUrl":"https:\/\/secure.gravatar.com\/avatar\/8b70eaa2d258abec51683c3d2372e954b262626305a737d15b94d7bd297bbd7b?s=96&d=mm&r=g","caption":"Administrador InBuzios"},"sameAs":["http:\/\/www.inbuzios.com"],"url":"https:\/\/inbuzios.com.br\/blog\/author\/inbuzios\/"}]}},"jetpack_featured_media_url":"https:\/\/inbuzios.com.br\/blog\/wp-content\/uploads\/2024\/12\/BLOG-3-FOTO-PRINCIPAL-Foto-Acervo-Reproducao.png","jetpack_sharing_enabled":true,"amp_enabled":true,"_links":{"self":[{"href":"https:\/\/inbuzios.com.br\/blog\/wp-json\/wp\/v2\/posts\/5262","targetHints":{"allow":["GET"]}}],"collection":[{"href":"https:\/\/inbuzios.com.br\/blog\/wp-json\/wp\/v2\/posts"}],"about":[{"href":"https:\/\/inbuzios.com.br\/blog\/wp-json\/wp\/v2\/types\/post"}],"author":[{"embeddable":true,"href":"https:\/\/inbuzios.com.br\/blog\/wp-json\/wp\/v2\/users\/2"}],"replies":[{"embeddable":true,"href":"https:\/\/inbuzios.com.br\/blog\/wp-json\/wp\/v2\/comments?post=5262"}],"version-history":[{"count":1,"href":"https:\/\/inbuzios.com.br\/blog\/wp-json\/wp\/v2\/posts\/5262\/revisions"}],"predecessor-version":[{"id":5267,"href":"https:\/\/inbuzios.com.br\/blog\/wp-json\/wp\/v2\/posts\/5262\/revisions\/5267"}],"wp:featuredmedia":[{"embeddable":true,"href":"https:\/\/inbuzios.com.br\/blog\/wp-json\/wp\/v2\/media\/5265"}],"wp:attachment":[{"href":"https:\/\/inbuzios.com.br\/blog\/wp-json\/wp\/v2\/media?parent=5262"}],"wp:term":[{"taxonomy":"category","embeddable":true,"href":"https:\/\/inbuzios.com.br\/blog\/wp-json\/wp\/v2\/categories?post=5262"},{"taxonomy":"post_tag","embeddable":true,"href":"https:\/\/inbuzios.com.br\/blog\/wp-json\/wp\/v2\/tags?post=5262"}],"curies":[{"name":"wp","href":"https:\/\/api.w.org\/{rel}","templated":true}]}}