{"id":5327,"date":"2025-02-15T12:18:17","date_gmt":"2025-02-15T12:18:17","guid":{"rendered":"https:\/\/inbuzios.com.br\/blog\/?p=5327"},"modified":"2025-03-05T18:32:20","modified_gmt":"2025-03-05T18:32:20","slug":"transfer-rio-de-janeiro-para-arraial-do-cabo-por-que-escolher-essa-opcao-no-carnaval","status":"publish","type":"post","link":"https:\/\/inbuzios.com.br\/blog\/2025\/02\/15\/transfer-rio-de-janeiro-para-arraial-do-cabo-por-que-escolher-essa-opcao-no-carnaval\/","title":{"rendered":"Transfer Rio de Janeiro para Arraial do Cabo: por que escolher essa op\u00e7\u00e3o no Carnaval?"},"content":{"rendered":"<p><span style=\"font-weight: 400;\">Planejando curtir o Carnaval em grande estilo? Saiba como aproveitar o <\/span><span style=\"font-weight: 400;\">transfer Rio de Janeiro para Arraial do Cabo<\/span><span style=\"font-weight: 400;\"> e n\u00e3o tenha preocupa\u00e7\u00f5es com o transporte neste feriado!<\/span><\/p>\n<p><span style=\"font-weight: 400;\">Arraial do Cabo \u00e9 um destino perfeito para quem ama praias incr\u00edveis, festas animadas e se conectar com a natureza. Antes de mergulhar de cabe\u00e7a nessa aventura, surge a seguinte quest\u00e3o: qual a melhor forma de chegar l\u00e1 em seguran\u00e7a e com o conforto que voc\u00ea merece? A resposta est\u00e1 com a gente: o transfer da In B\u00fazios.<\/span><\/p>\n<p><span style=\"font-weight: 400;\">Com sistema eficiente e r\u00e1pido de pick-up e drop-off, uma pontualidade impec\u00e1vel, conforto e muita seguran\u00e7a, o nosso servi\u00e7o de transfer \u00e9 a escolha ideal para quem quer desfrutar de toda a folia do Carnaval, sem preocupa\u00e7\u00f5es em dirigir no tr\u00e2nsito, procurar estacionamento e at\u00e9 mesmo ter que enfrentar algum transporte p\u00fablico lotado. Gostaria de saber mais dessa facilidade? Vem com a gente!<\/span><\/p>\n<p><img loading=\"lazy\" decoding=\"async\" class=\"alignleft size-full wp-image-5331\" src=\"https:\/\/inbuzios.com.br\/blog\/wp-content\/uploads\/2025\/03\/Thiago-Freitas-MTUR-Divulgacao1.png\" alt=\"\" width=\"1200\" height=\"800\" srcset=\"https:\/\/inbuzios.com.br\/blog\/wp-content\/uploads\/2025\/03\/Thiago-Freitas-MTUR-Divulgacao1.png 1200w, https:\/\/inbuzios.com.br\/blog\/wp-content\/uploads\/2025\/03\/Thiago-Freitas-MTUR-Divulgacao1-300x200.png 300w, https:\/\/inbuzios.com.br\/blog\/wp-content\/uploads\/2025\/03\/Thiago-Freitas-MTUR-Divulgacao1-1024x683.png 1024w, https:\/\/inbuzios.com.br\/blog\/wp-content\/uploads\/2025\/03\/Thiago-Freitas-MTUR-Divulgacao1-768x512.png 768w, https:\/\/inbuzios.com.br\/blog\/wp-content\/uploads\/2025\/03\/Thiago-Freitas-MTUR-Divulgacao1-600x400.png 600w\" sizes=\"auto, (max-width: 1200px) 100vw, 1200px\" \/><\/p>\n<h2><b>Transfer Rio de Janeiro para Arraial do Cabo<\/b><b>: por que escolher essa op\u00e7\u00e3o no Carnaval?<\/b><\/h2>\n<p><span style=\"font-weight: 400;\">Essa \u00e9 uma das \u00e9pocas mais movimentadas do ano e o tr\u00e2nsito nas estradas que levam \u00e0s cidades tur\u00edsticas do litoral fluminense pode ser um verdadeiro caos! As principais rodovias que ligam o Rio de Janeiro \u00e0 Regi\u00e3o dos Lagos costumam ficar bastante congestionadas, o que pode tornar a sua viagem mais cansativa.<\/span><\/p>\n<p><span style=\"font-weight: 400;\">A melhor alternativa para uma viagem tranquila e confort\u00e1vel at\u00e9 Arraial do Cabo \u00e9 com quem conhece a regi\u00e3o e possui todo o profissionalismo de um servi\u00e7o de transfer e carros com muito conforto.<\/span><\/p>\n<p><b>&#8211; Conforto e comodidade:<\/b><span style=\"font-weight: 400;\"> nossa frota conta com ve\u00edculos modernos, climatizados e com espa\u00e7o para suas bagagens.<\/span><\/p>\n<p><b>&#8211; Seguran\u00e7a:<\/b><span style=\"font-weight: 400;\"> os motoristas da In B\u00fazios s\u00e3o experientes e treinados para garantir um trajeto tranquilo e seguro.<\/span><\/p>\n<p><b>&#8211; Pontualidade:<\/b><span style=\"font-weight: 400;\"> n\u00e3o se preocupe com atrasos. O nosso sistema de pick-up e drop-off \u00e9 a garantia de que voc\u00ea vai sair no hor\u00e1rio certo.<\/span><\/p>\n<p><b>&#8211; Zero estacionamentos:<\/b><span style=\"font-weight: 400;\"> o <\/span><span style=\"font-weight: 400;\">transfer Rio de Janeiro para Arraial do Cabo<\/span><span style=\"font-weight: 400;\"> te deixa no local desejado sem preocupa\u00e7\u00f5es como procurar um estacionamento ou verificar se o local pode ser usado para estacionar, sem risco de multas.<\/span><\/p>\n<p><span style=\"font-weight: 400;\">Ao inv\u00e9s de se preocupar com a estrada, voc\u00ea merece descansar e curtir as paisagens!<\/span><\/p>\n<h2><b>Como funciona o servi\u00e7o de <\/b><b>transfer Rio de Janeiro para Arraial do Cabo<\/b><b>?<\/b><\/h2>\n<p><img loading=\"lazy\" decoding=\"async\" class=\"alignleft size-full wp-image-5328\" src=\"https:\/\/inbuzios.com.br\/blog\/wp-content\/uploads\/2025\/03\/1.png\" alt=\"\" width=\"1200\" height=\"800\" srcset=\"https:\/\/inbuzios.com.br\/blog\/wp-content\/uploads\/2025\/03\/1.png 1200w, https:\/\/inbuzios.com.br\/blog\/wp-content\/uploads\/2025\/03\/1-300x200.png 300w, https:\/\/inbuzios.com.br\/blog\/wp-content\/uploads\/2025\/03\/1-1024x683.png 1024w, https:\/\/inbuzios.com.br\/blog\/wp-content\/uploads\/2025\/03\/1-768x512.png 768w, https:\/\/inbuzios.com.br\/blog\/wp-content\/uploads\/2025\/03\/1-600x400.png 600w\" sizes=\"auto, (max-width: 1200px) 100vw, 1200px\" \/><\/p>\n<p><b>Pick-up no local combinado:<\/b><span style=\"font-weight: 400;\"> nada de ficar procurando o motorista que far\u00e1 seu trajeto. A sua sa\u00edda do ponto combinado \u00e9 organizada, seja ele o aeroporto, hotel ou outro local. Nosso motorista estar\u00e1 te esperando no hor\u00e1rio certo para come\u00e7ar a viagem com pontualidade.<\/span><\/p>\n<p><b>Ve\u00edculos confort\u00e1veis e seguros:<\/b><span style=\"font-weight: 400;\"> contamos com carros executivos, vans e micro-\u00f4nibus, a depender da necessidade do seu grupo.<\/span><\/p>\n<p><b>Viagem sem estresse:<\/b><span style=\"font-weight: 400;\"> nem pense em GPS, ped\u00e1gios ou tr\u00e2nsito! O trajeto de <\/span><span style=\"font-weight: 400;\">transfer Rio de Janeiro para Arraial do Cabo<\/span><span style=\"font-weight: 400;\"> dura, em m\u00e9dia, de 2h30 a 3h (a depender das condi\u00e7\u00f5es da estrada). Ao optar por este servi\u00e7o da In B\u00fazios, voc\u00ea s\u00f3 precisa relaxar e curtir o caminho tranquilamente.<\/span><\/p>\n<p><b>Drop-off no destino:<\/b><span style=\"font-weight: 400;\"> chegue no seu hotel, pousada ou ponto de encontro escolhido em Arraial do Cabo sem precisar pegar transportes alternativos ou carros de aplicativo. Garanta sua seguran\u00e7a com a In B\u00fazios!<\/span><\/p>\n<p><span style=\"font-weight: 400;\">Agora que voc\u00ea j\u00e1 sabe que o <\/span><span style=\"font-weight: 400;\">transfer Rio de Janeiro para Arraial do Cabo<\/span><span style=\"font-weight: 400;\"> \u00e9 a melhor op\u00e7\u00e3o, veja o que fazer por l\u00e1:<\/span><\/p>\n<ol>\n<li>\n<h3><b> Passeio de barco<\/b><\/h3>\n<\/li>\n<\/ol>\n<p><img loading=\"lazy\" decoding=\"async\" class=\"alignleft size-full wp-image-5333\" src=\"https:\/\/inbuzios.com.br\/blog\/wp-content\/uploads\/2025\/03\/Thiago-Freitas-MTUR-Divulgacao3.png\" alt=\"\" width=\"1200\" height=\"800\" srcset=\"https:\/\/inbuzios.com.br\/blog\/wp-content\/uploads\/2025\/03\/Thiago-Freitas-MTUR-Divulgacao3.png 1200w, https:\/\/inbuzios.com.br\/blog\/wp-content\/uploads\/2025\/03\/Thiago-Freitas-MTUR-Divulgacao3-300x200.png 300w, https:\/\/inbuzios.com.br\/blog\/wp-content\/uploads\/2025\/03\/Thiago-Freitas-MTUR-Divulgacao3-1024x683.png 1024w, https:\/\/inbuzios.com.br\/blog\/wp-content\/uploads\/2025\/03\/Thiago-Freitas-MTUR-Divulgacao3-768x512.png 768w, https:\/\/inbuzios.com.br\/blog\/wp-content\/uploads\/2025\/03\/Thiago-Freitas-MTUR-Divulgacao3-600x400.png 600w\" sizes=\"auto, (max-width: 1200px) 100vw, 1200px\" \/><\/p>\n<p><span style=\"font-weight: 400;\">Um dos entretenimentos mais procurados \u00e9 o nosso &#8220;full day Arraial do Cabo&#8221;, que pode ser compartilhado ou privativo, e consiste em um passeio de barco com paradas espec\u00edficas. Paramos na Pedra do Macaco, Fenda de Nossa Senhora, Gruta Azul e fazemos paradas para banho na Ilha do Farol e Prainhas do Pontal (praia da escadaria).<\/span><\/p>\n<p><span style=\"font-weight: 400;\">Este passeio inclui transporte, guia, barco e um delicioso almo\u00e7o.\u00a0<\/span><\/p>\n<p><span style=\"font-weight: 400;\">Entre em contato para saber mais informa\u00e7\u00f5es!<\/span><\/p>\n<ol start=\"2\">\n<li>\n<h3><b> Curta as praias paradis\u00edacas<\/b><\/h3>\n<\/li>\n<\/ol>\n<p><img loading=\"lazy\" decoding=\"async\" class=\"alignleft size-full wp-image-5332\" src=\"https:\/\/inbuzios.com.br\/blog\/wp-content\/uploads\/2025\/03\/Thiago-Freitas-MTUR-Divulgacao2.png\" alt=\"\" width=\"1200\" height=\"800\" srcset=\"https:\/\/inbuzios.com.br\/blog\/wp-content\/uploads\/2025\/03\/Thiago-Freitas-MTUR-Divulgacao2.png 1200w, https:\/\/inbuzios.com.br\/blog\/wp-content\/uploads\/2025\/03\/Thiago-Freitas-MTUR-Divulgacao2-300x200.png 300w, https:\/\/inbuzios.com.br\/blog\/wp-content\/uploads\/2025\/03\/Thiago-Freitas-MTUR-Divulgacao2-1024x683.png 1024w, https:\/\/inbuzios.com.br\/blog\/wp-content\/uploads\/2025\/03\/Thiago-Freitas-MTUR-Divulgacao2-768x512.png 768w, https:\/\/inbuzios.com.br\/blog\/wp-content\/uploads\/2025\/03\/Thiago-Freitas-MTUR-Divulgacao2-600x400.png 600w\" sizes=\"auto, (max-width: 1200px) 100vw, 1200px\" \/><\/p>\n<p>&nbsp;<\/p>\n<p><span style=\"font-weight: 400;\">Para quem quer descansar entre uma festa e outra, Arraial do Cabo tem algumas das praias mais lindas do pa\u00eds. A Praia do Forno \u00e9 acess\u00edvel por trilha ou barco e trata-se de um ref\u00fagio perfeito para quem quer calmaria e encanto. J\u00e1 a Praia Grande, por exemplo, tem um clima mais agitado e os quiosques com quitutes te surpreender\u00e3o!<\/span><\/p>\n<p><span style=\"font-weight: 400;\">Outra ideia \u00e9 curtir mergulho e snorkeling, duas atividades para observar de perto a vida marinha como tartarugas, peixes e at\u00e9 golfinhos.<\/span><\/p>\n<ol start=\"3\">\n<li>\n<h3><b> Desfrute da folia do Carnaval!<\/b><\/h3>\n<\/li>\n<\/ol>\n<p><img loading=\"lazy\" decoding=\"async\" class=\"alignleft size-full wp-image-5329\" src=\"https:\/\/inbuzios.com.br\/blog\/wp-content\/uploads\/2025\/03\/Pexels-Reproducao.png\" alt=\"\" width=\"1200\" height=\"800\" srcset=\"https:\/\/inbuzios.com.br\/blog\/wp-content\/uploads\/2025\/03\/Pexels-Reproducao.png 1200w, https:\/\/inbuzios.com.br\/blog\/wp-content\/uploads\/2025\/03\/Pexels-Reproducao-300x200.png 300w, https:\/\/inbuzios.com.br\/blog\/wp-content\/uploads\/2025\/03\/Pexels-Reproducao-1024x683.png 1024w, https:\/\/inbuzios.com.br\/blog\/wp-content\/uploads\/2025\/03\/Pexels-Reproducao-768x512.png 768w, https:\/\/inbuzios.com.br\/blog\/wp-content\/uploads\/2025\/03\/Pexels-Reproducao-600x400.png 600w\" sizes=\"auto, (max-width: 1200px) 100vw, 1200px\" \/><\/p>\n<p><span style=\"font-weight: 400;\">Apesar de ser mais conhecida por conta de suas belezas naturais, Arraial do Cabo tamb\u00e9m tem ritmo de festa nesta \u00e9poca do ano. Bares e restaurantes promovem festas animadas e o clima de Carnaval enche a regi\u00e3o de m\u00fasica e risadas!<\/span><\/p>\n<p><span style=\"font-weight: 400;\">Opte pelo <\/span><span style=\"font-weight: 400;\">transfer Rio de Janeiro para Arraial do Cabo<\/span><span style=\"font-weight: 400;\"> para uma viagem segura, pontual, com ve\u00edculos climatizados e tenha as f\u00e9rias que voc\u00ea merece &#8211; chega de preocupa\u00e7\u00f5es com a log\u00edstica do seu passeio! Partiu viver tudo isso? Reserve j\u00e1!<\/span><\/p>\n<p><span style=\"font-weight: 400;\">N\u00e3o saia aqui do <\/span><a href=\"https:\/\/inbuzios.com.br\/blog\/\" target=\"_blank\" rel=\"noopener\"><span style=\"font-weight: 400;\">blog<\/span><\/a><span style=\"font-weight: 400;\">, ainda tem muito mais In B\u00fazios para voc\u00ea explorar! Nos siga no <\/span><a href=\"https:\/\/www.instagram.com\/inbuzios\" target=\"_blank\" rel=\"noopener\"><span style=\"font-weight: 400;\">Instagram<\/span><\/a><span style=\"font-weight: 400;\"> para receber as informa\u00e7\u00f5es direto na sua timeline.<\/span><\/p>\n<p><span style=\"font-weight: 400;\">Leia tamb\u00e9m:<\/span><\/p>\n<p><a href=\"https:\/\/inbuzios.com.br\/blog\/2024\/12\/06\/descubra-os-encantos-da-costa-verde\/\" target=\"_blank\" rel=\"noopener\"><span style=\"font-weight: 400;\">Descubra os encantos da costa verde<\/span><\/a><\/p>\n<p><a href=\"https:\/\/inbuzios.com.br\/blog\/2024\/11\/29\/veja-como-passar-o-carnaval-2025-no-rio-de-janeiro-da-melhor-forma\/\" target=\"_blank\" rel=\"noopener\"><span style=\"font-weight: 400;\">Veja como passar o Carnaval 2025 no Rio de Janeiro da melhor forma!<\/span><\/a><\/p>\n","protected":false},"excerpt":{"rendered":"<p>Planejando curtir o Carnaval em grande estilo? Saiba como aproveitar o transfer Rio de Janeiro para Arraial do Cabo e n\u00e3o tenha preocupa\u00e7\u00f5es com o transporte neste feriado! Arraial do&#8230;<\/p>\n","protected":false},"author":2,"featured_media":5330,"comment_status":"open","ping_status":"open","sticky":false,"template":"","format":"standard","meta":{"_jetpack_memberships_contains_paid_content":false,"footnotes":""},"categories":[136,5,164],"tags":[],"class_list":["post-5327","post","type-post","status-publish","format-standard","has-post-thumbnail","hentry","category-arraial-do-cabo","category-lugares-para-conhecer-no-rio-de-janeiro","category-rio-de-janeiro"],"yoast_head":"<!-- This site is optimized with the Yoast SEO plugin v27.4 - https:\/\/yoast.com\/product\/yoast-seo-wordpress\/ -->\n<title>Transfer Rio de Janeiro para Arraial do Cabo: por que escolher essa op\u00e7\u00e3o no Carnaval? - In B\u00fazios<\/title>\n<meta name=\"description\" content=\"Descubra como o transfer Rio de Janeiro para Arraial do Cabo pode facilitar a sua vida neste Carnaval e curta a folia com seguran\u00e7a!\" \/>\n<meta name=\"robots\" content=\"index, follow, max-snippet:-1, max-image-preview:large, max-video-preview:-1\" \/>\n<link rel=\"canonical\" href=\"https:\/\/inbuzios.com.br\/blog\/2025\/02\/15\/transfer-rio-de-janeiro-para-arraial-do-cabo-por-que-escolher-essa-opcao-no-carnaval\/\" \/>\n<meta property=\"og:locale\" content=\"pt_BR\" \/>\n<meta property=\"og:type\" content=\"article\" \/>\n<meta property=\"og:title\" content=\"Transfer Rio de Janeiro para Arraial do Cabo: por que escolher essa op\u00e7\u00e3o no Carnaval? - In B\u00fazios\" \/>\n<meta property=\"og:description\" content=\"Descubra como o transfer Rio de Janeiro para Arraial do Cabo pode facilitar a sua vida neste Carnaval e curta a folia com seguran\u00e7a!\" \/>\n<meta property=\"og:url\" content=\"https:\/\/inbuzios.com.br\/blog\/2025\/02\/15\/transfer-rio-de-janeiro-para-arraial-do-cabo-por-que-escolher-essa-opcao-no-carnaval\/\" \/>\n<meta property=\"og:site_name\" content=\"In B\u00fazios\" \/>\n<meta property=\"article:published_time\" content=\"2025-02-15T12:18:17+00:00\" \/>\n<meta property=\"article:modified_time\" content=\"2025-03-05T18:32:20+00:00\" \/>\n<meta property=\"og:image\" content=\"https:\/\/inbuzios.com.br\/blog\/wp-content\/uploads\/2025\/03\/Thiago-Freitas-MTUR-Divulgacao.png\" \/>\n\t<meta property=\"og:image:width\" content=\"1200\" \/>\n\t<meta property=\"og:image:height\" content=\"800\" \/>\n\t<meta property=\"og:image:type\" content=\"image\/png\" \/>\n<meta name=\"author\" content=\"Administrador InBuzios\" \/>\n<meta name=\"twitter:card\" content=\"summary_large_image\" \/>\n<meta name=\"twitter:label1\" content=\"Escrito por\" \/>\n\t<meta name=\"twitter:data1\" content=\"Administrador InBuzios\" \/>\n\t<meta name=\"twitter:label2\" content=\"Est. tempo de leitura\" \/>\n\t<meta name=\"twitter:data2\" content=\"6 minutos\" \/>\n<script type=\"application\/ld+json\" class=\"yoast-schema-graph\">{\"@context\":\"https:\\\/\\\/schema.org\",\"@graph\":[{\"@type\":\"Article\",\"@id\":\"https:\\\/\\\/inbuzios.com.br\\\/blog\\\/2025\\\/02\\\/15\\\/transfer-rio-de-janeiro-para-arraial-do-cabo-por-que-escolher-essa-opcao-no-carnaval\\\/#article\",\"isPartOf\":{\"@id\":\"https:\\\/\\\/inbuzios.com.br\\\/blog\\\/2025\\\/02\\\/15\\\/transfer-rio-de-janeiro-para-arraial-do-cabo-por-que-escolher-essa-opcao-no-carnaval\\\/\"},\"author\":{\"name\":\"Administrador InBuzios\",\"@id\":\"https:\\\/\\\/inbuzios.com.br\\\/blog\\\/#\\\/schema\\\/person\\\/bbea7ab9669a1a34c0a5ca8af89947e4\"},\"headline\":\"Transfer Rio de Janeiro para Arraial do Cabo: por que escolher essa op\u00e7\u00e3o no Carnaval?\",\"datePublished\":\"2025-02-15T12:18:17+00:00\",\"dateModified\":\"2025-03-05T18:32:20+00:00\",\"mainEntityOfPage\":{\"@id\":\"https:\\\/\\\/inbuzios.com.br\\\/blog\\\/2025\\\/02\\\/15\\\/transfer-rio-de-janeiro-para-arraial-do-cabo-por-que-escolher-essa-opcao-no-carnaval\\\/\"},\"wordCount\":913,\"commentCount\":0,\"image\":{\"@id\":\"https:\\\/\\\/inbuzios.com.br\\\/blog\\\/2025\\\/02\\\/15\\\/transfer-rio-de-janeiro-para-arraial-do-cabo-por-que-escolher-essa-opcao-no-carnaval\\\/#primaryimage\"},\"thumbnailUrl\":\"https:\\\/\\\/inbuzios.com.br\\\/blog\\\/wp-content\\\/uploads\\\/2025\\\/03\\\/Thiago-Freitas-MTUR-Divulgacao.png\",\"articleSection\":[\"Arraial do Cabo\",\"Lugares para conhecer no Rio de Janeiro\",\"Rio de Janeiro\"],\"inLanguage\":\"pt-BR\",\"potentialAction\":[{\"@type\":\"CommentAction\",\"name\":\"Comment\",\"target\":[\"https:\\\/\\\/inbuzios.com.br\\\/blog\\\/2025\\\/02\\\/15\\\/transfer-rio-de-janeiro-para-arraial-do-cabo-por-que-escolher-essa-opcao-no-carnaval\\\/#respond\"]}]},{\"@type\":\"WebPage\",\"@id\":\"https:\\\/\\\/inbuzios.com.br\\\/blog\\\/2025\\\/02\\\/15\\\/transfer-rio-de-janeiro-para-arraial-do-cabo-por-que-escolher-essa-opcao-no-carnaval\\\/\",\"url\":\"https:\\\/\\\/inbuzios.com.br\\\/blog\\\/2025\\\/02\\\/15\\\/transfer-rio-de-janeiro-para-arraial-do-cabo-por-que-escolher-essa-opcao-no-carnaval\\\/\",\"name\":\"Transfer Rio de Janeiro para Arraial do Cabo: por que escolher essa op\u00e7\u00e3o no Carnaval? - In B\u00fazios\",\"isPartOf\":{\"@id\":\"https:\\\/\\\/inbuzios.com.br\\\/blog\\\/#website\"},\"primaryImageOfPage\":{\"@id\":\"https:\\\/\\\/inbuzios.com.br\\\/blog\\\/2025\\\/02\\\/15\\\/transfer-rio-de-janeiro-para-arraial-do-cabo-por-que-escolher-essa-opcao-no-carnaval\\\/#primaryimage\"},\"image\":{\"@id\":\"https:\\\/\\\/inbuzios.com.br\\\/blog\\\/2025\\\/02\\\/15\\\/transfer-rio-de-janeiro-para-arraial-do-cabo-por-que-escolher-essa-opcao-no-carnaval\\\/#primaryimage\"},\"thumbnailUrl\":\"https:\\\/\\\/inbuzios.com.br\\\/blog\\\/wp-content\\\/uploads\\\/2025\\\/03\\\/Thiago-Freitas-MTUR-Divulgacao.png\",\"datePublished\":\"2025-02-15T12:18:17+00:00\",\"dateModified\":\"2025-03-05T18:32:20+00:00\",\"author\":{\"@id\":\"https:\\\/\\\/inbuzios.com.br\\\/blog\\\/#\\\/schema\\\/person\\\/bbea7ab9669a1a34c0a5ca8af89947e4\"},\"description\":\"Descubra como o transfer Rio de Janeiro para Arraial do Cabo pode facilitar a sua vida neste Carnaval e curta a folia com seguran\u00e7a!\",\"breadcrumb\":{\"@id\":\"https:\\\/\\\/inbuzios.com.br\\\/blog\\\/2025\\\/02\\\/15\\\/transfer-rio-de-janeiro-para-arraial-do-cabo-por-que-escolher-essa-opcao-no-carnaval\\\/#breadcrumb\"},\"inLanguage\":\"pt-BR\",\"potentialAction\":[{\"@type\":\"ReadAction\",\"target\":[\"https:\\\/\\\/inbuzios.com.br\\\/blog\\\/2025\\\/02\\\/15\\\/transfer-rio-de-janeiro-para-arraial-do-cabo-por-que-escolher-essa-opcao-no-carnaval\\\/\"]}]},{\"@type\":\"ImageObject\",\"inLanguage\":\"pt-BR\",\"@id\":\"https:\\\/\\\/inbuzios.com.br\\\/blog\\\/2025\\\/02\\\/15\\\/transfer-rio-de-janeiro-para-arraial-do-cabo-por-que-escolher-essa-opcao-no-carnaval\\\/#primaryimage\",\"url\":\"https:\\\/\\\/inbuzios.com.br\\\/blog\\\/wp-content\\\/uploads\\\/2025\\\/03\\\/Thiago-Freitas-MTUR-Divulgacao.png\",\"contentUrl\":\"https:\\\/\\\/inbuzios.com.br\\\/blog\\\/wp-content\\\/uploads\\\/2025\\\/03\\\/Thiago-Freitas-MTUR-Divulgacao.png\",\"width\":1200,\"height\":800},{\"@type\":\"BreadcrumbList\",\"@id\":\"https:\\\/\\\/inbuzios.com.br\\\/blog\\\/2025\\\/02\\\/15\\\/transfer-rio-de-janeiro-para-arraial-do-cabo-por-que-escolher-essa-opcao-no-carnaval\\\/#breadcrumb\",\"itemListElement\":[{\"@type\":\"ListItem\",\"position\":1,\"name\":\"In\u00edcio\",\"item\":\"https:\\\/\\\/inbuzios.com.br\\\/blog\\\/\"},{\"@type\":\"ListItem\",\"position\":2,\"name\":\"Transfer Rio de Janeiro para Arraial do Cabo: por que escolher essa op\u00e7\u00e3o no Carnaval?\"}]},{\"@type\":\"WebSite\",\"@id\":\"https:\\\/\\\/inbuzios.com.br\\\/blog\\\/#website\",\"url\":\"https:\\\/\\\/inbuzios.com.br\\\/blog\\\/\",\"name\":\"In B\u00fazios\",\"description\":\"Turismo Receptivo\",\"potentialAction\":[{\"@type\":\"SearchAction\",\"target\":{\"@type\":\"EntryPoint\",\"urlTemplate\":\"https:\\\/\\\/inbuzios.com.br\\\/blog\\\/?s={search_term_string}\"},\"query-input\":{\"@type\":\"PropertyValueSpecification\",\"valueRequired\":true,\"valueName\":\"search_term_string\"}}],\"inLanguage\":\"pt-BR\"},{\"@type\":\"Person\",\"@id\":\"https:\\\/\\\/inbuzios.com.br\\\/blog\\\/#\\\/schema\\\/person\\\/bbea7ab9669a1a34c0a5ca8af89947e4\",\"name\":\"Administrador InBuzios\",\"image\":{\"@type\":\"ImageObject\",\"inLanguage\":\"pt-BR\",\"@id\":\"https:\\\/\\\/secure.gravatar.com\\\/avatar\\\/8b70eaa2d258abec51683c3d2372e954b262626305a737d15b94d7bd297bbd7b?s=96&d=mm&r=g\",\"url\":\"https:\\\/\\\/secure.gravatar.com\\\/avatar\\\/8b70eaa2d258abec51683c3d2372e954b262626305a737d15b94d7bd297bbd7b?s=96&d=mm&r=g\",\"contentUrl\":\"https:\\\/\\\/secure.gravatar.com\\\/avatar\\\/8b70eaa2d258abec51683c3d2372e954b262626305a737d15b94d7bd297bbd7b?s=96&d=mm&r=g\",\"caption\":\"Administrador InBuzios\"},\"sameAs\":[\"http:\\\/\\\/www.inbuzios.com\"],\"url\":\"https:\\\/\\\/inbuzios.com.br\\\/blog\\\/author\\\/inbuzios\\\/\"}]}<\/script>\n<!-- \/ Yoast SEO plugin. -->","yoast_head_json":{"title":"Transfer Rio de Janeiro para Arraial do Cabo: por que escolher essa op\u00e7\u00e3o no Carnaval? - In B\u00fazios","description":"Descubra como o transfer Rio de Janeiro para Arraial do Cabo pode facilitar a sua vida neste Carnaval e curta a folia com seguran\u00e7a!","robots":{"index":"index","follow":"follow","max-snippet":"max-snippet:-1","max-image-preview":"max-image-preview:large","max-video-preview":"max-video-preview:-1"},"canonical":"https:\/\/inbuzios.com.br\/blog\/2025\/02\/15\/transfer-rio-de-janeiro-para-arraial-do-cabo-por-que-escolher-essa-opcao-no-carnaval\/","og_locale":"pt_BR","og_type":"article","og_title":"Transfer Rio de Janeiro para Arraial do Cabo: por que escolher essa op\u00e7\u00e3o no Carnaval? - In B\u00fazios","og_description":"Descubra como o transfer Rio de Janeiro para Arraial do Cabo pode facilitar a sua vida neste Carnaval e curta a folia com seguran\u00e7a!","og_url":"https:\/\/inbuzios.com.br\/blog\/2025\/02\/15\/transfer-rio-de-janeiro-para-arraial-do-cabo-por-que-escolher-essa-opcao-no-carnaval\/","og_site_name":"In B\u00fazios","article_published_time":"2025-02-15T12:18:17+00:00","article_modified_time":"2025-03-05T18:32:20+00:00","og_image":[{"width":1200,"height":800,"url":"https:\/\/inbuzios.com.br\/blog\/wp-content\/uploads\/2025\/03\/Thiago-Freitas-MTUR-Divulgacao.png","type":"image\/png"}],"author":"Administrador InBuzios","twitter_card":"summary_large_image","twitter_misc":{"Escrito por":"Administrador InBuzios","Est. tempo de leitura":"6 minutos"},"schema":{"@context":"https:\/\/schema.org","@graph":[{"@type":"Article","@id":"https:\/\/inbuzios.com.br\/blog\/2025\/02\/15\/transfer-rio-de-janeiro-para-arraial-do-cabo-por-que-escolher-essa-opcao-no-carnaval\/#article","isPartOf":{"@id":"https:\/\/inbuzios.com.br\/blog\/2025\/02\/15\/transfer-rio-de-janeiro-para-arraial-do-cabo-por-que-escolher-essa-opcao-no-carnaval\/"},"author":{"name":"Administrador InBuzios","@id":"https:\/\/inbuzios.com.br\/blog\/#\/schema\/person\/bbea7ab9669a1a34c0a5ca8af89947e4"},"headline":"Transfer Rio de Janeiro para Arraial do Cabo: por que escolher essa op\u00e7\u00e3o no Carnaval?","datePublished":"2025-02-15T12:18:17+00:00","dateModified":"2025-03-05T18:32:20+00:00","mainEntityOfPage":{"@id":"https:\/\/inbuzios.com.br\/blog\/2025\/02\/15\/transfer-rio-de-janeiro-para-arraial-do-cabo-por-que-escolher-essa-opcao-no-carnaval\/"},"wordCount":913,"commentCount":0,"image":{"@id":"https:\/\/inbuzios.com.br\/blog\/2025\/02\/15\/transfer-rio-de-janeiro-para-arraial-do-cabo-por-que-escolher-essa-opcao-no-carnaval\/#primaryimage"},"thumbnailUrl":"https:\/\/inbuzios.com.br\/blog\/wp-content\/uploads\/2025\/03\/Thiago-Freitas-MTUR-Divulgacao.png","articleSection":["Arraial do Cabo","Lugares para conhecer no Rio de Janeiro","Rio de Janeiro"],"inLanguage":"pt-BR","potentialAction":[{"@type":"CommentAction","name":"Comment","target":["https:\/\/inbuzios.com.br\/blog\/2025\/02\/15\/transfer-rio-de-janeiro-para-arraial-do-cabo-por-que-escolher-essa-opcao-no-carnaval\/#respond"]}]},{"@type":"WebPage","@id":"https:\/\/inbuzios.com.br\/blog\/2025\/02\/15\/transfer-rio-de-janeiro-para-arraial-do-cabo-por-que-escolher-essa-opcao-no-carnaval\/","url":"https:\/\/inbuzios.com.br\/blog\/2025\/02\/15\/transfer-rio-de-janeiro-para-arraial-do-cabo-por-que-escolher-essa-opcao-no-carnaval\/","name":"Transfer Rio de Janeiro para Arraial do Cabo: por que escolher essa op\u00e7\u00e3o no Carnaval? - In B\u00fazios","isPartOf":{"@id":"https:\/\/inbuzios.com.br\/blog\/#website"},"primaryImageOfPage":{"@id":"https:\/\/inbuzios.com.br\/blog\/2025\/02\/15\/transfer-rio-de-janeiro-para-arraial-do-cabo-por-que-escolher-essa-opcao-no-carnaval\/#primaryimage"},"image":{"@id":"https:\/\/inbuzios.com.br\/blog\/2025\/02\/15\/transfer-rio-de-janeiro-para-arraial-do-cabo-por-que-escolher-essa-opcao-no-carnaval\/#primaryimage"},"thumbnailUrl":"https:\/\/inbuzios.com.br\/blog\/wp-content\/uploads\/2025\/03\/Thiago-Freitas-MTUR-Divulgacao.png","datePublished":"2025-02-15T12:18:17+00:00","dateModified":"2025-03-05T18:32:20+00:00","author":{"@id":"https:\/\/inbuzios.com.br\/blog\/#\/schema\/person\/bbea7ab9669a1a34c0a5ca8af89947e4"},"description":"Descubra como o transfer Rio de Janeiro para Arraial do Cabo pode facilitar a sua vida neste Carnaval e curta a folia com seguran\u00e7a!","breadcrumb":{"@id":"https:\/\/inbuzios.com.br\/blog\/2025\/02\/15\/transfer-rio-de-janeiro-para-arraial-do-cabo-por-que-escolher-essa-opcao-no-carnaval\/#breadcrumb"},"inLanguage":"pt-BR","potentialAction":[{"@type":"ReadAction","target":["https:\/\/inbuzios.com.br\/blog\/2025\/02\/15\/transfer-rio-de-janeiro-para-arraial-do-cabo-por-que-escolher-essa-opcao-no-carnaval\/"]}]},{"@type":"ImageObject","inLanguage":"pt-BR","@id":"https:\/\/inbuzios.com.br\/blog\/2025\/02\/15\/transfer-rio-de-janeiro-para-arraial-do-cabo-por-que-escolher-essa-opcao-no-carnaval\/#primaryimage","url":"https:\/\/inbuzios.com.br\/blog\/wp-content\/uploads\/2025\/03\/Thiago-Freitas-MTUR-Divulgacao.png","contentUrl":"https:\/\/inbuzios.com.br\/blog\/wp-content\/uploads\/2025\/03\/Thiago-Freitas-MTUR-Divulgacao.png","width":1200,"height":800},{"@type":"BreadcrumbList","@id":"https:\/\/inbuzios.com.br\/blog\/2025\/02\/15\/transfer-rio-de-janeiro-para-arraial-do-cabo-por-que-escolher-essa-opcao-no-carnaval\/#breadcrumb","itemListElement":[{"@type":"ListItem","position":1,"name":"In\u00edcio","item":"https:\/\/inbuzios.com.br\/blog\/"},{"@type":"ListItem","position":2,"name":"Transfer Rio de Janeiro para Arraial do Cabo: por que escolher essa op\u00e7\u00e3o no Carnaval?"}]},{"@type":"WebSite","@id":"https:\/\/inbuzios.com.br\/blog\/#website","url":"https:\/\/inbuzios.com.br\/blog\/","name":"In B\u00fazios","description":"Turismo Receptivo","potentialAction":[{"@type":"SearchAction","target":{"@type":"EntryPoint","urlTemplate":"https:\/\/inbuzios.com.br\/blog\/?s={search_term_string}"},"query-input":{"@type":"PropertyValueSpecification","valueRequired":true,"valueName":"search_term_string"}}],"inLanguage":"pt-BR"},{"@type":"Person","@id":"https:\/\/inbuzios.com.br\/blog\/#\/schema\/person\/bbea7ab9669a1a34c0a5ca8af89947e4","name":"Administrador InBuzios","image":{"@type":"ImageObject","inLanguage":"pt-BR","@id":"https:\/\/secure.gravatar.com\/avatar\/8b70eaa2d258abec51683c3d2372e954b262626305a737d15b94d7bd297bbd7b?s=96&d=mm&r=g","url":"https:\/\/secure.gravatar.com\/avatar\/8b70eaa2d258abec51683c3d2372e954b262626305a737d15b94d7bd297bbd7b?s=96&d=mm&r=g","contentUrl":"https:\/\/secure.gravatar.com\/avatar\/8b70eaa2d258abec51683c3d2372e954b262626305a737d15b94d7bd297bbd7b?s=96&d=mm&r=g","caption":"Administrador InBuzios"},"sameAs":["http:\/\/www.inbuzios.com"],"url":"https:\/\/inbuzios.com.br\/blog\/author\/inbuzios\/"}]}},"jetpack_featured_media_url":"https:\/\/inbuzios.com.br\/blog\/wp-content\/uploads\/2025\/03\/Thiago-Freitas-MTUR-Divulgacao.png","jetpack_sharing_enabled":true,"amp_enabled":true,"_links":{"self":[{"href":"https:\/\/inbuzios.com.br\/blog\/wp-json\/wp\/v2\/posts\/5327","targetHints":{"allow":["GET"]}}],"collection":[{"href":"https:\/\/inbuzios.com.br\/blog\/wp-json\/wp\/v2\/posts"}],"about":[{"href":"https:\/\/inbuzios.com.br\/blog\/wp-json\/wp\/v2\/types\/post"}],"author":[{"embeddable":true,"href":"https:\/\/inbuzios.com.br\/blog\/wp-json\/wp\/v2\/users\/2"}],"replies":[{"embeddable":true,"href":"https:\/\/inbuzios.com.br\/blog\/wp-json\/wp\/v2\/comments?post=5327"}],"version-history":[{"count":1,"href":"https:\/\/inbuzios.com.br\/blog\/wp-json\/wp\/v2\/posts\/5327\/revisions"}],"predecessor-version":[{"id":5334,"href":"https:\/\/inbuzios.com.br\/blog\/wp-json\/wp\/v2\/posts\/5327\/revisions\/5334"}],"wp:featuredmedia":[{"embeddable":true,"href":"https:\/\/inbuzios.com.br\/blog\/wp-json\/wp\/v2\/media\/5330"}],"wp:attachment":[{"href":"https:\/\/inbuzios.com.br\/blog\/wp-json\/wp\/v2\/media?parent=5327"}],"wp:term":[{"taxonomy":"category","embeddable":true,"href":"https:\/\/inbuzios.com.br\/blog\/wp-json\/wp\/v2\/categories?post=5327"},{"taxonomy":"post_tag","embeddable":true,"href":"https:\/\/inbuzios.com.br\/blog\/wp-json\/wp\/v2\/tags?post=5327"}],"curies":[{"name":"wp","href":"https:\/\/api.w.org\/{rel}","templated":true}]}}