{"id":5349,"date":"2025-01-10T12:45:35","date_gmt":"2025-01-10T12:45:35","guid":{"rendered":"https:\/\/inbuzios.com.br\/blog\/?p=5349"},"modified":"2025-03-05T18:49:11","modified_gmt":"2025-03-05T18:49:11","slug":"verao-no-rio-de-janeiro-explore-arraial-do-cabo-com-passeios-imperdiveis","status":"publish","type":"post","link":"https:\/\/inbuzios.com.br\/blog\/2025\/01\/10\/verao-no-rio-de-janeiro-explore-arraial-do-cabo-com-passeios-imperdiveis\/","title":{"rendered":"Ver\u00e3o no Rio de Janeiro: explore Arraial do Cabo com passeios imperd\u00edveis"},"content":{"rendered":"<p><span style=\"font-weight: 400;\">Dias ensolarados, mar azul e paisagens que impressionam: o ver\u00e3o no Rio de Janeiro \u00e9 a <\/span><b>\u00e9poca perfeita para explorar o destino Arraial do Cabo<\/b><span style=\"font-weight: 400;\">. Um destino que combina aventura e tranquilidade. Conhecida como a &#8220;capital nacional do mergulho&#8221;, a cidade atrai quem busca contato com a natureza e experi\u00eancias inesquec\u00edveis. E <\/span><b>a melhor forma de chegar l\u00e1? Com um transfer confort\u00e1vel<\/b><span style=\"font-weight: 400;\">, garantindo uma viagem tranquila e sem preocupa\u00e7\u00f5es.<\/span><\/p>\n<h2><b>Como aproveitar Arraial do Cabo ao m\u00e1ximo<\/b><\/h2>\n<p><span style=\"font-weight: 400;\">Al\u00e9m das praias de areias brancas e mar azul-turquesa, Arraial do Cabo oferece uma s\u00e9rie de passeios imperd\u00edveis durante o ver\u00e3o no Rio de Janeiro. Seja explorando os pontos ic\u00f4nicos de barco, mergulhando em suas \u00e1guas cristalinas ou se aventurando em um passeio de quadriciclo, <\/span><b>a cidade tem op\u00e7\u00f5es para todos os estilos de viajantes<\/b><span style=\"font-weight: 400;\">.<\/span><\/p>\n<p><img loading=\"lazy\" decoding=\"async\" class=\"alignleft size-full wp-image-5351\" src=\"https:\/\/inbuzios.com.br\/blog\/wp-content\/uploads\/2025\/03\/2.jpg\" alt=\"\" width=\"1200\" height=\"800\" srcset=\"https:\/\/inbuzios.com.br\/blog\/wp-content\/uploads\/2025\/03\/2.jpg 1200w, https:\/\/inbuzios.com.br\/blog\/wp-content\/uploads\/2025\/03\/2-300x200.jpg 300w, https:\/\/inbuzios.com.br\/blog\/wp-content\/uploads\/2025\/03\/2-1024x683.jpg 1024w, https:\/\/inbuzios.com.br\/blog\/wp-content\/uploads\/2025\/03\/2-768x512.jpg 768w, https:\/\/inbuzios.com.br\/blog\/wp-content\/uploads\/2025\/03\/2-600x400.jpg 600w\" sizes=\"auto, (max-width: 1200px) 100vw, 1200px\" \/><\/p>\n<h2><b>Passeio de barco: a melhor forma de conhecer Arraial<\/b><\/h2>\n<p><span style=\"font-weight: 400;\">O passeio de barco \u00e9 uma das experi\u00eancias mais buscadas por turistas e n\u00e3o \u00e9 \u00e0 toa. A bordo, voc\u00ea pode explorar lugares ic\u00f4nicos como:<\/span><\/p>\n<h3><b>Ilha do Farol<\/b><\/h3>\n<p><img loading=\"lazy\" decoding=\"async\" class=\"alignleft size-full wp-image-5352\" src=\"https:\/\/inbuzios.com.br\/blog\/wp-content\/uploads\/2025\/03\/3.jpg\" alt=\"\" width=\"1200\" height=\"800\" srcset=\"https:\/\/inbuzios.com.br\/blog\/wp-content\/uploads\/2025\/03\/3.jpg 1200w, https:\/\/inbuzios.com.br\/blog\/wp-content\/uploads\/2025\/03\/3-300x200.jpg 300w, https:\/\/inbuzios.com.br\/blog\/wp-content\/uploads\/2025\/03\/3-1024x683.jpg 1024w, https:\/\/inbuzios.com.br\/blog\/wp-content\/uploads\/2025\/03\/3-768x512.jpg 768w, https:\/\/inbuzios.com.br\/blog\/wp-content\/uploads\/2025\/03\/3-600x400.jpg 600w\" sizes=\"auto, (max-width: 1200px) 100vw, 1200px\" \/><\/p>\n<p><span style=\"font-weight: 400;\">Um dos locais mais preservados do Brasil, <\/span><b>acess\u00edvel apenas com autoriza\u00e7\u00e3o da Marinha<\/b><span style=\"font-weight: 400;\">, garantindo que sua beleza permane\u00e7a intocada. Com areias finas e \u00e1guas incrivelmente claras, a praia \u00e9 um convite para um mergulho relaxante e uma experi\u00eancia \u00fanica em meio \u00e0 natureza protegida. Ideal para quem vai curtir o ver\u00e3o no Rio de Janeiro.<\/span><\/p>\n<h3><b>Gruta Azul<\/b><\/h3>\n<p><img loading=\"lazy\" decoding=\"async\" class=\"alignleft size-full wp-image-5353\" src=\"https:\/\/inbuzios.com.br\/blog\/wp-content\/uploads\/2025\/03\/4.jpg\" alt=\"\" width=\"1200\" height=\"800\" srcset=\"https:\/\/inbuzios.com.br\/blog\/wp-content\/uploads\/2025\/03\/4.jpg 1200w, https:\/\/inbuzios.com.br\/blog\/wp-content\/uploads\/2025\/03\/4-300x200.jpg 300w, https:\/\/inbuzios.com.br\/blog\/wp-content\/uploads\/2025\/03\/4-1024x683.jpg 1024w, https:\/\/inbuzios.com.br\/blog\/wp-content\/uploads\/2025\/03\/4-768x512.jpg 768w, https:\/\/inbuzios.com.br\/blog\/wp-content\/uploads\/2025\/03\/4-600x400.jpg 600w\" sizes=\"auto, (max-width: 1200px) 100vw, 1200px\" \/><\/p>\n<p><b>Uma das forma\u00e7\u00f5es naturais mais impressionantes da regi\u00e3o<\/b><span style=\"font-weight: 400;\">, com um grande sal\u00e3o rochoso iluminado pela luz do sol que reflete nas \u00e1guas azul-turquesa. Esse fen\u00f4meno cria um efeito luminoso m\u00e1gico, tornando a parada na gruta um dos momentos mais marcantes do passeio.<\/span><\/p>\n<p><b>Leia tamb\u00e9m: <\/b><a href=\"https:\/\/inbuzios.com.br\/blog\/2023\/12\/21\/buzios-melhores-atracoes-e-passeios-para-curtir-em-familia\/\"><b>B\u00fazios: melhores atra\u00e7\u00f5es e passeios para curtir em fam\u00edlia<\/b><\/a><\/p>\n<h3><b>Fenda de Nossa Senhora<\/b><\/h3>\n<p><img loading=\"lazy\" decoding=\"async\" class=\"alignleft size-full wp-image-5354\" src=\"https:\/\/inbuzios.com.br\/blog\/wp-content\/uploads\/2025\/03\/5.jpg\" alt=\"\" width=\"1200\" height=\"800\" srcset=\"https:\/\/inbuzios.com.br\/blog\/wp-content\/uploads\/2025\/03\/5.jpg 1200w, https:\/\/inbuzios.com.br\/blog\/wp-content\/uploads\/2025\/03\/5-300x200.jpg 300w, https:\/\/inbuzios.com.br\/blog\/wp-content\/uploads\/2025\/03\/5-1024x683.jpg 1024w, https:\/\/inbuzios.com.br\/blog\/wp-content\/uploads\/2025\/03\/5-768x512.jpg 768w, https:\/\/inbuzios.com.br\/blog\/wp-content\/uploads\/2025\/03\/5-600x400.jpg 600w\" sizes=\"auto, (max-width: 1200px) 100vw, 1200px\" \/><\/p>\n<p><span style=\"font-weight: 400;\">Um local cheio de simbolismo, essa imponente forma\u00e7\u00e3o rochosa recebe esse nome devido \u00e0 imagem da santa encontrada no local. Al\u00e9m do valor cultural, a fenda proporciona uma vista espetacular e \u00e9 <\/span><b>um dos pontos mais fotografados de Arraial do Cabo<\/b><span style=\"font-weight: 400;\">.<\/span><\/p>\n<h3><b>Prainhas do Pontal do Atalaia<\/b><\/h3>\n<p><img loading=\"lazy\" decoding=\"async\" class=\"alignleft size-full wp-image-5355\" src=\"https:\/\/inbuzios.com.br\/blog\/wp-content\/uploads\/2025\/03\/6.jpg\" alt=\"\" width=\"1200\" height=\"800\" srcset=\"https:\/\/inbuzios.com.br\/blog\/wp-content\/uploads\/2025\/03\/6.jpg 1200w, https:\/\/inbuzios.com.br\/blog\/wp-content\/uploads\/2025\/03\/6-300x200.jpg 300w, https:\/\/inbuzios.com.br\/blog\/wp-content\/uploads\/2025\/03\/6-1024x683.jpg 1024w, https:\/\/inbuzios.com.br\/blog\/wp-content\/uploads\/2025\/03\/6-768x512.jpg 768w, https:\/\/inbuzios.com.br\/blog\/wp-content\/uploads\/2025\/03\/6-600x400.jpg 600w\" sizes=\"auto, (max-width: 1200px) 100vw, 1200px\" \/><\/p>\n<p><span style=\"font-weight: 400;\">Conhecida por suas \u00e1guas calmas e areia branca, <\/span><b>essa praia \u00e9 acess\u00edvel por barco ou por uma famosa escadaria<\/b><span style=\"font-weight: 400;\"> que leva ao para\u00edso. O cen\u00e1rio paradis\u00edaco e a tranquilidade fazem dela <\/span><b>um dos destinos mais procurados por quem deseja relaxar<\/b><span style=\"font-weight: 400;\"> e aproveitar a beleza natural de Arraial do Cabo, inclusive durante o ver\u00e3o no Rio de Janeiro.<\/span><\/p>\n<p><span style=\"font-weight: 400;\">Com paradas para banho e tempo suficiente para aproveitar cada local, o passeio de barco \u00e9 ideal para quem deseja conhecer o melhor de Arraial do Cabo sem pressa.<\/span><\/p>\n<h2><b>Mergulho: descubra a vida marinha de Arraial<\/b><\/h2>\n<p><img loading=\"lazy\" decoding=\"async\" class=\"alignleft size-full wp-image-5356\" src=\"https:\/\/inbuzios.com.br\/blog\/wp-content\/uploads\/2025\/03\/7.jpg\" alt=\"\" width=\"1200\" height=\"800\" srcset=\"https:\/\/inbuzios.com.br\/blog\/wp-content\/uploads\/2025\/03\/7.jpg 1200w, https:\/\/inbuzios.com.br\/blog\/wp-content\/uploads\/2025\/03\/7-300x200.jpg 300w, https:\/\/inbuzios.com.br\/blog\/wp-content\/uploads\/2025\/03\/7-1024x683.jpg 1024w, https:\/\/inbuzios.com.br\/blog\/wp-content\/uploads\/2025\/03\/7-768x512.jpg 768w, https:\/\/inbuzios.com.br\/blog\/wp-content\/uploads\/2025\/03\/7-600x400.jpg 600w\" sizes=\"auto, (max-width: 1200px) 100vw, 1200px\" \/><\/p>\n<p><span style=\"font-weight: 400;\">Se existe um lugar no Brasil perfeito para o mergulho, \u00e9 Arraial do Cabo. As \u00e1guas cristalinas e a riqueza marinha fazem da cidade um dos melhores pontos do pa\u00eds para essa atividade. <\/span><b>Peixes coloridos, tartarugas e at\u00e9 golfinhos podem ser vistos em diferentes pontos de mergulho<\/b><span style=\"font-weight: 400;\">.<\/span><\/p>\n<p><span style=\"font-weight: 400;\">Para quem n\u00e3o tem experi\u00eancia, h\u00e1 op\u00e7\u00f5es de batismo com instrutores experientes, garantindo seguran\u00e7a e uma experi\u00eancia inesquec\u00edvel durante o ver\u00e3o no Rio de Janeiro.<\/span><\/p>\n<p><b>Voc\u00ea pode gostar: <\/b><a href=\"https:\/\/inbuzios.com.br\/blog\/2024\/09\/30\/aulas-de-surf-em-buzios\/\"><b>Aulas de surf: onde aprender a surfar em B\u00fazios<\/b><\/a><\/p>\n<h2><b>Conforto e seguran\u00e7a na sua viagem<\/b><\/h2>\n<p><img loading=\"lazy\" decoding=\"async\" class=\"alignleft size-full wp-image-5357\" src=\"https:\/\/inbuzios.com.br\/blog\/wp-content\/uploads\/2025\/03\/8.jpg\" alt=\"\" width=\"1200\" height=\"800\" srcset=\"https:\/\/inbuzios.com.br\/blog\/wp-content\/uploads\/2025\/03\/8.jpg 1200w, https:\/\/inbuzios.com.br\/blog\/wp-content\/uploads\/2025\/03\/8-300x200.jpg 300w, https:\/\/inbuzios.com.br\/blog\/wp-content\/uploads\/2025\/03\/8-1024x683.jpg 1024w, https:\/\/inbuzios.com.br\/blog\/wp-content\/uploads\/2025\/03\/8-768x512.jpg 768w, https:\/\/inbuzios.com.br\/blog\/wp-content\/uploads\/2025\/03\/8-600x400.jpg 600w\" sizes=\"auto, (max-width: 1200px) 100vw, 1200px\" \/><\/p>\n<p><span style=\"font-weight: 400;\">Para que sua experi\u00eancia em Arraial do Cabo seja ainda mais tranquila, a <\/span><b>In B\u00fazios oferece transfers regulares e privativos<\/b><span style=\"font-weight: 400;\"> com ve\u00edculos confort\u00e1veis e motoristas experientes. Com atendimento bil\u00edngue e suporte personalizado, garantimos que sua chegada ao destino seja sem preocupa\u00e7\u00f5es e com total comodidade.<\/span><\/p>\n<h2><b>Viva essa experi\u00eancia inesquec\u00edvel!<\/b><\/h2>\n<p><span style=\"font-weight: 400;\">Arraial do Cabo \u00e9 um destino que encanta por suas paisagens e pela diversidade de atividades que proporciona. Para aproveitar cada momento do ver\u00e3o no Rio de Janeiro sem preocupa\u00e7\u00f5es, <\/span><b>contar com a In B\u00fazios faz toda a diferen\u00e7a<\/b><span style=\"font-weight: 400;\">. Nosso compromisso \u00e9 oferecer um servi\u00e7o de qualidade, garantindo que sua viagem seja segura, confort\u00e1vel e repleta de momentos inesquec\u00edveis.<\/span><\/p>\n<p><a href=\"https:\/\/www.inbuzios.com\/home\"><b>Visite nosso site<\/b><\/a><span style=\"font-weight: 400;\"> e descubra todas as maravilhas desse para\u00edso e embarque nessa jornada conosco!<\/span><\/p>\n<p><span style=\"font-weight: 400;\">Siga tamb\u00e9m a nossa p\u00e1gina no <\/span><a href=\"https:\/\/www.instagram.com\/inbuzios\" target=\"_blank\" rel=\"noopener\"><b>Instagram<\/b><\/a> <span style=\"font-weight: 400;\">para ficar sempre por dentro das novidades!<\/span><\/p>\n","protected":false},"excerpt":{"rendered":"<p>Dias ensolarados, mar azul e paisagens que impressionam: o ver\u00e3o no Rio de Janeiro \u00e9 a \u00e9poca perfeita para explorar o destino Arraial do Cabo. Um destino que combina aventura&#8230;<\/p>\n","protected":false},"author":2,"featured_media":5350,"comment_status":"open","ping_status":"open","sticky":false,"template":"","format":"standard","meta":{"_jetpack_memberships_contains_paid_content":false,"footnotes":""},"categories":[136,5,164],"tags":[],"class_list":["post-5349","post","type-post","status-publish","format-standard","has-post-thumbnail","hentry","category-arraial-do-cabo","category-lugares-para-conhecer-no-rio-de-janeiro","category-rio-de-janeiro"],"yoast_head":"<!-- This site is optimized with the Yoast SEO plugin v27.4 - https:\/\/yoast.com\/product\/yoast-seo-wordpress\/ -->\n<title>Ver\u00e3o no Rio de Janeiro: explore Arraial do Cabo com passeios imperd\u00edveis - In B\u00fazios<\/title>\n<meta name=\"robots\" content=\"index, follow, max-snippet:-1, max-image-preview:large, max-video-preview:-1\" \/>\n<link rel=\"canonical\" href=\"https:\/\/inbuzios.com.br\/blog\/2025\/01\/10\/verao-no-rio-de-janeiro-explore-arraial-do-cabo-com-passeios-imperdiveis\/\" \/>\n<meta property=\"og:locale\" content=\"pt_BR\" \/>\n<meta property=\"og:type\" content=\"article\" \/>\n<meta property=\"og:title\" content=\"Ver\u00e3o no Rio de Janeiro: explore Arraial do Cabo com passeios imperd\u00edveis - In B\u00fazios\" \/>\n<meta property=\"og:description\" content=\"Dias ensolarados, mar azul e paisagens que impressionam: o ver\u00e3o no Rio de Janeiro \u00e9 a \u00e9poca perfeita para explorar o destino Arraial do Cabo. Um destino que combina aventura...\" \/>\n<meta property=\"og:url\" content=\"https:\/\/inbuzios.com.br\/blog\/2025\/01\/10\/verao-no-rio-de-janeiro-explore-arraial-do-cabo-com-passeios-imperdiveis\/\" \/>\n<meta property=\"og:site_name\" content=\"In B\u00fazios\" \/>\n<meta property=\"article:published_time\" content=\"2025-01-10T12:45:35+00:00\" \/>\n<meta property=\"article:modified_time\" content=\"2025-03-05T18:49:11+00:00\" \/>\n<meta property=\"og:image\" content=\"https:\/\/inbuzios.com.br\/blog\/wp-content\/uploads\/2025\/03\/1.jpg\" \/>\n\t<meta property=\"og:image:width\" content=\"1200\" \/>\n\t<meta property=\"og:image:height\" content=\"800\" \/>\n\t<meta property=\"og:image:type\" content=\"image\/jpeg\" \/>\n<meta name=\"author\" content=\"Administrador InBuzios\" \/>\n<meta name=\"twitter:card\" content=\"summary_large_image\" \/>\n<meta name=\"twitter:label1\" content=\"Escrito por\" \/>\n\t<meta name=\"twitter:data1\" content=\"Administrador InBuzios\" \/>\n\t<meta name=\"twitter:label2\" content=\"Est. tempo de leitura\" \/>\n\t<meta name=\"twitter:data2\" content=\"6 minutos\" \/>\n<script type=\"application\/ld+json\" class=\"yoast-schema-graph\">{\"@context\":\"https:\\\/\\\/schema.org\",\"@graph\":[{\"@type\":\"Article\",\"@id\":\"https:\\\/\\\/inbuzios.com.br\\\/blog\\\/2025\\\/01\\\/10\\\/verao-no-rio-de-janeiro-explore-arraial-do-cabo-com-passeios-imperdiveis\\\/#article\",\"isPartOf\":{\"@id\":\"https:\\\/\\\/inbuzios.com.br\\\/blog\\\/2025\\\/01\\\/10\\\/verao-no-rio-de-janeiro-explore-arraial-do-cabo-com-passeios-imperdiveis\\\/\"},\"author\":{\"name\":\"Administrador InBuzios\",\"@id\":\"https:\\\/\\\/inbuzios.com.br\\\/blog\\\/#\\\/schema\\\/person\\\/bbea7ab9669a1a34c0a5ca8af89947e4\"},\"headline\":\"Ver\u00e3o no Rio de Janeiro: explore Arraial do Cabo com passeios imperd\u00edveis\",\"datePublished\":\"2025-01-10T12:45:35+00:00\",\"dateModified\":\"2025-03-05T18:49:11+00:00\",\"mainEntityOfPage\":{\"@id\":\"https:\\\/\\\/inbuzios.com.br\\\/blog\\\/2025\\\/01\\\/10\\\/verao-no-rio-de-janeiro-explore-arraial-do-cabo-com-passeios-imperdiveis\\\/\"},\"wordCount\":713,\"commentCount\":0,\"image\":{\"@id\":\"https:\\\/\\\/inbuzios.com.br\\\/blog\\\/2025\\\/01\\\/10\\\/verao-no-rio-de-janeiro-explore-arraial-do-cabo-com-passeios-imperdiveis\\\/#primaryimage\"},\"thumbnailUrl\":\"https:\\\/\\\/inbuzios.com.br\\\/blog\\\/wp-content\\\/uploads\\\/2025\\\/03\\\/1.jpg\",\"articleSection\":[\"Arraial do Cabo\",\"Lugares para conhecer no Rio de Janeiro\",\"Rio de Janeiro\"],\"inLanguage\":\"pt-BR\",\"potentialAction\":[{\"@type\":\"CommentAction\",\"name\":\"Comment\",\"target\":[\"https:\\\/\\\/inbuzios.com.br\\\/blog\\\/2025\\\/01\\\/10\\\/verao-no-rio-de-janeiro-explore-arraial-do-cabo-com-passeios-imperdiveis\\\/#respond\"]}]},{\"@type\":\"WebPage\",\"@id\":\"https:\\\/\\\/inbuzios.com.br\\\/blog\\\/2025\\\/01\\\/10\\\/verao-no-rio-de-janeiro-explore-arraial-do-cabo-com-passeios-imperdiveis\\\/\",\"url\":\"https:\\\/\\\/inbuzios.com.br\\\/blog\\\/2025\\\/01\\\/10\\\/verao-no-rio-de-janeiro-explore-arraial-do-cabo-com-passeios-imperdiveis\\\/\",\"name\":\"Ver\u00e3o no Rio de Janeiro: explore Arraial do Cabo com passeios imperd\u00edveis - In B\u00fazios\",\"isPartOf\":{\"@id\":\"https:\\\/\\\/inbuzios.com.br\\\/blog\\\/#website\"},\"primaryImageOfPage\":{\"@id\":\"https:\\\/\\\/inbuzios.com.br\\\/blog\\\/2025\\\/01\\\/10\\\/verao-no-rio-de-janeiro-explore-arraial-do-cabo-com-passeios-imperdiveis\\\/#primaryimage\"},\"image\":{\"@id\":\"https:\\\/\\\/inbuzios.com.br\\\/blog\\\/2025\\\/01\\\/10\\\/verao-no-rio-de-janeiro-explore-arraial-do-cabo-com-passeios-imperdiveis\\\/#primaryimage\"},\"thumbnailUrl\":\"https:\\\/\\\/inbuzios.com.br\\\/blog\\\/wp-content\\\/uploads\\\/2025\\\/03\\\/1.jpg\",\"datePublished\":\"2025-01-10T12:45:35+00:00\",\"dateModified\":\"2025-03-05T18:49:11+00:00\",\"author\":{\"@id\":\"https:\\\/\\\/inbuzios.com.br\\\/blog\\\/#\\\/schema\\\/person\\\/bbea7ab9669a1a34c0a5ca8af89947e4\"},\"breadcrumb\":{\"@id\":\"https:\\\/\\\/inbuzios.com.br\\\/blog\\\/2025\\\/01\\\/10\\\/verao-no-rio-de-janeiro-explore-arraial-do-cabo-com-passeios-imperdiveis\\\/#breadcrumb\"},\"inLanguage\":\"pt-BR\",\"potentialAction\":[{\"@type\":\"ReadAction\",\"target\":[\"https:\\\/\\\/inbuzios.com.br\\\/blog\\\/2025\\\/01\\\/10\\\/verao-no-rio-de-janeiro-explore-arraial-do-cabo-com-passeios-imperdiveis\\\/\"]}]},{\"@type\":\"ImageObject\",\"inLanguage\":\"pt-BR\",\"@id\":\"https:\\\/\\\/inbuzios.com.br\\\/blog\\\/2025\\\/01\\\/10\\\/verao-no-rio-de-janeiro-explore-arraial-do-cabo-com-passeios-imperdiveis\\\/#primaryimage\",\"url\":\"https:\\\/\\\/inbuzios.com.br\\\/blog\\\/wp-content\\\/uploads\\\/2025\\\/03\\\/1.jpg\",\"contentUrl\":\"https:\\\/\\\/inbuzios.com.br\\\/blog\\\/wp-content\\\/uploads\\\/2025\\\/03\\\/1.jpg\",\"width\":1200,\"height\":800},{\"@type\":\"BreadcrumbList\",\"@id\":\"https:\\\/\\\/inbuzios.com.br\\\/blog\\\/2025\\\/01\\\/10\\\/verao-no-rio-de-janeiro-explore-arraial-do-cabo-com-passeios-imperdiveis\\\/#breadcrumb\",\"itemListElement\":[{\"@type\":\"ListItem\",\"position\":1,\"name\":\"In\u00edcio\",\"item\":\"https:\\\/\\\/inbuzios.com.br\\\/blog\\\/\"},{\"@type\":\"ListItem\",\"position\":2,\"name\":\"Ver\u00e3o no Rio de Janeiro: explore Arraial do Cabo com passeios imperd\u00edveis\"}]},{\"@type\":\"WebSite\",\"@id\":\"https:\\\/\\\/inbuzios.com.br\\\/blog\\\/#website\",\"url\":\"https:\\\/\\\/inbuzios.com.br\\\/blog\\\/\",\"name\":\"In B\u00fazios\",\"description\":\"Turismo Receptivo\",\"potentialAction\":[{\"@type\":\"SearchAction\",\"target\":{\"@type\":\"EntryPoint\",\"urlTemplate\":\"https:\\\/\\\/inbuzios.com.br\\\/blog\\\/?s={search_term_string}\"},\"query-input\":{\"@type\":\"PropertyValueSpecification\",\"valueRequired\":true,\"valueName\":\"search_term_string\"}}],\"inLanguage\":\"pt-BR\"},{\"@type\":\"Person\",\"@id\":\"https:\\\/\\\/inbuzios.com.br\\\/blog\\\/#\\\/schema\\\/person\\\/bbea7ab9669a1a34c0a5ca8af89947e4\",\"name\":\"Administrador InBuzios\",\"image\":{\"@type\":\"ImageObject\",\"inLanguage\":\"pt-BR\",\"@id\":\"https:\\\/\\\/secure.gravatar.com\\\/avatar\\\/8b70eaa2d258abec51683c3d2372e954b262626305a737d15b94d7bd297bbd7b?s=96&d=mm&r=g\",\"url\":\"https:\\\/\\\/secure.gravatar.com\\\/avatar\\\/8b70eaa2d258abec51683c3d2372e954b262626305a737d15b94d7bd297bbd7b?s=96&d=mm&r=g\",\"contentUrl\":\"https:\\\/\\\/secure.gravatar.com\\\/avatar\\\/8b70eaa2d258abec51683c3d2372e954b262626305a737d15b94d7bd297bbd7b?s=96&d=mm&r=g\",\"caption\":\"Administrador InBuzios\"},\"sameAs\":[\"http:\\\/\\\/www.inbuzios.com\"],\"url\":\"https:\\\/\\\/inbuzios.com.br\\\/blog\\\/author\\\/inbuzios\\\/\"}]}<\/script>\n<!-- \/ Yoast SEO plugin. -->","yoast_head_json":{"title":"Ver\u00e3o no Rio de Janeiro: explore Arraial do Cabo com passeios imperd\u00edveis - In B\u00fazios","robots":{"index":"index","follow":"follow","max-snippet":"max-snippet:-1","max-image-preview":"max-image-preview:large","max-video-preview":"max-video-preview:-1"},"canonical":"https:\/\/inbuzios.com.br\/blog\/2025\/01\/10\/verao-no-rio-de-janeiro-explore-arraial-do-cabo-com-passeios-imperdiveis\/","og_locale":"pt_BR","og_type":"article","og_title":"Ver\u00e3o no Rio de Janeiro: explore Arraial do Cabo com passeios imperd\u00edveis - In B\u00fazios","og_description":"Dias ensolarados, mar azul e paisagens que impressionam: o ver\u00e3o no Rio de Janeiro \u00e9 a \u00e9poca perfeita para explorar o destino Arraial do Cabo. Um destino que combina aventura...","og_url":"https:\/\/inbuzios.com.br\/blog\/2025\/01\/10\/verao-no-rio-de-janeiro-explore-arraial-do-cabo-com-passeios-imperdiveis\/","og_site_name":"In B\u00fazios","article_published_time":"2025-01-10T12:45:35+00:00","article_modified_time":"2025-03-05T18:49:11+00:00","og_image":[{"width":1200,"height":800,"url":"https:\/\/inbuzios.com.br\/blog\/wp-content\/uploads\/2025\/03\/1.jpg","type":"image\/jpeg"}],"author":"Administrador InBuzios","twitter_card":"summary_large_image","twitter_misc":{"Escrito por":"Administrador InBuzios","Est. tempo de leitura":"6 minutos"},"schema":{"@context":"https:\/\/schema.org","@graph":[{"@type":"Article","@id":"https:\/\/inbuzios.com.br\/blog\/2025\/01\/10\/verao-no-rio-de-janeiro-explore-arraial-do-cabo-com-passeios-imperdiveis\/#article","isPartOf":{"@id":"https:\/\/inbuzios.com.br\/blog\/2025\/01\/10\/verao-no-rio-de-janeiro-explore-arraial-do-cabo-com-passeios-imperdiveis\/"},"author":{"name":"Administrador InBuzios","@id":"https:\/\/inbuzios.com.br\/blog\/#\/schema\/person\/bbea7ab9669a1a34c0a5ca8af89947e4"},"headline":"Ver\u00e3o no Rio de Janeiro: explore Arraial do Cabo com passeios imperd\u00edveis","datePublished":"2025-01-10T12:45:35+00:00","dateModified":"2025-03-05T18:49:11+00:00","mainEntityOfPage":{"@id":"https:\/\/inbuzios.com.br\/blog\/2025\/01\/10\/verao-no-rio-de-janeiro-explore-arraial-do-cabo-com-passeios-imperdiveis\/"},"wordCount":713,"commentCount":0,"image":{"@id":"https:\/\/inbuzios.com.br\/blog\/2025\/01\/10\/verao-no-rio-de-janeiro-explore-arraial-do-cabo-com-passeios-imperdiveis\/#primaryimage"},"thumbnailUrl":"https:\/\/inbuzios.com.br\/blog\/wp-content\/uploads\/2025\/03\/1.jpg","articleSection":["Arraial do Cabo","Lugares para conhecer no Rio de Janeiro","Rio de Janeiro"],"inLanguage":"pt-BR","potentialAction":[{"@type":"CommentAction","name":"Comment","target":["https:\/\/inbuzios.com.br\/blog\/2025\/01\/10\/verao-no-rio-de-janeiro-explore-arraial-do-cabo-com-passeios-imperdiveis\/#respond"]}]},{"@type":"WebPage","@id":"https:\/\/inbuzios.com.br\/blog\/2025\/01\/10\/verao-no-rio-de-janeiro-explore-arraial-do-cabo-com-passeios-imperdiveis\/","url":"https:\/\/inbuzios.com.br\/blog\/2025\/01\/10\/verao-no-rio-de-janeiro-explore-arraial-do-cabo-com-passeios-imperdiveis\/","name":"Ver\u00e3o no Rio de Janeiro: explore Arraial do Cabo com passeios imperd\u00edveis - In B\u00fazios","isPartOf":{"@id":"https:\/\/inbuzios.com.br\/blog\/#website"},"primaryImageOfPage":{"@id":"https:\/\/inbuzios.com.br\/blog\/2025\/01\/10\/verao-no-rio-de-janeiro-explore-arraial-do-cabo-com-passeios-imperdiveis\/#primaryimage"},"image":{"@id":"https:\/\/inbuzios.com.br\/blog\/2025\/01\/10\/verao-no-rio-de-janeiro-explore-arraial-do-cabo-com-passeios-imperdiveis\/#primaryimage"},"thumbnailUrl":"https:\/\/inbuzios.com.br\/blog\/wp-content\/uploads\/2025\/03\/1.jpg","datePublished":"2025-01-10T12:45:35+00:00","dateModified":"2025-03-05T18:49:11+00:00","author":{"@id":"https:\/\/inbuzios.com.br\/blog\/#\/schema\/person\/bbea7ab9669a1a34c0a5ca8af89947e4"},"breadcrumb":{"@id":"https:\/\/inbuzios.com.br\/blog\/2025\/01\/10\/verao-no-rio-de-janeiro-explore-arraial-do-cabo-com-passeios-imperdiveis\/#breadcrumb"},"inLanguage":"pt-BR","potentialAction":[{"@type":"ReadAction","target":["https:\/\/inbuzios.com.br\/blog\/2025\/01\/10\/verao-no-rio-de-janeiro-explore-arraial-do-cabo-com-passeios-imperdiveis\/"]}]},{"@type":"ImageObject","inLanguage":"pt-BR","@id":"https:\/\/inbuzios.com.br\/blog\/2025\/01\/10\/verao-no-rio-de-janeiro-explore-arraial-do-cabo-com-passeios-imperdiveis\/#primaryimage","url":"https:\/\/inbuzios.com.br\/blog\/wp-content\/uploads\/2025\/03\/1.jpg","contentUrl":"https:\/\/inbuzios.com.br\/blog\/wp-content\/uploads\/2025\/03\/1.jpg","width":1200,"height":800},{"@type":"BreadcrumbList","@id":"https:\/\/inbuzios.com.br\/blog\/2025\/01\/10\/verao-no-rio-de-janeiro-explore-arraial-do-cabo-com-passeios-imperdiveis\/#breadcrumb","itemListElement":[{"@type":"ListItem","position":1,"name":"In\u00edcio","item":"https:\/\/inbuzios.com.br\/blog\/"},{"@type":"ListItem","position":2,"name":"Ver\u00e3o no Rio de Janeiro: explore Arraial do Cabo com passeios imperd\u00edveis"}]},{"@type":"WebSite","@id":"https:\/\/inbuzios.com.br\/blog\/#website","url":"https:\/\/inbuzios.com.br\/blog\/","name":"In B\u00fazios","description":"Turismo Receptivo","potentialAction":[{"@type":"SearchAction","target":{"@type":"EntryPoint","urlTemplate":"https:\/\/inbuzios.com.br\/blog\/?s={search_term_string}"},"query-input":{"@type":"PropertyValueSpecification","valueRequired":true,"valueName":"search_term_string"}}],"inLanguage":"pt-BR"},{"@type":"Person","@id":"https:\/\/inbuzios.com.br\/blog\/#\/schema\/person\/bbea7ab9669a1a34c0a5ca8af89947e4","name":"Administrador InBuzios","image":{"@type":"ImageObject","inLanguage":"pt-BR","@id":"https:\/\/secure.gravatar.com\/avatar\/8b70eaa2d258abec51683c3d2372e954b262626305a737d15b94d7bd297bbd7b?s=96&d=mm&r=g","url":"https:\/\/secure.gravatar.com\/avatar\/8b70eaa2d258abec51683c3d2372e954b262626305a737d15b94d7bd297bbd7b?s=96&d=mm&r=g","contentUrl":"https:\/\/secure.gravatar.com\/avatar\/8b70eaa2d258abec51683c3d2372e954b262626305a737d15b94d7bd297bbd7b?s=96&d=mm&r=g","caption":"Administrador InBuzios"},"sameAs":["http:\/\/www.inbuzios.com"],"url":"https:\/\/inbuzios.com.br\/blog\/author\/inbuzios\/"}]}},"jetpack_featured_media_url":"https:\/\/inbuzios.com.br\/blog\/wp-content\/uploads\/2025\/03\/1.jpg","jetpack_sharing_enabled":true,"amp_enabled":true,"_links":{"self":[{"href":"https:\/\/inbuzios.com.br\/blog\/wp-json\/wp\/v2\/posts\/5349","targetHints":{"allow":["GET"]}}],"collection":[{"href":"https:\/\/inbuzios.com.br\/blog\/wp-json\/wp\/v2\/posts"}],"about":[{"href":"https:\/\/inbuzios.com.br\/blog\/wp-json\/wp\/v2\/types\/post"}],"author":[{"embeddable":true,"href":"https:\/\/inbuzios.com.br\/blog\/wp-json\/wp\/v2\/users\/2"}],"replies":[{"embeddable":true,"href":"https:\/\/inbuzios.com.br\/blog\/wp-json\/wp\/v2\/comments?post=5349"}],"version-history":[{"count":1,"href":"https:\/\/inbuzios.com.br\/blog\/wp-json\/wp\/v2\/posts\/5349\/revisions"}],"predecessor-version":[{"id":5358,"href":"https:\/\/inbuzios.com.br\/blog\/wp-json\/wp\/v2\/posts\/5349\/revisions\/5358"}],"wp:featuredmedia":[{"embeddable":true,"href":"https:\/\/inbuzios.com.br\/blog\/wp-json\/wp\/v2\/media\/5350"}],"wp:attachment":[{"href":"https:\/\/inbuzios.com.br\/blog\/wp-json\/wp\/v2\/media?parent=5349"}],"wp:term":[{"taxonomy":"category","embeddable":true,"href":"https:\/\/inbuzios.com.br\/blog\/wp-json\/wp\/v2\/categories?post=5349"},{"taxonomy":"post_tag","embeddable":true,"href":"https:\/\/inbuzios.com.br\/blog\/wp-json\/wp\/v2\/tags?post=5349"}],"curies":[{"name":"wp","href":"https:\/\/api.w.org\/{rel}","templated":true}]}}