{"id":5361,"date":"2025-01-17T21:42:35","date_gmt":"2025-01-17T21:42:35","guid":{"rendered":"https:\/\/inbuzios.com.br\/blog\/?p=5361"},"modified":"2025-03-17T21:54:03","modified_gmt":"2025-03-17T21:54:03","slug":"verao-em-cabo-frio-transfer-rio-de-janeiro-para-cabo-frio-com-passeios-incriveis","status":"publish","type":"post","link":"https:\/\/inbuzios.com.br\/blog\/2025\/01\/17\/verao-em-cabo-frio-transfer-rio-de-janeiro-para-cabo-frio-com-passeios-incriveis\/","title":{"rendered":"Ver\u00e3o em Cabo Frio: transfer Rio de Janeiro para Cabo Frio com passeios incr\u00edveis"},"content":{"rendered":"<p><span style=\"font-weight: 400;\">O ver\u00e3o em Cabo Frio \u00e9 sin\u00f4nimo de dias ensolarados, praias encantadoras e uma atmosfera vibrante. Seja para relaxar na Praia do Forte, explorar o Centro Hist\u00f3rico da Passagem ou fazer compras na famosa Rua dos Biqu\u00ednis, <\/span><b>a cidade \u00e9 um destino completo para todos os tipos de viajantes<\/b><span style=\"font-weight: 400;\">. E para aproveitar tudo isso com praticidade, o transfer Rio de Janeiro Cabo Frio \u00e9 a melhor op\u00e7\u00e3o, garantindo conforto e seguran\u00e7a na sua viagem.<\/span><\/p>\n<h2><b>O que fazer em Cabo Frio no ver\u00e3o<\/b><\/h2>\n<p><span style=\"font-weight: 400;\">Al\u00e9m das praias de \u00e1guas cristalinas, Cabo Frio oferece diversas atra\u00e7\u00f5es hist\u00f3ricas, culturais e naturais. <\/span><b>A seguir, destacamos os passeios imperd\u00edveis<\/b><span style=\"font-weight: 400;\"> para tornar sua experi\u00eancia na cidade ainda mais especial.<\/span><\/p>\n<h3><b>Centro Hist\u00f3rico da Passagem<\/b><\/h3>\n<p><img loading=\"lazy\" decoding=\"async\" class=\"alignleft size-full wp-image-5363\" src=\"https:\/\/inbuzios.com.br\/blog\/wp-content\/uploads\/2025\/03\/passagem-cabo-frio.jpg\" alt=\"\" width=\"1024\" height=\"687\" srcset=\"https:\/\/inbuzios.com.br\/blog\/wp-content\/uploads\/2025\/03\/passagem-cabo-frio.jpg 1024w, https:\/\/inbuzios.com.br\/blog\/wp-content\/uploads\/2025\/03\/passagem-cabo-frio-300x201.jpg 300w, https:\/\/inbuzios.com.br\/blog\/wp-content\/uploads\/2025\/03\/passagem-cabo-frio-768x515.jpg 768w, https:\/\/inbuzios.com.br\/blog\/wp-content\/uploads\/2025\/03\/passagem-cabo-frio-600x403.jpg 600w\" sizes=\"auto, (max-width: 1024px) 100vw, 1024px\" \/><\/p>\n<p><span style=\"font-weight: 400;\">O bairro mais antigo de Cabo Frio preserva a <\/span><b>arquitetura colonial, ruas de pedra e casarios charmosos<\/b><span style=\"font-weight: 400;\"> que contam parte da hist\u00f3ria da regi\u00e3o. Caminhar por suas ruas \u00e9 como voltar no tempo e descobrir um lado aut\u00eantico da cidade.<\/span><\/p>\n<p><b>Voc\u00ea pode gostar: <\/b><a href=\"https:\/\/inbuzios.com.br\/blog\/2023\/12\/28\/cabo-frio-atracoes-para-incluir-na-sua-proxima-viagem\/\"><b>Cabo Frio: atra\u00e7\u00f5es para incluir na sua pr\u00f3xima viagem<\/b><\/a><\/p>\n<h3><b>Praia do Forte<\/b><\/h3>\n<p><img loading=\"lazy\" decoding=\"async\" class=\"alignleft size-full wp-image-5364\" src=\"https:\/\/inbuzios.com.br\/blog\/wp-content\/uploads\/2025\/03\/PraiaDoForte.jpg\" alt=\"\" width=\"1080\" height=\"1350\" srcset=\"https:\/\/inbuzios.com.br\/blog\/wp-content\/uploads\/2025\/03\/PraiaDoForte.jpg 1080w, https:\/\/inbuzios.com.br\/blog\/wp-content\/uploads\/2025\/03\/PraiaDoForte-240x300.jpg 240w, https:\/\/inbuzios.com.br\/blog\/wp-content\/uploads\/2025\/03\/PraiaDoForte-819x1024.jpg 819w, https:\/\/inbuzios.com.br\/blog\/wp-content\/uploads\/2025\/03\/PraiaDoForte-768x960.jpg 768w, https:\/\/inbuzios.com.br\/blog\/wp-content\/uploads\/2025\/03\/PraiaDoForte-600x750.jpg 600w\" sizes=\"auto, (max-width: 1080px) 100vw, 1080px\" \/><\/p>\n<p><span style=\"font-weight: 400;\">Considerada uma das praias mais bonitas do Brasil, a Praia do Forte <\/span><b>\u00e9 o principal cart\u00e3o-postal de Cabo Frio<\/b><span style=\"font-weight: 400;\">. Com sua extensa faixa de areia branca e mar azul, \u00e9 o local ideal para relaxar, praticar esportes aqu\u00e1ticos ou simplesmente curtir a paisagem.<\/span><\/p>\n<h3><b>Ilha do Japon\u00eas<\/b><\/h3>\n<p><span style=\"font-weight: 400;\">A Ilha do Japon\u00eas \u00e9 um ref\u00fagio para quem busca tranquilidade. Com \u00e1guas calmas e cristalinas, \u00e9 <\/span><b>um \u00f3timo ponto para fazer stand-up paddle, snorkel ou simplesmente relaxar sob o sol<\/b><span style=\"font-weight: 400;\">. O acesso \u00e9 feito por barco e proporciona um passeio agrad\u00e1vel pelo Canal do Itajuru.<\/span><\/p>\n<h3><b>Forte S\u00e3o Matheus<\/b><\/h3>\n<p><img loading=\"lazy\" decoding=\"async\" class=\"size-full wp-image-5365 aligncenter\" src=\"https:\/\/inbuzios.com.br\/blog\/wp-content\/uploads\/2025\/03\/forte_sao_matheus_cabofrio.jpg\" alt=\"\" width=\"600\" height=\"399\" srcset=\"https:\/\/inbuzios.com.br\/blog\/wp-content\/uploads\/2025\/03\/forte_sao_matheus_cabofrio.jpg 600w, https:\/\/inbuzios.com.br\/blog\/wp-content\/uploads\/2025\/03\/forte_sao_matheus_cabofrio-300x200.jpg 300w\" sizes=\"auto, (max-width: 600px) 100vw, 600px\" \/><\/p>\n<p><span style=\"font-weight: 400;\">Constru\u00eddo no s\u00e9culo XVII, o Forte S\u00e3o Matheus \u00e9 um dos principais pontos hist\u00f3ricos da cidade. Localizado no canto da Praia do Forte, <\/span><b>oferece uma vista panor\u00e2mica incr\u00edvel do mar e das dunas ao redor<\/b><span style=\"font-weight: 400;\">.<\/span><\/p>\n<h3><b>Shopping Park Lagos<\/b><\/h3>\n<p><span style=\"font-weight: 400;\">Para quem gosta de fazer compras ou deseja uma pausa refrescante do calor, o Shopping Park Lagos \u00e9 uma excelente op\u00e7\u00e3o. Com <\/span><b>lojas variadas, restaurantes e espa\u00e7o ao ar livre<\/b><span style=\"font-weight: 400;\">, \u00e9 um lugar perfeito para passear em fam\u00edlia.<\/span><\/p>\n<h3><b>Rua dos Biqu\u00ednis<\/b><\/h3>\n<p><img loading=\"lazy\" decoding=\"async\" class=\"alignleft size-full wp-image-5366\" src=\"https:\/\/inbuzios.com.br\/blog\/wp-content\/uploads\/2025\/03\/rua-dos-biquinis-q-onda.jpg\" alt=\"\" width=\"1000\" height=\"667\" srcset=\"https:\/\/inbuzios.com.br\/blog\/wp-content\/uploads\/2025\/03\/rua-dos-biquinis-q-onda.jpg 1000w, https:\/\/inbuzios.com.br\/blog\/wp-content\/uploads\/2025\/03\/rua-dos-biquinis-q-onda-300x200.jpg 300w, https:\/\/inbuzios.com.br\/blog\/wp-content\/uploads\/2025\/03\/rua-dos-biquinis-q-onda-768x512.jpg 768w, https:\/\/inbuzios.com.br\/blog\/wp-content\/uploads\/2025\/03\/rua-dos-biquinis-q-onda-600x400.jpg 600w\" sizes=\"auto, (max-width: 1000px) 100vw, 1000px\" \/><\/p>\n<p><span style=\"font-weight: 400;\">A famosa Rua dos Biqu\u00ednis \u00e9 parada obrigat\u00f3ria para quem quer renovar o guarda-roupa com <\/span><b>moda praia de qualidade e pre\u00e7os acess\u00edveis<\/b><span style=\"font-weight: 400;\">. S\u00e3o diversas lojas especializadas, oferecendo desde modelos cl\u00e1ssicos at\u00e9 as \u00faltimas tend\u00eancias.<\/span><\/p>\n<p><b>Leia tamb\u00e9m: <\/b><a href=\"https:\/\/inbuzios.com.br\/blog\/2024\/07\/12\/viagem-de-ferias-atividades-em-familia-para-curtir-o-recesso-em-cabo-frio\/\"><b>Viagem de f\u00e9rias: atividades em fam\u00edlia para curtir o recesso em Cabo Frio<\/b><\/a><\/p>\n<h2><b>Facilidade e seguran\u00e7a com a In B\u00fazios<\/b><\/h2>\n<p><img loading=\"lazy\" decoding=\"async\" class=\"alignleft size-full wp-image-5357\" src=\"https:\/\/inbuzios.com.br\/blog\/wp-content\/uploads\/2025\/03\/8.jpg\" alt=\"\" width=\"1200\" height=\"800\" srcset=\"https:\/\/inbuzios.com.br\/blog\/wp-content\/uploads\/2025\/03\/8.jpg 1200w, https:\/\/inbuzios.com.br\/blog\/wp-content\/uploads\/2025\/03\/8-300x200.jpg 300w, https:\/\/inbuzios.com.br\/blog\/wp-content\/uploads\/2025\/03\/8-1024x683.jpg 1024w, https:\/\/inbuzios.com.br\/blog\/wp-content\/uploads\/2025\/03\/8-768x512.jpg 768w, https:\/\/inbuzios.com.br\/blog\/wp-content\/uploads\/2025\/03\/8-600x400.jpg 600w\" sizes=\"auto, (max-width: 1200px) 100vw, 1200px\" \/><\/p>\n<p><span style=\"font-weight: 400;\">Para aproveitar o melhor de Cabo Frio com comodidade, <\/span><b>conte com o transfer Rio de Janeiro Cabo Frio da In B\u00fazios<\/b><span style=\"font-weight: 400;\">. Com sa\u00eddas di\u00e1rias e op\u00e7\u00f5es de transfer compartilhado ou privativo, garantimos uma viagem segura e sem preocupa\u00e7\u00f5es.<\/span><\/p>\n<h3><b>Por que escolher a In B\u00fazios?<\/b><\/h3>\n<ul>\n<li style=\"font-weight: 400;\" aria-level=\"1\"><b>Conforto e seguran\u00e7a:<\/b><span style=\"font-weight: 400;\"> ve\u00edculos modernos e motoristas experientes.<\/span><\/li>\n<li style=\"font-weight: 400;\" aria-level=\"1\"><b>Atendimento bil\u00edngue:<\/b><span style=\"font-weight: 400;\"> equipe preparada para receber viajantes do Brasil e do exterior.<\/span><\/li>\n<li style=\"font-weight: 400;\" aria-level=\"1\"><b>Passeios exclusivos: <\/b><span style=\"font-weight: 400;\">conhe\u00e7a Cabo Frio de uma forma especial, com roteiros que combinam praia, cultura e lazer.<\/span><\/li>\n<\/ul>\n<p><span style=\"font-weight: 400;\">Aproveite o melhor do ver\u00e3o com praticidade e conforto. Acesse nosso <\/span><a href=\"https:\/\/www.inbuzios.com\/home\"><b>site<\/b><\/a> <span style=\"font-weight: 400;\">e agende agora mesmo seu transfer e passeios exclusivos para Cabo Frio com a In B\u00fazios.<\/span><\/p>\n<p><span style=\"font-weight: 400;\">Siga tamb\u00e9m a nossa p\u00e1gina no <\/span><a href=\"https:\/\/www.instagram.com\/inbuzios\"><b>Instagram<\/b><\/a> <span style=\"font-weight: 400;\">para ficar sempre por dentro das novidades!<\/span><\/p>\n<p>&nbsp;<\/p>\n<p>&nbsp;<\/p>\n<p>&nbsp;<\/p>\n","protected":false},"excerpt":{"rendered":"<p>O ver\u00e3o em Cabo Frio \u00e9 sin\u00f4nimo de dias ensolarados, praias encantadoras e uma atmosfera vibrante. Seja para relaxar na Praia do Forte, explorar o Centro Hist\u00f3rico da Passagem ou&#8230;<\/p>\n","protected":false},"author":2,"featured_media":5362,"comment_status":"open","ping_status":"open","sticky":false,"template":"","format":"standard","meta":{"_jetpack_memberships_contains_paid_content":false,"footnotes":""},"categories":[1],"tags":[],"class_list":["post-5361","post","type-post","status-publish","format-standard","has-post-thumbnail","hentry","category-uncategorized"],"yoast_head":"<!-- This site is optimized with the Yoast SEO plugin v27.4 - https:\/\/yoast.com\/product\/yoast-seo-wordpress\/ -->\n<title>Ver\u00e3o em Cabo Frio: transfer Rio de Janeiro para Cabo Frio com passeios incr\u00edveis - In B\u00fazios<\/title>\n<meta name=\"robots\" content=\"index, follow, max-snippet:-1, max-image-preview:large, max-video-preview:-1\" \/>\n<link rel=\"canonical\" href=\"https:\/\/inbuzios.com.br\/blog\/2025\/01\/17\/verao-em-cabo-frio-transfer-rio-de-janeiro-para-cabo-frio-com-passeios-incriveis\/\" \/>\n<meta property=\"og:locale\" content=\"pt_BR\" \/>\n<meta property=\"og:type\" content=\"article\" \/>\n<meta property=\"og:title\" content=\"Ver\u00e3o em Cabo Frio: transfer Rio de Janeiro para Cabo Frio com passeios incr\u00edveis - In B\u00fazios\" \/>\n<meta property=\"og:description\" content=\"O ver\u00e3o em Cabo Frio \u00e9 sin\u00f4nimo de dias ensolarados, praias encantadoras e uma atmosfera vibrante. Seja para relaxar na Praia do Forte, explorar o Centro Hist\u00f3rico da Passagem ou...\" \/>\n<meta property=\"og:url\" content=\"https:\/\/inbuzios.com.br\/blog\/2025\/01\/17\/verao-em-cabo-frio-transfer-rio-de-janeiro-para-cabo-frio-com-passeios-incriveis\/\" \/>\n<meta property=\"og:site_name\" content=\"In B\u00fazios\" \/>\n<meta property=\"article:published_time\" content=\"2025-01-17T21:42:35+00:00\" \/>\n<meta property=\"article:modified_time\" content=\"2025-03-17T21:54:03+00:00\" \/>\n<meta property=\"og:image\" content=\"https:\/\/inbuzios.com.br\/blog\/wp-content\/uploads\/2025\/03\/cabo-frio3.jpg\" \/>\n\t<meta property=\"og:image:width\" content=\"1024\" \/>\n\t<meta property=\"og:image:height\" content=\"768\" \/>\n\t<meta property=\"og:image:type\" content=\"image\/jpeg\" \/>\n<meta name=\"author\" content=\"Administrador InBuzios\" \/>\n<meta name=\"twitter:card\" content=\"summary_large_image\" \/>\n<meta name=\"twitter:label1\" content=\"Escrito por\" \/>\n\t<meta name=\"twitter:data1\" content=\"Administrador InBuzios\" \/>\n\t<meta name=\"twitter:label2\" content=\"Est. tempo de leitura\" \/>\n\t<meta name=\"twitter:data2\" content=\"5 minutos\" \/>\n<script type=\"application\/ld+json\" class=\"yoast-schema-graph\">{\"@context\":\"https:\\\/\\\/schema.org\",\"@graph\":[{\"@type\":\"Article\",\"@id\":\"https:\\\/\\\/inbuzios.com.br\\\/blog\\\/2025\\\/01\\\/17\\\/verao-em-cabo-frio-transfer-rio-de-janeiro-para-cabo-frio-com-passeios-incriveis\\\/#article\",\"isPartOf\":{\"@id\":\"https:\\\/\\\/inbuzios.com.br\\\/blog\\\/2025\\\/01\\\/17\\\/verao-em-cabo-frio-transfer-rio-de-janeiro-para-cabo-frio-com-passeios-incriveis\\\/\"},\"author\":{\"name\":\"Administrador InBuzios\",\"@id\":\"https:\\\/\\\/inbuzios.com.br\\\/blog\\\/#\\\/schema\\\/person\\\/bbea7ab9669a1a34c0a5ca8af89947e4\"},\"headline\":\"Ver\u00e3o em Cabo Frio: transfer Rio de Janeiro para Cabo Frio com passeios incr\u00edveis\",\"datePublished\":\"2025-01-17T21:42:35+00:00\",\"dateModified\":\"2025-03-17T21:54:03+00:00\",\"mainEntityOfPage\":{\"@id\":\"https:\\\/\\\/inbuzios.com.br\\\/blog\\\/2025\\\/01\\\/17\\\/verao-em-cabo-frio-transfer-rio-de-janeiro-para-cabo-frio-com-passeios-incriveis\\\/\"},\"wordCount\":591,\"commentCount\":0,\"image\":{\"@id\":\"https:\\\/\\\/inbuzios.com.br\\\/blog\\\/2025\\\/01\\\/17\\\/verao-em-cabo-frio-transfer-rio-de-janeiro-para-cabo-frio-com-passeios-incriveis\\\/#primaryimage\"},\"thumbnailUrl\":\"https:\\\/\\\/inbuzios.com.br\\\/blog\\\/wp-content\\\/uploads\\\/2025\\\/03\\\/cabo-frio3.jpg\",\"articleSection\":[\"Uncategorized\"],\"inLanguage\":\"pt-BR\",\"potentialAction\":[{\"@type\":\"CommentAction\",\"name\":\"Comment\",\"target\":[\"https:\\\/\\\/inbuzios.com.br\\\/blog\\\/2025\\\/01\\\/17\\\/verao-em-cabo-frio-transfer-rio-de-janeiro-para-cabo-frio-com-passeios-incriveis\\\/#respond\"]}]},{\"@type\":\"WebPage\",\"@id\":\"https:\\\/\\\/inbuzios.com.br\\\/blog\\\/2025\\\/01\\\/17\\\/verao-em-cabo-frio-transfer-rio-de-janeiro-para-cabo-frio-com-passeios-incriveis\\\/\",\"url\":\"https:\\\/\\\/inbuzios.com.br\\\/blog\\\/2025\\\/01\\\/17\\\/verao-em-cabo-frio-transfer-rio-de-janeiro-para-cabo-frio-com-passeios-incriveis\\\/\",\"name\":\"Ver\u00e3o em Cabo Frio: transfer Rio de Janeiro para Cabo Frio com passeios incr\u00edveis - In B\u00fazios\",\"isPartOf\":{\"@id\":\"https:\\\/\\\/inbuzios.com.br\\\/blog\\\/#website\"},\"primaryImageOfPage\":{\"@id\":\"https:\\\/\\\/inbuzios.com.br\\\/blog\\\/2025\\\/01\\\/17\\\/verao-em-cabo-frio-transfer-rio-de-janeiro-para-cabo-frio-com-passeios-incriveis\\\/#primaryimage\"},\"image\":{\"@id\":\"https:\\\/\\\/inbuzios.com.br\\\/blog\\\/2025\\\/01\\\/17\\\/verao-em-cabo-frio-transfer-rio-de-janeiro-para-cabo-frio-com-passeios-incriveis\\\/#primaryimage\"},\"thumbnailUrl\":\"https:\\\/\\\/inbuzios.com.br\\\/blog\\\/wp-content\\\/uploads\\\/2025\\\/03\\\/cabo-frio3.jpg\",\"datePublished\":\"2025-01-17T21:42:35+00:00\",\"dateModified\":\"2025-03-17T21:54:03+00:00\",\"author\":{\"@id\":\"https:\\\/\\\/inbuzios.com.br\\\/blog\\\/#\\\/schema\\\/person\\\/bbea7ab9669a1a34c0a5ca8af89947e4\"},\"breadcrumb\":{\"@id\":\"https:\\\/\\\/inbuzios.com.br\\\/blog\\\/2025\\\/01\\\/17\\\/verao-em-cabo-frio-transfer-rio-de-janeiro-para-cabo-frio-com-passeios-incriveis\\\/#breadcrumb\"},\"inLanguage\":\"pt-BR\",\"potentialAction\":[{\"@type\":\"ReadAction\",\"target\":[\"https:\\\/\\\/inbuzios.com.br\\\/blog\\\/2025\\\/01\\\/17\\\/verao-em-cabo-frio-transfer-rio-de-janeiro-para-cabo-frio-com-passeios-incriveis\\\/\"]}]},{\"@type\":\"ImageObject\",\"inLanguage\":\"pt-BR\",\"@id\":\"https:\\\/\\\/inbuzios.com.br\\\/blog\\\/2025\\\/01\\\/17\\\/verao-em-cabo-frio-transfer-rio-de-janeiro-para-cabo-frio-com-passeios-incriveis\\\/#primaryimage\",\"url\":\"https:\\\/\\\/inbuzios.com.br\\\/blog\\\/wp-content\\\/uploads\\\/2025\\\/03\\\/cabo-frio3.jpg\",\"contentUrl\":\"https:\\\/\\\/inbuzios.com.br\\\/blog\\\/wp-content\\\/uploads\\\/2025\\\/03\\\/cabo-frio3.jpg\",\"width\":1024,\"height\":768},{\"@type\":\"BreadcrumbList\",\"@id\":\"https:\\\/\\\/inbuzios.com.br\\\/blog\\\/2025\\\/01\\\/17\\\/verao-em-cabo-frio-transfer-rio-de-janeiro-para-cabo-frio-com-passeios-incriveis\\\/#breadcrumb\",\"itemListElement\":[{\"@type\":\"ListItem\",\"position\":1,\"name\":\"In\u00edcio\",\"item\":\"https:\\\/\\\/inbuzios.com.br\\\/blog\\\/\"},{\"@type\":\"ListItem\",\"position\":2,\"name\":\"Ver\u00e3o em Cabo Frio: transfer Rio de Janeiro para Cabo Frio com passeios incr\u00edveis\"}]},{\"@type\":\"WebSite\",\"@id\":\"https:\\\/\\\/inbuzios.com.br\\\/blog\\\/#website\",\"url\":\"https:\\\/\\\/inbuzios.com.br\\\/blog\\\/\",\"name\":\"In B\u00fazios\",\"description\":\"Turismo Receptivo\",\"potentialAction\":[{\"@type\":\"SearchAction\",\"target\":{\"@type\":\"EntryPoint\",\"urlTemplate\":\"https:\\\/\\\/inbuzios.com.br\\\/blog\\\/?s={search_term_string}\"},\"query-input\":{\"@type\":\"PropertyValueSpecification\",\"valueRequired\":true,\"valueName\":\"search_term_string\"}}],\"inLanguage\":\"pt-BR\"},{\"@type\":\"Person\",\"@id\":\"https:\\\/\\\/inbuzios.com.br\\\/blog\\\/#\\\/schema\\\/person\\\/bbea7ab9669a1a34c0a5ca8af89947e4\",\"name\":\"Administrador InBuzios\",\"image\":{\"@type\":\"ImageObject\",\"inLanguage\":\"pt-BR\",\"@id\":\"https:\\\/\\\/secure.gravatar.com\\\/avatar\\\/8b70eaa2d258abec51683c3d2372e954b262626305a737d15b94d7bd297bbd7b?s=96&d=mm&r=g\",\"url\":\"https:\\\/\\\/secure.gravatar.com\\\/avatar\\\/8b70eaa2d258abec51683c3d2372e954b262626305a737d15b94d7bd297bbd7b?s=96&d=mm&r=g\",\"contentUrl\":\"https:\\\/\\\/secure.gravatar.com\\\/avatar\\\/8b70eaa2d258abec51683c3d2372e954b262626305a737d15b94d7bd297bbd7b?s=96&d=mm&r=g\",\"caption\":\"Administrador InBuzios\"},\"sameAs\":[\"http:\\\/\\\/www.inbuzios.com\"],\"url\":\"https:\\\/\\\/inbuzios.com.br\\\/blog\\\/author\\\/inbuzios\\\/\"}]}<\/script>\n<!-- \/ Yoast SEO plugin. -->","yoast_head_json":{"title":"Ver\u00e3o em Cabo Frio: transfer Rio de Janeiro para Cabo Frio com passeios incr\u00edveis - In B\u00fazios","robots":{"index":"index","follow":"follow","max-snippet":"max-snippet:-1","max-image-preview":"max-image-preview:large","max-video-preview":"max-video-preview:-1"},"canonical":"https:\/\/inbuzios.com.br\/blog\/2025\/01\/17\/verao-em-cabo-frio-transfer-rio-de-janeiro-para-cabo-frio-com-passeios-incriveis\/","og_locale":"pt_BR","og_type":"article","og_title":"Ver\u00e3o em Cabo Frio: transfer Rio de Janeiro para Cabo Frio com passeios incr\u00edveis - In B\u00fazios","og_description":"O ver\u00e3o em Cabo Frio \u00e9 sin\u00f4nimo de dias ensolarados, praias encantadoras e uma atmosfera vibrante. Seja para relaxar na Praia do Forte, explorar o Centro Hist\u00f3rico da Passagem ou...","og_url":"https:\/\/inbuzios.com.br\/blog\/2025\/01\/17\/verao-em-cabo-frio-transfer-rio-de-janeiro-para-cabo-frio-com-passeios-incriveis\/","og_site_name":"In B\u00fazios","article_published_time":"2025-01-17T21:42:35+00:00","article_modified_time":"2025-03-17T21:54:03+00:00","og_image":[{"width":1024,"height":768,"url":"https:\/\/inbuzios.com.br\/blog\/wp-content\/uploads\/2025\/03\/cabo-frio3.jpg","type":"image\/jpeg"}],"author":"Administrador InBuzios","twitter_card":"summary_large_image","twitter_misc":{"Escrito por":"Administrador InBuzios","Est. tempo de leitura":"5 minutos"},"schema":{"@context":"https:\/\/schema.org","@graph":[{"@type":"Article","@id":"https:\/\/inbuzios.com.br\/blog\/2025\/01\/17\/verao-em-cabo-frio-transfer-rio-de-janeiro-para-cabo-frio-com-passeios-incriveis\/#article","isPartOf":{"@id":"https:\/\/inbuzios.com.br\/blog\/2025\/01\/17\/verao-em-cabo-frio-transfer-rio-de-janeiro-para-cabo-frio-com-passeios-incriveis\/"},"author":{"name":"Administrador InBuzios","@id":"https:\/\/inbuzios.com.br\/blog\/#\/schema\/person\/bbea7ab9669a1a34c0a5ca8af89947e4"},"headline":"Ver\u00e3o em Cabo Frio: transfer Rio de Janeiro para Cabo Frio com passeios incr\u00edveis","datePublished":"2025-01-17T21:42:35+00:00","dateModified":"2025-03-17T21:54:03+00:00","mainEntityOfPage":{"@id":"https:\/\/inbuzios.com.br\/blog\/2025\/01\/17\/verao-em-cabo-frio-transfer-rio-de-janeiro-para-cabo-frio-com-passeios-incriveis\/"},"wordCount":591,"commentCount":0,"image":{"@id":"https:\/\/inbuzios.com.br\/blog\/2025\/01\/17\/verao-em-cabo-frio-transfer-rio-de-janeiro-para-cabo-frio-com-passeios-incriveis\/#primaryimage"},"thumbnailUrl":"https:\/\/inbuzios.com.br\/blog\/wp-content\/uploads\/2025\/03\/cabo-frio3.jpg","articleSection":["Uncategorized"],"inLanguage":"pt-BR","potentialAction":[{"@type":"CommentAction","name":"Comment","target":["https:\/\/inbuzios.com.br\/blog\/2025\/01\/17\/verao-em-cabo-frio-transfer-rio-de-janeiro-para-cabo-frio-com-passeios-incriveis\/#respond"]}]},{"@type":"WebPage","@id":"https:\/\/inbuzios.com.br\/blog\/2025\/01\/17\/verao-em-cabo-frio-transfer-rio-de-janeiro-para-cabo-frio-com-passeios-incriveis\/","url":"https:\/\/inbuzios.com.br\/blog\/2025\/01\/17\/verao-em-cabo-frio-transfer-rio-de-janeiro-para-cabo-frio-com-passeios-incriveis\/","name":"Ver\u00e3o em Cabo Frio: transfer Rio de Janeiro para Cabo Frio com passeios incr\u00edveis - In B\u00fazios","isPartOf":{"@id":"https:\/\/inbuzios.com.br\/blog\/#website"},"primaryImageOfPage":{"@id":"https:\/\/inbuzios.com.br\/blog\/2025\/01\/17\/verao-em-cabo-frio-transfer-rio-de-janeiro-para-cabo-frio-com-passeios-incriveis\/#primaryimage"},"image":{"@id":"https:\/\/inbuzios.com.br\/blog\/2025\/01\/17\/verao-em-cabo-frio-transfer-rio-de-janeiro-para-cabo-frio-com-passeios-incriveis\/#primaryimage"},"thumbnailUrl":"https:\/\/inbuzios.com.br\/blog\/wp-content\/uploads\/2025\/03\/cabo-frio3.jpg","datePublished":"2025-01-17T21:42:35+00:00","dateModified":"2025-03-17T21:54:03+00:00","author":{"@id":"https:\/\/inbuzios.com.br\/blog\/#\/schema\/person\/bbea7ab9669a1a34c0a5ca8af89947e4"},"breadcrumb":{"@id":"https:\/\/inbuzios.com.br\/blog\/2025\/01\/17\/verao-em-cabo-frio-transfer-rio-de-janeiro-para-cabo-frio-com-passeios-incriveis\/#breadcrumb"},"inLanguage":"pt-BR","potentialAction":[{"@type":"ReadAction","target":["https:\/\/inbuzios.com.br\/blog\/2025\/01\/17\/verao-em-cabo-frio-transfer-rio-de-janeiro-para-cabo-frio-com-passeios-incriveis\/"]}]},{"@type":"ImageObject","inLanguage":"pt-BR","@id":"https:\/\/inbuzios.com.br\/blog\/2025\/01\/17\/verao-em-cabo-frio-transfer-rio-de-janeiro-para-cabo-frio-com-passeios-incriveis\/#primaryimage","url":"https:\/\/inbuzios.com.br\/blog\/wp-content\/uploads\/2025\/03\/cabo-frio3.jpg","contentUrl":"https:\/\/inbuzios.com.br\/blog\/wp-content\/uploads\/2025\/03\/cabo-frio3.jpg","width":1024,"height":768},{"@type":"BreadcrumbList","@id":"https:\/\/inbuzios.com.br\/blog\/2025\/01\/17\/verao-em-cabo-frio-transfer-rio-de-janeiro-para-cabo-frio-com-passeios-incriveis\/#breadcrumb","itemListElement":[{"@type":"ListItem","position":1,"name":"In\u00edcio","item":"https:\/\/inbuzios.com.br\/blog\/"},{"@type":"ListItem","position":2,"name":"Ver\u00e3o em Cabo Frio: transfer Rio de Janeiro para Cabo Frio com passeios incr\u00edveis"}]},{"@type":"WebSite","@id":"https:\/\/inbuzios.com.br\/blog\/#website","url":"https:\/\/inbuzios.com.br\/blog\/","name":"In B\u00fazios","description":"Turismo Receptivo","potentialAction":[{"@type":"SearchAction","target":{"@type":"EntryPoint","urlTemplate":"https:\/\/inbuzios.com.br\/blog\/?s={search_term_string}"},"query-input":{"@type":"PropertyValueSpecification","valueRequired":true,"valueName":"search_term_string"}}],"inLanguage":"pt-BR"},{"@type":"Person","@id":"https:\/\/inbuzios.com.br\/blog\/#\/schema\/person\/bbea7ab9669a1a34c0a5ca8af89947e4","name":"Administrador InBuzios","image":{"@type":"ImageObject","inLanguage":"pt-BR","@id":"https:\/\/secure.gravatar.com\/avatar\/8b70eaa2d258abec51683c3d2372e954b262626305a737d15b94d7bd297bbd7b?s=96&d=mm&r=g","url":"https:\/\/secure.gravatar.com\/avatar\/8b70eaa2d258abec51683c3d2372e954b262626305a737d15b94d7bd297bbd7b?s=96&d=mm&r=g","contentUrl":"https:\/\/secure.gravatar.com\/avatar\/8b70eaa2d258abec51683c3d2372e954b262626305a737d15b94d7bd297bbd7b?s=96&d=mm&r=g","caption":"Administrador InBuzios"},"sameAs":["http:\/\/www.inbuzios.com"],"url":"https:\/\/inbuzios.com.br\/blog\/author\/inbuzios\/"}]}},"jetpack_featured_media_url":"https:\/\/inbuzios.com.br\/blog\/wp-content\/uploads\/2025\/03\/cabo-frio3.jpg","jetpack_sharing_enabled":true,"amp_enabled":true,"_links":{"self":[{"href":"https:\/\/inbuzios.com.br\/blog\/wp-json\/wp\/v2\/posts\/5361","targetHints":{"allow":["GET"]}}],"collection":[{"href":"https:\/\/inbuzios.com.br\/blog\/wp-json\/wp\/v2\/posts"}],"about":[{"href":"https:\/\/inbuzios.com.br\/blog\/wp-json\/wp\/v2\/types\/post"}],"author":[{"embeddable":true,"href":"https:\/\/inbuzios.com.br\/blog\/wp-json\/wp\/v2\/users\/2"}],"replies":[{"embeddable":true,"href":"https:\/\/inbuzios.com.br\/blog\/wp-json\/wp\/v2\/comments?post=5361"}],"version-history":[{"count":1,"href":"https:\/\/inbuzios.com.br\/blog\/wp-json\/wp\/v2\/posts\/5361\/revisions"}],"predecessor-version":[{"id":5370,"href":"https:\/\/inbuzios.com.br\/blog\/wp-json\/wp\/v2\/posts\/5361\/revisions\/5370"}],"wp:featuredmedia":[{"embeddable":true,"href":"https:\/\/inbuzios.com.br\/blog\/wp-json\/wp\/v2\/media\/5362"}],"wp:attachment":[{"href":"https:\/\/inbuzios.com.br\/blog\/wp-json\/wp\/v2\/media?parent=5361"}],"wp:term":[{"taxonomy":"category","embeddable":true,"href":"https:\/\/inbuzios.com.br\/blog\/wp-json\/wp\/v2\/categories?post=5361"},{"taxonomy":"post_tag","embeddable":true,"href":"https:\/\/inbuzios.com.br\/blog\/wp-json\/wp\/v2\/tags?post=5361"}],"curies":[{"name":"wp","href":"https:\/\/api.w.org\/{rel}","templated":true}]}}