{"id":5436,"date":"2025-04-09T12:30:41","date_gmt":"2025-04-09T12:30:41","guid":{"rendered":"https:\/\/inbuzios.com.br\/blog\/?p=5436"},"modified":"2025-04-15T12:34:12","modified_gmt":"2025-04-15T12:34:12","slug":"5-motivos-para-viajar-no-feriado-de-sao-jorge","status":"publish","type":"post","link":"https:\/\/inbuzios.com.br\/blog\/2025\/04\/09\/5-motivos-para-viajar-no-feriado-de-sao-jorge\/","title":{"rendered":"5 motivos para viajar no feriado de S\u00e3o Jorge"},"content":{"rendered":"<p><span style=\"font-weight: 400;\">O <\/span><b>feriado de S\u00e3o Jorge, celebrado em 23 de abril<\/b><span style=\"font-weight: 400;\">, \u00e9 uma das datas mais significativas da cultura carioca. E com a pausa oficial no estado do Rio de Janeiro, muitos moradores da capital e do interior aproveitam para descansar e conhecer novos lugares.<\/span><\/p>\n<p><span style=\"font-weight: 400;\">Seja no litoral ou na serra, esse \u00e9 um \u00f3timo momento para explorar o estado com mais tranquilidade e experi\u00eancias aut\u00eanticas. Com a <\/span><a href=\"https:\/\/www.inbuzios.com\/\" target=\"_blank\" rel=\"noopener\"><b>In B\u00fazios<\/b><\/a><span style=\"font-weight: 400;\">, empresa especializada em <\/span><a href=\"https:\/\/inbuzios.com.br\/blog\/2025\/03\/07\/como-escolher-o-melhor-transfer-para-sua-viagem\/\" target=\"_blank\" rel=\"noopener\"><b>transfers<\/b><\/a><span style=\"font-weight: 400;\">, passeios e experi\u00eancias tur\u00edsticas, voc\u00ea tem acesso a roteiros seguros, organizados e pensados para quem quer aproveitar bem o tempo livre.<\/span><\/p>\n<p><span style=\"font-weight: 400;\">A seguir, listamos <\/span><b>5 motivos para viajar no feriado<\/b><span style=\"font-weight: 400;\"> de S\u00e3o Jorge e fazer dessa data uma experi\u00eancia memor\u00e1vel:<\/span><\/p>\n<h2><b>1. Menor movimento em destinos fora do eixo tradicional<\/b><\/h2>\n<p><span style=\"font-weight: 400;\">Enquanto pontos tur\u00edsticos centrais do Rio de Janeiro costumam ficar mais cheios, lugares como B\u00fazios, Ilha Grande, Paraty e Petr\u00f3polis t\u00eam <\/span><b>um fluxo mais equilibrado nesse per\u00edodo<\/b><span style=\"font-weight: 400;\">. O resultado? <\/span><b>Mais conforto para circular<\/b><span style=\"font-weight: 400;\">, tirar fotos e aproveitar atra\u00e7\u00f5es sem pressa.<\/span><\/p>\n<p><img loading=\"lazy\" decoding=\"async\" class=\"size-full wp-image-5437 alignnone\" src=\"https:\/\/inbuzios.com.br\/blog\/wp-content\/uploads\/2025\/04\/1-3.png\" alt=\"\" width=\"655\" height=\"455\" srcset=\"https:\/\/inbuzios.com.br\/blog\/wp-content\/uploads\/2025\/04\/1-3.png 655w, https:\/\/inbuzios.com.br\/blog\/wp-content\/uploads\/2025\/04\/1-3-300x208.png 300w, https:\/\/inbuzios.com.br\/blog\/wp-content\/uploads\/2025\/04\/1-3-600x417.png 600w\" sizes=\"auto, (max-width: 655px) 100vw, 655px\" \/><\/p>\n<h2><b>2. Eventos culturais e religiosos que enriquecem a experi\u00eancia<\/b><\/h2>\n<p><span style=\"font-weight: 400;\">O feriado de S\u00e3o Jorge vai al\u00e9m do descanso. A data \u00e9 celebrada com missas, feiras e manifesta\u00e7\u00f5es culturais em diversas cidades do estado. Paraty, por exemplo, costuma ter festas populares com gastronomia local e apresenta\u00e7\u00f5es. \u00c9<\/span><b> uma chance de viver o turismo no feriado com conex\u00e3o \u00e0 cultura regional<\/b><span style=\"font-weight: 400;\">.<\/span><\/p>\n<h2><b>3. Clima agrad\u00e1vel para atividades ao ar livre<\/b><\/h2>\n<p><span style=\"font-weight: 400;\">Abril marca a transi\u00e7\u00e3o entre o ver\u00e3o e o outono, oferecendo <\/span><b>temperaturas amenas e dias ainda ensolarados<\/b><span style=\"font-weight: 400;\">. Ideal para fazer trilhas, <\/span><a href=\"https:\/\/inbuzios.com.br\/blog\/2024\/05\/22\/passeio-de-barco-em-arraial-motivos-para-incluir-no-seu-roteiro\/\" target=\"_blank\" rel=\"noopener\"><b>passeios de barco<\/b><\/a><span style=\"font-weight: 400;\"> ou explorar centros hist\u00f3ricos como o de Petr\u00f3polis, com mais comodidade e menos calor.<\/span><\/p>\n<p><img loading=\"lazy\" decoding=\"async\" class=\"size-full wp-image-5440 alignnone\" src=\"https:\/\/inbuzios.com.br\/blog\/wp-content\/uploads\/2025\/04\/4-3.png\" alt=\"\" width=\"655\" height=\"455\" srcset=\"https:\/\/inbuzios.com.br\/blog\/wp-content\/uploads\/2025\/04\/4-3.png 655w, https:\/\/inbuzios.com.br\/blog\/wp-content\/uploads\/2025\/04\/4-3-300x208.png 300w, https:\/\/inbuzios.com.br\/blog\/wp-content\/uploads\/2025\/04\/4-3-600x417.png 600w\" sizes=\"auto, (max-width: 655px) 100vw, 655px\" \/><\/p>\n<h2><b>4. Experi\u00eancias exclusivas na Costa Verde e Serra Fluminense<\/b><\/h2>\n<p><span style=\"font-weight: 400;\">Enquanto muitos procuram as praias mais famosas, a Costa Verde reserva surpresas em lugares como <\/span><a href=\"https:\/\/inbuzios.com.br\/blog\/2025\/02\/20\/ilha-grande-descubra-o-mapa-com-as-melhores-atividades\/\" target=\"_blank\" rel=\"noopener\"><b>Ilha Grande<\/b><\/a><span style=\"font-weight: 400;\"> e Angra dos Reis, com <\/span><b>passeios de escuna e mergulho em \u00e1guas cristalinas<\/b><span style=\"font-weight: 400;\">. J\u00e1 na Serra Fluminense, <\/span><b>circuitos culturais e gastron\u00f4micos<\/b><span style=\"font-weight: 400;\"> encantam quem prefere o friozinho da montanha.<\/span><\/p>\n<h2><b>5. Oportunidade de viajar com praticidade e seguran\u00e7a<\/b><\/h2>\n<p><span style=\"font-weight: 400;\">Aproveitar o feriado com a In B\u00fazios garante praticidade no deslocamento e acesso a pacotes com <\/span><b>experi\u00eancias completas<\/b><span style=\"font-weight: 400;\">, incluindo<\/span><b> traslado, guias locais e atividades personalizadas<\/b><span style=\"font-weight: 400;\">. \u00c9 a forma ideal de curtir o descanso sem preocupa\u00e7\u00f5es com log\u00edstica, tr\u00e2nsito ou rotas.<\/span><\/p>\n<p><img loading=\"lazy\" decoding=\"async\" class=\"size-full wp-image-5439 alignnone\" src=\"https:\/\/inbuzios.com.br\/blog\/wp-content\/uploads\/2025\/04\/3-3.png\" alt=\"\" width=\"655\" height=\"455\" srcset=\"https:\/\/inbuzios.com.br\/blog\/wp-content\/uploads\/2025\/04\/3-3.png 655w, https:\/\/inbuzios.com.br\/blog\/wp-content\/uploads\/2025\/04\/3-3-300x208.png 300w, https:\/\/inbuzios.com.br\/blog\/wp-content\/uploads\/2025\/04\/3-3-600x417.png 600w\" sizes=\"auto, (max-width: 655px) 100vw, 655px\" \/><\/p>\n<h2><b>O que fazer no Rio durante o feriado de S\u00e3o Jorge?\u00a0<\/b><\/h2>\n<p><span style=\"font-weight: 400;\">Viajar \u00e9, sem d\u00favida, uma das melhores escolhas. Explore destinos com mais tranquilidade, mergulhe na cultura fluminense e viva momentos \u00fanicos em fam\u00edlia, casal ou grupo de amigos.<\/span><\/p>\n<p><span style=\"font-weight: 400;\">Acesse nossos <\/span><b>pacotes <\/b><span style=\"font-weight: 400;\">para o feriado de S\u00e3o Jorge e viaje com quem entende de turismo no Rio de Janeiro.<\/span><\/p>\n<p><span style=\"font-weight: 400;\">Fale com nossa equipe e receba <\/span><a href=\"https:\/\/wa.me\/5522997984497\" target=\"_blank\" rel=\"noopener\"><b>sugest\u00f5es personalizadas pelo WhatsApp<\/b><\/a><b>!<\/b><\/p>\n<p><span style=\"font-weight: 400;\">E se quiser mais dicas como essa, acompanhe o blog da In B\u00fazios e nos siga nas <\/span><a href=\"https:\/\/www.instagram.com\/inbuzios\" target=\"_blank\" rel=\"noopener\"><b>redes sociais<\/b><\/a><span style=\"font-weight: 400;\">. Estamos sempre prontos para te levar aos melhores lugares do estado!<\/span><\/p>\n","protected":false},"excerpt":{"rendered":"<p>O feriado de S\u00e3o Jorge, celebrado em 23 de abril, \u00e9 uma das datas mais significativas da cultura carioca. E com a pausa oficial no estado do Rio de Janeiro,&#8230;<\/p>\n","protected":false},"author":2,"featured_media":5438,"comment_status":"open","ping_status":"open","sticky":false,"template":"","format":"standard","meta":{"_jetpack_memberships_contains_paid_content":false,"footnotes":""},"categories":[5,164],"tags":[],"class_list":["post-5436","post","type-post","status-publish","format-standard","has-post-thumbnail","hentry","category-lugares-para-conhecer-no-rio-de-janeiro","category-rio-de-janeiro"],"yoast_head":"<!-- This site is optimized with the Yoast SEO plugin v27.4 - https:\/\/yoast.com\/product\/yoast-seo-wordpress\/ -->\n<title>5 motivos para viajar no feriado de S\u00e3o Jorge - In B\u00fazios<\/title>\n<meta name=\"description\" content=\"O feriado de S\u00e3o Jorge \u00e9 a oportunidade ideal para explorar o Rio de Janeiro com experi\u00eancias \u00fanicas. Confira motivos para viajar nessa data.\" \/>\n<meta name=\"robots\" content=\"index, follow, max-snippet:-1, max-image-preview:large, max-video-preview:-1\" \/>\n<link rel=\"canonical\" href=\"https:\/\/inbuzios.com.br\/blog\/2025\/04\/09\/5-motivos-para-viajar-no-feriado-de-sao-jorge\/\" \/>\n<meta property=\"og:locale\" content=\"pt_BR\" \/>\n<meta property=\"og:type\" content=\"article\" \/>\n<meta property=\"og:title\" content=\"5 motivos para viajar no feriado de S\u00e3o Jorge - In B\u00fazios\" \/>\n<meta property=\"og:description\" content=\"O feriado de S\u00e3o Jorge \u00e9 a oportunidade ideal para explorar o Rio de Janeiro com experi\u00eancias \u00fanicas. Confira motivos para viajar nessa data.\" \/>\n<meta property=\"og:url\" content=\"https:\/\/inbuzios.com.br\/blog\/2025\/04\/09\/5-motivos-para-viajar-no-feriado-de-sao-jorge\/\" \/>\n<meta property=\"og:site_name\" content=\"In B\u00fazios\" \/>\n<meta property=\"article:published_time\" content=\"2025-04-09T12:30:41+00:00\" \/>\n<meta property=\"article:modified_time\" content=\"2025-04-15T12:34:12+00:00\" \/>\n<meta property=\"og:image\" content=\"https:\/\/inbuzios.com.br\/blog\/wp-content\/uploads\/2025\/04\/2-3.png\" \/>\n\t<meta property=\"og:image:width\" content=\"655\" \/>\n\t<meta property=\"og:image:height\" content=\"455\" \/>\n\t<meta property=\"og:image:type\" content=\"image\/png\" \/>\n<meta name=\"author\" content=\"Administrador InBuzios\" \/>\n<meta name=\"twitter:card\" content=\"summary_large_image\" \/>\n<meta name=\"twitter:label1\" content=\"Escrito por\" \/>\n\t<meta name=\"twitter:data1\" content=\"Administrador InBuzios\" \/>\n\t<meta name=\"twitter:label2\" content=\"Est. tempo de leitura\" \/>\n\t<meta name=\"twitter:data2\" content=\"4 minutos\" \/>\n<script type=\"application\/ld+json\" class=\"yoast-schema-graph\">{\"@context\":\"https:\\\/\\\/schema.org\",\"@graph\":[{\"@type\":\"Article\",\"@id\":\"https:\\\/\\\/inbuzios.com.br\\\/blog\\\/2025\\\/04\\\/09\\\/5-motivos-para-viajar-no-feriado-de-sao-jorge\\\/#article\",\"isPartOf\":{\"@id\":\"https:\\\/\\\/inbuzios.com.br\\\/blog\\\/2025\\\/04\\\/09\\\/5-motivos-para-viajar-no-feriado-de-sao-jorge\\\/\"},\"author\":{\"name\":\"Administrador InBuzios\",\"@id\":\"https:\\\/\\\/inbuzios.com.br\\\/blog\\\/#\\\/schema\\\/person\\\/bbea7ab9669a1a34c0a5ca8af89947e4\"},\"headline\":\"5 motivos para viajar no feriado de S\u00e3o Jorge\",\"datePublished\":\"2025-04-09T12:30:41+00:00\",\"dateModified\":\"2025-04-15T12:34:12+00:00\",\"mainEntityOfPage\":{\"@id\":\"https:\\\/\\\/inbuzios.com.br\\\/blog\\\/2025\\\/04\\\/09\\\/5-motivos-para-viajar-no-feriado-de-sao-jorge\\\/\"},\"wordCount\":503,\"commentCount\":0,\"image\":{\"@id\":\"https:\\\/\\\/inbuzios.com.br\\\/blog\\\/2025\\\/04\\\/09\\\/5-motivos-para-viajar-no-feriado-de-sao-jorge\\\/#primaryimage\"},\"thumbnailUrl\":\"https:\\\/\\\/inbuzios.com.br\\\/blog\\\/wp-content\\\/uploads\\\/2025\\\/04\\\/2-3.png\",\"articleSection\":[\"Lugares para conhecer no Rio de Janeiro\",\"Rio de Janeiro\"],\"inLanguage\":\"pt-BR\",\"potentialAction\":[{\"@type\":\"CommentAction\",\"name\":\"Comment\",\"target\":[\"https:\\\/\\\/inbuzios.com.br\\\/blog\\\/2025\\\/04\\\/09\\\/5-motivos-para-viajar-no-feriado-de-sao-jorge\\\/#respond\"]}]},{\"@type\":\"WebPage\",\"@id\":\"https:\\\/\\\/inbuzios.com.br\\\/blog\\\/2025\\\/04\\\/09\\\/5-motivos-para-viajar-no-feriado-de-sao-jorge\\\/\",\"url\":\"https:\\\/\\\/inbuzios.com.br\\\/blog\\\/2025\\\/04\\\/09\\\/5-motivos-para-viajar-no-feriado-de-sao-jorge\\\/\",\"name\":\"5 motivos para viajar no feriado de S\u00e3o Jorge - In B\u00fazios\",\"isPartOf\":{\"@id\":\"https:\\\/\\\/inbuzios.com.br\\\/blog\\\/#website\"},\"primaryImageOfPage\":{\"@id\":\"https:\\\/\\\/inbuzios.com.br\\\/blog\\\/2025\\\/04\\\/09\\\/5-motivos-para-viajar-no-feriado-de-sao-jorge\\\/#primaryimage\"},\"image\":{\"@id\":\"https:\\\/\\\/inbuzios.com.br\\\/blog\\\/2025\\\/04\\\/09\\\/5-motivos-para-viajar-no-feriado-de-sao-jorge\\\/#primaryimage\"},\"thumbnailUrl\":\"https:\\\/\\\/inbuzios.com.br\\\/blog\\\/wp-content\\\/uploads\\\/2025\\\/04\\\/2-3.png\",\"datePublished\":\"2025-04-09T12:30:41+00:00\",\"dateModified\":\"2025-04-15T12:34:12+00:00\",\"author\":{\"@id\":\"https:\\\/\\\/inbuzios.com.br\\\/blog\\\/#\\\/schema\\\/person\\\/bbea7ab9669a1a34c0a5ca8af89947e4\"},\"description\":\"O feriado de S\u00e3o Jorge \u00e9 a oportunidade ideal para explorar o Rio de Janeiro com experi\u00eancias \u00fanicas. Confira motivos para viajar nessa data.\",\"breadcrumb\":{\"@id\":\"https:\\\/\\\/inbuzios.com.br\\\/blog\\\/2025\\\/04\\\/09\\\/5-motivos-para-viajar-no-feriado-de-sao-jorge\\\/#breadcrumb\"},\"inLanguage\":\"pt-BR\",\"potentialAction\":[{\"@type\":\"ReadAction\",\"target\":[\"https:\\\/\\\/inbuzios.com.br\\\/blog\\\/2025\\\/04\\\/09\\\/5-motivos-para-viajar-no-feriado-de-sao-jorge\\\/\"]}]},{\"@type\":\"ImageObject\",\"inLanguage\":\"pt-BR\",\"@id\":\"https:\\\/\\\/inbuzios.com.br\\\/blog\\\/2025\\\/04\\\/09\\\/5-motivos-para-viajar-no-feriado-de-sao-jorge\\\/#primaryimage\",\"url\":\"https:\\\/\\\/inbuzios.com.br\\\/blog\\\/wp-content\\\/uploads\\\/2025\\\/04\\\/2-3.png\",\"contentUrl\":\"https:\\\/\\\/inbuzios.com.br\\\/blog\\\/wp-content\\\/uploads\\\/2025\\\/04\\\/2-3.png\",\"width\":655,\"height\":455},{\"@type\":\"BreadcrumbList\",\"@id\":\"https:\\\/\\\/inbuzios.com.br\\\/blog\\\/2025\\\/04\\\/09\\\/5-motivos-para-viajar-no-feriado-de-sao-jorge\\\/#breadcrumb\",\"itemListElement\":[{\"@type\":\"ListItem\",\"position\":1,\"name\":\"In\u00edcio\",\"item\":\"https:\\\/\\\/inbuzios.com.br\\\/blog\\\/\"},{\"@type\":\"ListItem\",\"position\":2,\"name\":\"5 motivos para viajar no feriado de S\u00e3o Jorge\"}]},{\"@type\":\"WebSite\",\"@id\":\"https:\\\/\\\/inbuzios.com.br\\\/blog\\\/#website\",\"url\":\"https:\\\/\\\/inbuzios.com.br\\\/blog\\\/\",\"name\":\"In B\u00fazios\",\"description\":\"Turismo Receptivo\",\"potentialAction\":[{\"@type\":\"SearchAction\",\"target\":{\"@type\":\"EntryPoint\",\"urlTemplate\":\"https:\\\/\\\/inbuzios.com.br\\\/blog\\\/?s={search_term_string}\"},\"query-input\":{\"@type\":\"PropertyValueSpecification\",\"valueRequired\":true,\"valueName\":\"search_term_string\"}}],\"inLanguage\":\"pt-BR\"},{\"@type\":\"Person\",\"@id\":\"https:\\\/\\\/inbuzios.com.br\\\/blog\\\/#\\\/schema\\\/person\\\/bbea7ab9669a1a34c0a5ca8af89947e4\",\"name\":\"Administrador InBuzios\",\"image\":{\"@type\":\"ImageObject\",\"inLanguage\":\"pt-BR\",\"@id\":\"https:\\\/\\\/secure.gravatar.com\\\/avatar\\\/8b70eaa2d258abec51683c3d2372e954b262626305a737d15b94d7bd297bbd7b?s=96&d=mm&r=g\",\"url\":\"https:\\\/\\\/secure.gravatar.com\\\/avatar\\\/8b70eaa2d258abec51683c3d2372e954b262626305a737d15b94d7bd297bbd7b?s=96&d=mm&r=g\",\"contentUrl\":\"https:\\\/\\\/secure.gravatar.com\\\/avatar\\\/8b70eaa2d258abec51683c3d2372e954b262626305a737d15b94d7bd297bbd7b?s=96&d=mm&r=g\",\"caption\":\"Administrador InBuzios\"},\"sameAs\":[\"http:\\\/\\\/www.inbuzios.com\"],\"url\":\"https:\\\/\\\/inbuzios.com.br\\\/blog\\\/author\\\/inbuzios\\\/\"}]}<\/script>\n<!-- \/ Yoast SEO plugin. -->","yoast_head_json":{"title":"5 motivos para viajar no feriado de S\u00e3o Jorge - In B\u00fazios","description":"O feriado de S\u00e3o Jorge \u00e9 a oportunidade ideal para explorar o Rio de Janeiro com experi\u00eancias \u00fanicas. Confira motivos para viajar nessa data.","robots":{"index":"index","follow":"follow","max-snippet":"max-snippet:-1","max-image-preview":"max-image-preview:large","max-video-preview":"max-video-preview:-1"},"canonical":"https:\/\/inbuzios.com.br\/blog\/2025\/04\/09\/5-motivos-para-viajar-no-feriado-de-sao-jorge\/","og_locale":"pt_BR","og_type":"article","og_title":"5 motivos para viajar no feriado de S\u00e3o Jorge - In B\u00fazios","og_description":"O feriado de S\u00e3o Jorge \u00e9 a oportunidade ideal para explorar o Rio de Janeiro com experi\u00eancias \u00fanicas. Confira motivos para viajar nessa data.","og_url":"https:\/\/inbuzios.com.br\/blog\/2025\/04\/09\/5-motivos-para-viajar-no-feriado-de-sao-jorge\/","og_site_name":"In B\u00fazios","article_published_time":"2025-04-09T12:30:41+00:00","article_modified_time":"2025-04-15T12:34:12+00:00","og_image":[{"width":655,"height":455,"url":"https:\/\/inbuzios.com.br\/blog\/wp-content\/uploads\/2025\/04\/2-3.png","type":"image\/png"}],"author":"Administrador InBuzios","twitter_card":"summary_large_image","twitter_misc":{"Escrito por":"Administrador InBuzios","Est. tempo de leitura":"4 minutos"},"schema":{"@context":"https:\/\/schema.org","@graph":[{"@type":"Article","@id":"https:\/\/inbuzios.com.br\/blog\/2025\/04\/09\/5-motivos-para-viajar-no-feriado-de-sao-jorge\/#article","isPartOf":{"@id":"https:\/\/inbuzios.com.br\/blog\/2025\/04\/09\/5-motivos-para-viajar-no-feriado-de-sao-jorge\/"},"author":{"name":"Administrador InBuzios","@id":"https:\/\/inbuzios.com.br\/blog\/#\/schema\/person\/bbea7ab9669a1a34c0a5ca8af89947e4"},"headline":"5 motivos para viajar no feriado de S\u00e3o Jorge","datePublished":"2025-04-09T12:30:41+00:00","dateModified":"2025-04-15T12:34:12+00:00","mainEntityOfPage":{"@id":"https:\/\/inbuzios.com.br\/blog\/2025\/04\/09\/5-motivos-para-viajar-no-feriado-de-sao-jorge\/"},"wordCount":503,"commentCount":0,"image":{"@id":"https:\/\/inbuzios.com.br\/blog\/2025\/04\/09\/5-motivos-para-viajar-no-feriado-de-sao-jorge\/#primaryimage"},"thumbnailUrl":"https:\/\/inbuzios.com.br\/blog\/wp-content\/uploads\/2025\/04\/2-3.png","articleSection":["Lugares para conhecer no Rio de Janeiro","Rio de Janeiro"],"inLanguage":"pt-BR","potentialAction":[{"@type":"CommentAction","name":"Comment","target":["https:\/\/inbuzios.com.br\/blog\/2025\/04\/09\/5-motivos-para-viajar-no-feriado-de-sao-jorge\/#respond"]}]},{"@type":"WebPage","@id":"https:\/\/inbuzios.com.br\/blog\/2025\/04\/09\/5-motivos-para-viajar-no-feriado-de-sao-jorge\/","url":"https:\/\/inbuzios.com.br\/blog\/2025\/04\/09\/5-motivos-para-viajar-no-feriado-de-sao-jorge\/","name":"5 motivos para viajar no feriado de S\u00e3o Jorge - In B\u00fazios","isPartOf":{"@id":"https:\/\/inbuzios.com.br\/blog\/#website"},"primaryImageOfPage":{"@id":"https:\/\/inbuzios.com.br\/blog\/2025\/04\/09\/5-motivos-para-viajar-no-feriado-de-sao-jorge\/#primaryimage"},"image":{"@id":"https:\/\/inbuzios.com.br\/blog\/2025\/04\/09\/5-motivos-para-viajar-no-feriado-de-sao-jorge\/#primaryimage"},"thumbnailUrl":"https:\/\/inbuzios.com.br\/blog\/wp-content\/uploads\/2025\/04\/2-3.png","datePublished":"2025-04-09T12:30:41+00:00","dateModified":"2025-04-15T12:34:12+00:00","author":{"@id":"https:\/\/inbuzios.com.br\/blog\/#\/schema\/person\/bbea7ab9669a1a34c0a5ca8af89947e4"},"description":"O feriado de S\u00e3o Jorge \u00e9 a oportunidade ideal para explorar o Rio de Janeiro com experi\u00eancias \u00fanicas. Confira motivos para viajar nessa data.","breadcrumb":{"@id":"https:\/\/inbuzios.com.br\/blog\/2025\/04\/09\/5-motivos-para-viajar-no-feriado-de-sao-jorge\/#breadcrumb"},"inLanguage":"pt-BR","potentialAction":[{"@type":"ReadAction","target":["https:\/\/inbuzios.com.br\/blog\/2025\/04\/09\/5-motivos-para-viajar-no-feriado-de-sao-jorge\/"]}]},{"@type":"ImageObject","inLanguage":"pt-BR","@id":"https:\/\/inbuzios.com.br\/blog\/2025\/04\/09\/5-motivos-para-viajar-no-feriado-de-sao-jorge\/#primaryimage","url":"https:\/\/inbuzios.com.br\/blog\/wp-content\/uploads\/2025\/04\/2-3.png","contentUrl":"https:\/\/inbuzios.com.br\/blog\/wp-content\/uploads\/2025\/04\/2-3.png","width":655,"height":455},{"@type":"BreadcrumbList","@id":"https:\/\/inbuzios.com.br\/blog\/2025\/04\/09\/5-motivos-para-viajar-no-feriado-de-sao-jorge\/#breadcrumb","itemListElement":[{"@type":"ListItem","position":1,"name":"In\u00edcio","item":"https:\/\/inbuzios.com.br\/blog\/"},{"@type":"ListItem","position":2,"name":"5 motivos para viajar no feriado de S\u00e3o Jorge"}]},{"@type":"WebSite","@id":"https:\/\/inbuzios.com.br\/blog\/#website","url":"https:\/\/inbuzios.com.br\/blog\/","name":"In B\u00fazios","description":"Turismo Receptivo","potentialAction":[{"@type":"SearchAction","target":{"@type":"EntryPoint","urlTemplate":"https:\/\/inbuzios.com.br\/blog\/?s={search_term_string}"},"query-input":{"@type":"PropertyValueSpecification","valueRequired":true,"valueName":"search_term_string"}}],"inLanguage":"pt-BR"},{"@type":"Person","@id":"https:\/\/inbuzios.com.br\/blog\/#\/schema\/person\/bbea7ab9669a1a34c0a5ca8af89947e4","name":"Administrador InBuzios","image":{"@type":"ImageObject","inLanguage":"pt-BR","@id":"https:\/\/secure.gravatar.com\/avatar\/8b70eaa2d258abec51683c3d2372e954b262626305a737d15b94d7bd297bbd7b?s=96&d=mm&r=g","url":"https:\/\/secure.gravatar.com\/avatar\/8b70eaa2d258abec51683c3d2372e954b262626305a737d15b94d7bd297bbd7b?s=96&d=mm&r=g","contentUrl":"https:\/\/secure.gravatar.com\/avatar\/8b70eaa2d258abec51683c3d2372e954b262626305a737d15b94d7bd297bbd7b?s=96&d=mm&r=g","caption":"Administrador InBuzios"},"sameAs":["http:\/\/www.inbuzios.com"],"url":"https:\/\/inbuzios.com.br\/blog\/author\/inbuzios\/"}]}},"jetpack_featured_media_url":"https:\/\/inbuzios.com.br\/blog\/wp-content\/uploads\/2025\/04\/2-3.png","jetpack_sharing_enabled":true,"amp_enabled":true,"_links":{"self":[{"href":"https:\/\/inbuzios.com.br\/blog\/wp-json\/wp\/v2\/posts\/5436","targetHints":{"allow":["GET"]}}],"collection":[{"href":"https:\/\/inbuzios.com.br\/blog\/wp-json\/wp\/v2\/posts"}],"about":[{"href":"https:\/\/inbuzios.com.br\/blog\/wp-json\/wp\/v2\/types\/post"}],"author":[{"embeddable":true,"href":"https:\/\/inbuzios.com.br\/blog\/wp-json\/wp\/v2\/users\/2"}],"replies":[{"embeddable":true,"href":"https:\/\/inbuzios.com.br\/blog\/wp-json\/wp\/v2\/comments?post=5436"}],"version-history":[{"count":1,"href":"https:\/\/inbuzios.com.br\/blog\/wp-json\/wp\/v2\/posts\/5436\/revisions"}],"predecessor-version":[{"id":5441,"href":"https:\/\/inbuzios.com.br\/blog\/wp-json\/wp\/v2\/posts\/5436\/revisions\/5441"}],"wp:featuredmedia":[{"embeddable":true,"href":"https:\/\/inbuzios.com.br\/blog\/wp-json\/wp\/v2\/media\/5438"}],"wp:attachment":[{"href":"https:\/\/inbuzios.com.br\/blog\/wp-json\/wp\/v2\/media?parent=5436"}],"wp:term":[{"taxonomy":"category","embeddable":true,"href":"https:\/\/inbuzios.com.br\/blog\/wp-json\/wp\/v2\/categories?post=5436"},{"taxonomy":"post_tag","embeddable":true,"href":"https:\/\/inbuzios.com.br\/blog\/wp-json\/wp\/v2\/tags?post=5436"}],"curies":[{"name":"wp","href":"https:\/\/api.w.org\/{rel}","templated":true}]}}