{"id":5664,"date":"2025-10-28T10:00:42","date_gmt":"2025-10-28T10:00:42","guid":{"rendered":"https:\/\/inbuzios.com.br\/blog\/?p=5664"},"modified":"2025-11-09T01:49:42","modified_gmt":"2025-11-09T01:49:42","slug":"checklist-para-programar-suas-ferias-de-dezembro-no-rio-de-janeiro","status":"publish","type":"post","link":"https:\/\/inbuzios.com.br\/blog\/2025\/10\/28\/checklist-para-programar-suas-ferias-de-dezembro-no-rio-de-janeiro\/","title":{"rendered":"Checklist para programar suas f\u00e9rias de dezembro no Rio de Janeiro"},"content":{"rendered":"<p><span style=\"font-weight: 400;\">As f\u00e9rias de dezembro s\u00e3o o momento perfeito para desacelerar, recarregar as energias e aproveitar o que o Rio de Janeiro tem de melhor. Sol, mar, natureza, cultura e boa gastronomia se encontram em um mesmo destino. E com um bom planejamento, sua viagem pode ser ainda mais tranquila e proveitosa.<\/span><\/p>\n<p><span style=\"font-weight: 400;\">Se voc\u00ea est\u00e1 pensando em passar as f\u00e9rias de dezembro no RJ, este checklist vai te ajudar a organizar tudo antes da viagem.<\/span><\/p>\n<p><img loading=\"lazy\" decoding=\"async\" class=\"size-full wp-image-5666 aligncenter\" src=\"https:\/\/inbuzios.com.br\/blog\/wp-content\/uploads\/2025\/11\/91.png\" alt=\"\" width=\"655\" height=\"455\" srcset=\"https:\/\/inbuzios.com.br\/blog\/wp-content\/uploads\/2025\/11\/91.png 655w, https:\/\/inbuzios.com.br\/blog\/wp-content\/uploads\/2025\/11\/91-300x208.png 300w, https:\/\/inbuzios.com.br\/blog\/wp-content\/uploads\/2025\/11\/91-600x417.png 600w\" sizes=\"auto, (max-width: 655px) 100vw, 655px\" \/><\/p>\n<h2><span style=\"font-weight: 400;\">1. Escolha as datas e reserve com anteced\u00eancia<\/span><\/h2>\n<p><span style=\"font-weight: 400;\">Dezembro marca o in\u00edcio do ver\u00e3o e da alta temporada no Rio de Janeiro. As praias lotam, os hot\u00e9is ficam mais concorridos e os passeios esgotam r\u00e1pido. Por isso, o primeiro passo \u00e9 definir suas datas e garantir hospedagem, transporte e passeios com anteced\u00eancia.<\/span><\/p>\n<p><span style=\"font-weight: 400;\">Uma boa dica \u00e9 chegar entre o fim de novembro e o in\u00edcio de dezembro, quando o clima j\u00e1 est\u00e1 \u00f3timo e a cidade ainda n\u00e3o est\u00e1 no pico de movimento.<\/span><\/p>\n<p><img loading=\"lazy\" decoding=\"async\" class=\"size-full wp-image-5667 aligncenter\" src=\"https:\/\/inbuzios.com.br\/blog\/wp-content\/uploads\/2025\/11\/92.png\" alt=\"\" width=\"655\" height=\"455\" srcset=\"https:\/\/inbuzios.com.br\/blog\/wp-content\/uploads\/2025\/11\/92.png 655w, https:\/\/inbuzios.com.br\/blog\/wp-content\/uploads\/2025\/11\/92-300x208.png 300w, https:\/\/inbuzios.com.br\/blog\/wp-content\/uploads\/2025\/11\/92-600x417.png 600w\" sizes=\"auto, (max-width: 655px) 100vw, 655px\" \/><\/p>\n<h2><span style=\"font-weight: 400;\">2. Monte um roteiro equilibrado<\/span><\/h2>\n<p><span style=\"font-weight: 400;\">O Rio \u00e9 um destino que une o melhor dos dois mundos: a energia da cidade e a tranquilidade do litoral. Monte um roteiro que combine experi\u00eancias urbanas e dias de descanso \u00e0 beira-mar.<\/span><\/p>\n<p><span style=\"font-weight: 400;\">Na capital, vale incluir o Cristo Redentor, o P\u00e3o de A\u00e7\u00facar, o Jardim Bot\u00e2nico e o p\u00f4r do sol no Arpoador. Se tiver mais tempo, estenda sua viagem para B\u00fazios, Arraial do Cabo e Cabo Frio, tr\u00eas cidades encantadoras que ficam a poucas horas da capital e oferecem praias paradis\u00edacas, gastronomia marcante e passeios inesquec\u00edveis.<\/span><\/p>\n<h2><span style=\"font-weight: 400;\">3. Organize o transporte com seguran\u00e7a<\/span><\/h2>\n<p><span style=\"font-weight: 400;\">Durante as f\u00e9rias de dezembro, o tr\u00e2nsito costuma ser mais intenso, especialmente nas sa\u00eddas para a Regi\u00e3o dos Lagos. Por isso, contar com um <\/span><a href=\"https:\/\/inbuzios.com.br\/blog\/2025\/03\/07\/como-escolher-o-melhor-transfer-para-sua-viagem\/\"><b>servi\u00e7o de transfer<\/b><\/a> <span style=\"font-weight: 400;\">confi\u00e1vel faz toda a diferen\u00e7a.<\/span><\/p>\n<p><span style=\"font-weight: 400;\">Empresas especializadas como a In B\u00fazios oferecem traslados confort\u00e1veis, seguros e pontuais entre o Rio e os principais destinos tur\u00edsticos. Assim, voc\u00ea pode relaxar durante o trajeto e come\u00e7ar as f\u00e9rias sem preocupa\u00e7\u00f5es.<\/span><\/p>\n<p><img loading=\"lazy\" decoding=\"async\" class=\"size-full wp-image-5665 aligncenter\" src=\"https:\/\/inbuzios.com.br\/blog\/wp-content\/uploads\/2025\/11\/90.png\" alt=\"\" width=\"655\" height=\"455\" srcset=\"https:\/\/inbuzios.com.br\/blog\/wp-content\/uploads\/2025\/11\/90.png 655w, https:\/\/inbuzios.com.br\/blog\/wp-content\/uploads\/2025\/11\/90-300x208.png 300w, https:\/\/inbuzios.com.br\/blog\/wp-content\/uploads\/2025\/11\/90-600x417.png 600w\" sizes=\"auto, (max-width: 655px) 100vw, 655px\" \/><\/p>\n<h2><span style=\"font-weight: 400;\">4. Fa\u00e7a reservas de passeios com anteced\u00eancia<\/span><\/h2>\n<p><span style=\"font-weight: 400;\">Seja um passeio de barco em <\/span><a href=\"https:\/\/inbuzios.com.br\/blog\/2025\/09\/10\/guia-completo-para-curtir-arraial-do-cabo-pela-primeira-vez\/\"><b>Arraial do Cabo<\/b><\/a><span style=\"font-weight: 400;\">, uma trilha leve at\u00e9 o Mirante Dona Marta ou um tour gastron\u00f4mico em B\u00fazios, o ideal \u00e9 garantir tudo antes da viagem.<\/span><\/p>\n<p><span style=\"font-weight: 400;\">Al\u00e9m de evitar filas e lota\u00e7\u00e3o, voc\u00ea pode montar um cronograma mais organizado, equilibrando momentos de lazer, descanso e explora\u00e7\u00e3o.<\/span><\/p>\n<p><b>Dica:<\/b><span style=\"font-weight: 400;\"> prefira empresas credenciadas, com bons guias e suporte em portugu\u00eas e espanhol.<\/span><\/p>\n<h2><span style=\"font-weight: 400;\">5. Prepare-se para o clima<\/span><\/h2>\n<p><span style=\"font-weight: 400;\">O ver\u00e3o carioca \u00e9 quente e \u00famido, por isso, roupas leves, chap\u00e9u, protetor solar e garrafinha de \u00e1gua s\u00e3o indispens\u00e1veis. Tenha tamb\u00e9m um plano para os dias de chuva, que s\u00e3o comuns em dezembro, e aproveite para visitar museus, centros culturais ou saborear um caf\u00e9 com vista para o mar.<\/span><\/p>\n<p><img loading=\"lazy\" decoding=\"async\" class=\"size-full wp-image-5668 aligncenter\" src=\"https:\/\/inbuzios.com.br\/blog\/wp-content\/uploads\/2025\/11\/93.png\" alt=\"\" width=\"655\" height=\"455\" srcset=\"https:\/\/inbuzios.com.br\/blog\/wp-content\/uploads\/2025\/11\/93.png 655w, https:\/\/inbuzios.com.br\/blog\/wp-content\/uploads\/2025\/11\/93-300x208.png 300w, https:\/\/inbuzios.com.br\/blog\/wp-content\/uploads\/2025\/11\/93-600x417.png 600w\" sizes=\"auto, (max-width: 655px) 100vw, 655px\" \/><\/p>\n<h2><span style=\"font-weight: 400;\">6. Inclua experi\u00eancias<\/span><\/h2>\n<p><span style=\"font-weight: 400;\">F\u00e9rias perfeitas s\u00e3o aquelas que combinam com o seu estilo. Quer relaxar? Reserve um hotel p\u00e9 na areia e aproveite o nascer do sol em B\u00fazios. Prefere algo mais animado? Explore a vida noturna da Lapa e o samba no Rio.<\/span><\/p>\n<p><span style=\"font-weight: 400;\">E se estiver em casal, aproveite para incluir passeios mais rom\u00e2nticos, como o p\u00f4r do sol no Mirante do Leblon ou um jantar \u00e0 beira-mar.<\/span><\/p>\n<h2><span style=\"font-weight: 400;\">7. Revise o checklist final<\/span><\/h2>\n<p><span style=\"font-weight: 400;\">\u2705 Reservas confirmadas<\/span><\/p>\n<p><span style=\"font-weight: 400;\">\u2705 Transfer agendado<\/span><\/p>\n<p><span style=\"font-weight: 400;\">\u2705 Passeios e ingressos garantidos<\/span><\/p>\n<p><span style=\"font-weight: 400;\">\u2705 Documentos e bagagem prontos<\/span><\/p>\n<p><span style=\"font-weight: 400;\">\u2705 Curiosidade e disposi\u00e7\u00e3o para viver o melhor do Rio<\/span><\/p>\n<p><span style=\"font-weight: 400;\">Com tudo organizado, \u00e9 s\u00f3 embarcar e deixar o Rio encantar voc\u00ea com sua energia \u00fanica. Afinal, planejar suas f\u00e9rias de dezembro com anteced\u00eancia \u00e9 a melhor forma de garantir conforto, seguran\u00e7a e experi\u00eancias incr\u00edveis. O Rio de Janeiro est\u00e1 pronto para receber voc\u00ea com paisagens de tirar o f\u00f4lego, boa comida e pessoas acolhedoras.<\/span><\/p>\n<p><span style=\"font-weight: 400;\">E se quiser uma viagem ainda mais tranquila, conte com a <\/span><a href=\"https:\/\/www.inbuzios.com\/home\"><b>In B\u00fazios<\/b><\/a><span style=\"font-weight: 400;\">: h\u00e1 20 anos conectando pessoas, destinos e experi\u00eancias pelo Rio.<\/span><\/p>\n","protected":false},"excerpt":{"rendered":"<p>As f\u00e9rias de dezembro s\u00e3o o momento perfeito para desacelerar, recarregar as energias e aproveitar o que o Rio de Janeiro tem de melhor. Sol, mar, natureza, cultura e boa&#8230;<\/p>\n","protected":false},"author":2,"featured_media":5669,"comment_status":"open","ping_status":"open","sticky":false,"template":"","format":"standard","meta":{"_jetpack_memberships_contains_paid_content":false,"footnotes":""},"categories":[164],"tags":[],"class_list":["post-5664","post","type-post","status-publish","format-standard","has-post-thumbnail","hentry","category-rio-de-janeiro"],"yoast_head":"<!-- This site is optimized with the Yoast SEO plugin v27.4 - https:\/\/yoast.com\/product\/yoast-seo-wordpress\/ -->\n<title>Checklist para programar suas f\u00e9rias de dezembro no Rio de Janeiro - In B\u00fazios<\/title>\n<meta name=\"description\" content=\"Planeje suas f\u00e9rias de dezembro no RJ com este checklist completo. Dicas de roteiros, passeios, transporte e o que fazer para aproveitar o melhor do ver\u00e3o carioca.\" \/>\n<meta name=\"robots\" content=\"index, follow, max-snippet:-1, max-image-preview:large, max-video-preview:-1\" \/>\n<link rel=\"canonical\" href=\"https:\/\/inbuzios.com.br\/blog\/2025\/10\/28\/checklist-para-programar-suas-ferias-de-dezembro-no-rio-de-janeiro\/\" \/>\n<meta property=\"og:locale\" content=\"pt_BR\" \/>\n<meta property=\"og:type\" content=\"article\" \/>\n<meta property=\"og:title\" content=\"Checklist para programar suas f\u00e9rias de dezembro no Rio de Janeiro - In B\u00fazios\" \/>\n<meta property=\"og:description\" content=\"Planeje suas f\u00e9rias de dezembro no RJ com este checklist completo. Dicas de roteiros, passeios, transporte e o que fazer para aproveitar o melhor do ver\u00e3o carioca.\" \/>\n<meta property=\"og:url\" content=\"https:\/\/inbuzios.com.br\/blog\/2025\/10\/28\/checklist-para-programar-suas-ferias-de-dezembro-no-rio-de-janeiro\/\" \/>\n<meta property=\"og:site_name\" content=\"In B\u00fazios\" \/>\n<meta property=\"article:published_time\" content=\"2025-10-28T10:00:42+00:00\" \/>\n<meta property=\"article:modified_time\" content=\"2025-11-09T01:49:42+00:00\" \/>\n<meta property=\"og:image\" content=\"https:\/\/inbuzios.com.br\/blog\/wp-content\/uploads\/2025\/11\/94.png\" \/>\n\t<meta property=\"og:image:width\" content=\"655\" \/>\n\t<meta property=\"og:image:height\" content=\"455\" \/>\n\t<meta property=\"og:image:type\" content=\"image\/png\" \/>\n<meta name=\"author\" content=\"Administrador InBuzios\" \/>\n<meta name=\"twitter:card\" content=\"summary_large_image\" \/>\n<meta name=\"twitter:label1\" content=\"Escrito por\" \/>\n\t<meta name=\"twitter:data1\" content=\"Administrador InBuzios\" \/>\n\t<meta name=\"twitter:label2\" content=\"Est. tempo de leitura\" \/>\n\t<meta name=\"twitter:data2\" content=\"5 minutos\" \/>\n<script type=\"application\/ld+json\" class=\"yoast-schema-graph\">{\"@context\":\"https:\\\/\\\/schema.org\",\"@graph\":[{\"@type\":\"Article\",\"@id\":\"https:\\\/\\\/inbuzios.com.br\\\/blog\\\/2025\\\/10\\\/28\\\/checklist-para-programar-suas-ferias-de-dezembro-no-rio-de-janeiro\\\/#article\",\"isPartOf\":{\"@id\":\"https:\\\/\\\/inbuzios.com.br\\\/blog\\\/2025\\\/10\\\/28\\\/checklist-para-programar-suas-ferias-de-dezembro-no-rio-de-janeiro\\\/\"},\"author\":{\"name\":\"Administrador InBuzios\",\"@id\":\"https:\\\/\\\/inbuzios.com.br\\\/blog\\\/#\\\/schema\\\/person\\\/bbea7ab9669a1a34c0a5ca8af89947e4\"},\"headline\":\"Checklist para programar suas f\u00e9rias de dezembro no Rio de Janeiro\",\"datePublished\":\"2025-10-28T10:00:42+00:00\",\"dateModified\":\"2025-11-09T01:49:42+00:00\",\"mainEntityOfPage\":{\"@id\":\"https:\\\/\\\/inbuzios.com.br\\\/blog\\\/2025\\\/10\\\/28\\\/checklist-para-programar-suas-ferias-de-dezembro-no-rio-de-janeiro\\\/\"},\"wordCount\":679,\"commentCount\":0,\"image\":{\"@id\":\"https:\\\/\\\/inbuzios.com.br\\\/blog\\\/2025\\\/10\\\/28\\\/checklist-para-programar-suas-ferias-de-dezembro-no-rio-de-janeiro\\\/#primaryimage\"},\"thumbnailUrl\":\"https:\\\/\\\/inbuzios.com.br\\\/blog\\\/wp-content\\\/uploads\\\/2025\\\/11\\\/94.png\",\"articleSection\":[\"Rio de Janeiro\"],\"inLanguage\":\"pt-BR\",\"potentialAction\":[{\"@type\":\"CommentAction\",\"name\":\"Comment\",\"target\":[\"https:\\\/\\\/inbuzios.com.br\\\/blog\\\/2025\\\/10\\\/28\\\/checklist-para-programar-suas-ferias-de-dezembro-no-rio-de-janeiro\\\/#respond\"]}]},{\"@type\":\"WebPage\",\"@id\":\"https:\\\/\\\/inbuzios.com.br\\\/blog\\\/2025\\\/10\\\/28\\\/checklist-para-programar-suas-ferias-de-dezembro-no-rio-de-janeiro\\\/\",\"url\":\"https:\\\/\\\/inbuzios.com.br\\\/blog\\\/2025\\\/10\\\/28\\\/checklist-para-programar-suas-ferias-de-dezembro-no-rio-de-janeiro\\\/\",\"name\":\"Checklist para programar suas f\u00e9rias de dezembro no Rio de Janeiro - In B\u00fazios\",\"isPartOf\":{\"@id\":\"https:\\\/\\\/inbuzios.com.br\\\/blog\\\/#website\"},\"primaryImageOfPage\":{\"@id\":\"https:\\\/\\\/inbuzios.com.br\\\/blog\\\/2025\\\/10\\\/28\\\/checklist-para-programar-suas-ferias-de-dezembro-no-rio-de-janeiro\\\/#primaryimage\"},\"image\":{\"@id\":\"https:\\\/\\\/inbuzios.com.br\\\/blog\\\/2025\\\/10\\\/28\\\/checklist-para-programar-suas-ferias-de-dezembro-no-rio-de-janeiro\\\/#primaryimage\"},\"thumbnailUrl\":\"https:\\\/\\\/inbuzios.com.br\\\/blog\\\/wp-content\\\/uploads\\\/2025\\\/11\\\/94.png\",\"datePublished\":\"2025-10-28T10:00:42+00:00\",\"dateModified\":\"2025-11-09T01:49:42+00:00\",\"author\":{\"@id\":\"https:\\\/\\\/inbuzios.com.br\\\/blog\\\/#\\\/schema\\\/person\\\/bbea7ab9669a1a34c0a5ca8af89947e4\"},\"description\":\"Planeje suas f\u00e9rias de dezembro no RJ com este checklist completo. Dicas de roteiros, passeios, transporte e o que fazer para aproveitar o melhor do ver\u00e3o carioca.\",\"breadcrumb\":{\"@id\":\"https:\\\/\\\/inbuzios.com.br\\\/blog\\\/2025\\\/10\\\/28\\\/checklist-para-programar-suas-ferias-de-dezembro-no-rio-de-janeiro\\\/#breadcrumb\"},\"inLanguage\":\"pt-BR\",\"potentialAction\":[{\"@type\":\"ReadAction\",\"target\":[\"https:\\\/\\\/inbuzios.com.br\\\/blog\\\/2025\\\/10\\\/28\\\/checklist-para-programar-suas-ferias-de-dezembro-no-rio-de-janeiro\\\/\"]}]},{\"@type\":\"ImageObject\",\"inLanguage\":\"pt-BR\",\"@id\":\"https:\\\/\\\/inbuzios.com.br\\\/blog\\\/2025\\\/10\\\/28\\\/checklist-para-programar-suas-ferias-de-dezembro-no-rio-de-janeiro\\\/#primaryimage\",\"url\":\"https:\\\/\\\/inbuzios.com.br\\\/blog\\\/wp-content\\\/uploads\\\/2025\\\/11\\\/94.png\",\"contentUrl\":\"https:\\\/\\\/inbuzios.com.br\\\/blog\\\/wp-content\\\/uploads\\\/2025\\\/11\\\/94.png\",\"width\":655,\"height\":455},{\"@type\":\"BreadcrumbList\",\"@id\":\"https:\\\/\\\/inbuzios.com.br\\\/blog\\\/2025\\\/10\\\/28\\\/checklist-para-programar-suas-ferias-de-dezembro-no-rio-de-janeiro\\\/#breadcrumb\",\"itemListElement\":[{\"@type\":\"ListItem\",\"position\":1,\"name\":\"In\u00edcio\",\"item\":\"https:\\\/\\\/inbuzios.com.br\\\/blog\\\/\"},{\"@type\":\"ListItem\",\"position\":2,\"name\":\"Checklist para programar suas f\u00e9rias de dezembro no Rio de Janeiro\"}]},{\"@type\":\"WebSite\",\"@id\":\"https:\\\/\\\/inbuzios.com.br\\\/blog\\\/#website\",\"url\":\"https:\\\/\\\/inbuzios.com.br\\\/blog\\\/\",\"name\":\"In B\u00fazios\",\"description\":\"Turismo Receptivo\",\"potentialAction\":[{\"@type\":\"SearchAction\",\"target\":{\"@type\":\"EntryPoint\",\"urlTemplate\":\"https:\\\/\\\/inbuzios.com.br\\\/blog\\\/?s={search_term_string}\"},\"query-input\":{\"@type\":\"PropertyValueSpecification\",\"valueRequired\":true,\"valueName\":\"search_term_string\"}}],\"inLanguage\":\"pt-BR\"},{\"@type\":\"Person\",\"@id\":\"https:\\\/\\\/inbuzios.com.br\\\/blog\\\/#\\\/schema\\\/person\\\/bbea7ab9669a1a34c0a5ca8af89947e4\",\"name\":\"Administrador InBuzios\",\"image\":{\"@type\":\"ImageObject\",\"inLanguage\":\"pt-BR\",\"@id\":\"https:\\\/\\\/secure.gravatar.com\\\/avatar\\\/8b70eaa2d258abec51683c3d2372e954b262626305a737d15b94d7bd297bbd7b?s=96&d=mm&r=g\",\"url\":\"https:\\\/\\\/secure.gravatar.com\\\/avatar\\\/8b70eaa2d258abec51683c3d2372e954b262626305a737d15b94d7bd297bbd7b?s=96&d=mm&r=g\",\"contentUrl\":\"https:\\\/\\\/secure.gravatar.com\\\/avatar\\\/8b70eaa2d258abec51683c3d2372e954b262626305a737d15b94d7bd297bbd7b?s=96&d=mm&r=g\",\"caption\":\"Administrador InBuzios\"},\"sameAs\":[\"http:\\\/\\\/www.inbuzios.com\"],\"url\":\"https:\\\/\\\/inbuzios.com.br\\\/blog\\\/author\\\/inbuzios\\\/\"}]}<\/script>\n<!-- \/ Yoast SEO plugin. -->","yoast_head_json":{"title":"Checklist para programar suas f\u00e9rias de dezembro no Rio de Janeiro - In B\u00fazios","description":"Planeje suas f\u00e9rias de dezembro no RJ com este checklist completo. Dicas de roteiros, passeios, transporte e o que fazer para aproveitar o melhor do ver\u00e3o carioca.","robots":{"index":"index","follow":"follow","max-snippet":"max-snippet:-1","max-image-preview":"max-image-preview:large","max-video-preview":"max-video-preview:-1"},"canonical":"https:\/\/inbuzios.com.br\/blog\/2025\/10\/28\/checklist-para-programar-suas-ferias-de-dezembro-no-rio-de-janeiro\/","og_locale":"pt_BR","og_type":"article","og_title":"Checklist para programar suas f\u00e9rias de dezembro no Rio de Janeiro - In B\u00fazios","og_description":"Planeje suas f\u00e9rias de dezembro no RJ com este checklist completo. Dicas de roteiros, passeios, transporte e o que fazer para aproveitar o melhor do ver\u00e3o carioca.","og_url":"https:\/\/inbuzios.com.br\/blog\/2025\/10\/28\/checklist-para-programar-suas-ferias-de-dezembro-no-rio-de-janeiro\/","og_site_name":"In B\u00fazios","article_published_time":"2025-10-28T10:00:42+00:00","article_modified_time":"2025-11-09T01:49:42+00:00","og_image":[{"width":655,"height":455,"url":"https:\/\/inbuzios.com.br\/blog\/wp-content\/uploads\/2025\/11\/94.png","type":"image\/png"}],"author":"Administrador InBuzios","twitter_card":"summary_large_image","twitter_misc":{"Escrito por":"Administrador InBuzios","Est. tempo de leitura":"5 minutos"},"schema":{"@context":"https:\/\/schema.org","@graph":[{"@type":"Article","@id":"https:\/\/inbuzios.com.br\/blog\/2025\/10\/28\/checklist-para-programar-suas-ferias-de-dezembro-no-rio-de-janeiro\/#article","isPartOf":{"@id":"https:\/\/inbuzios.com.br\/blog\/2025\/10\/28\/checklist-para-programar-suas-ferias-de-dezembro-no-rio-de-janeiro\/"},"author":{"name":"Administrador InBuzios","@id":"https:\/\/inbuzios.com.br\/blog\/#\/schema\/person\/bbea7ab9669a1a34c0a5ca8af89947e4"},"headline":"Checklist para programar suas f\u00e9rias de dezembro no Rio de Janeiro","datePublished":"2025-10-28T10:00:42+00:00","dateModified":"2025-11-09T01:49:42+00:00","mainEntityOfPage":{"@id":"https:\/\/inbuzios.com.br\/blog\/2025\/10\/28\/checklist-para-programar-suas-ferias-de-dezembro-no-rio-de-janeiro\/"},"wordCount":679,"commentCount":0,"image":{"@id":"https:\/\/inbuzios.com.br\/blog\/2025\/10\/28\/checklist-para-programar-suas-ferias-de-dezembro-no-rio-de-janeiro\/#primaryimage"},"thumbnailUrl":"https:\/\/inbuzios.com.br\/blog\/wp-content\/uploads\/2025\/11\/94.png","articleSection":["Rio de Janeiro"],"inLanguage":"pt-BR","potentialAction":[{"@type":"CommentAction","name":"Comment","target":["https:\/\/inbuzios.com.br\/blog\/2025\/10\/28\/checklist-para-programar-suas-ferias-de-dezembro-no-rio-de-janeiro\/#respond"]}]},{"@type":"WebPage","@id":"https:\/\/inbuzios.com.br\/blog\/2025\/10\/28\/checklist-para-programar-suas-ferias-de-dezembro-no-rio-de-janeiro\/","url":"https:\/\/inbuzios.com.br\/blog\/2025\/10\/28\/checklist-para-programar-suas-ferias-de-dezembro-no-rio-de-janeiro\/","name":"Checklist para programar suas f\u00e9rias de dezembro no Rio de Janeiro - In B\u00fazios","isPartOf":{"@id":"https:\/\/inbuzios.com.br\/blog\/#website"},"primaryImageOfPage":{"@id":"https:\/\/inbuzios.com.br\/blog\/2025\/10\/28\/checklist-para-programar-suas-ferias-de-dezembro-no-rio-de-janeiro\/#primaryimage"},"image":{"@id":"https:\/\/inbuzios.com.br\/blog\/2025\/10\/28\/checklist-para-programar-suas-ferias-de-dezembro-no-rio-de-janeiro\/#primaryimage"},"thumbnailUrl":"https:\/\/inbuzios.com.br\/blog\/wp-content\/uploads\/2025\/11\/94.png","datePublished":"2025-10-28T10:00:42+00:00","dateModified":"2025-11-09T01:49:42+00:00","author":{"@id":"https:\/\/inbuzios.com.br\/blog\/#\/schema\/person\/bbea7ab9669a1a34c0a5ca8af89947e4"},"description":"Planeje suas f\u00e9rias de dezembro no RJ com este checklist completo. Dicas de roteiros, passeios, transporte e o que fazer para aproveitar o melhor do ver\u00e3o carioca.","breadcrumb":{"@id":"https:\/\/inbuzios.com.br\/blog\/2025\/10\/28\/checklist-para-programar-suas-ferias-de-dezembro-no-rio-de-janeiro\/#breadcrumb"},"inLanguage":"pt-BR","potentialAction":[{"@type":"ReadAction","target":["https:\/\/inbuzios.com.br\/blog\/2025\/10\/28\/checklist-para-programar-suas-ferias-de-dezembro-no-rio-de-janeiro\/"]}]},{"@type":"ImageObject","inLanguage":"pt-BR","@id":"https:\/\/inbuzios.com.br\/blog\/2025\/10\/28\/checklist-para-programar-suas-ferias-de-dezembro-no-rio-de-janeiro\/#primaryimage","url":"https:\/\/inbuzios.com.br\/blog\/wp-content\/uploads\/2025\/11\/94.png","contentUrl":"https:\/\/inbuzios.com.br\/blog\/wp-content\/uploads\/2025\/11\/94.png","width":655,"height":455},{"@type":"BreadcrumbList","@id":"https:\/\/inbuzios.com.br\/blog\/2025\/10\/28\/checklist-para-programar-suas-ferias-de-dezembro-no-rio-de-janeiro\/#breadcrumb","itemListElement":[{"@type":"ListItem","position":1,"name":"In\u00edcio","item":"https:\/\/inbuzios.com.br\/blog\/"},{"@type":"ListItem","position":2,"name":"Checklist para programar suas f\u00e9rias de dezembro no Rio de Janeiro"}]},{"@type":"WebSite","@id":"https:\/\/inbuzios.com.br\/blog\/#website","url":"https:\/\/inbuzios.com.br\/blog\/","name":"In B\u00fazios","description":"Turismo Receptivo","potentialAction":[{"@type":"SearchAction","target":{"@type":"EntryPoint","urlTemplate":"https:\/\/inbuzios.com.br\/blog\/?s={search_term_string}"},"query-input":{"@type":"PropertyValueSpecification","valueRequired":true,"valueName":"search_term_string"}}],"inLanguage":"pt-BR"},{"@type":"Person","@id":"https:\/\/inbuzios.com.br\/blog\/#\/schema\/person\/bbea7ab9669a1a34c0a5ca8af89947e4","name":"Administrador InBuzios","image":{"@type":"ImageObject","inLanguage":"pt-BR","@id":"https:\/\/secure.gravatar.com\/avatar\/8b70eaa2d258abec51683c3d2372e954b262626305a737d15b94d7bd297bbd7b?s=96&d=mm&r=g","url":"https:\/\/secure.gravatar.com\/avatar\/8b70eaa2d258abec51683c3d2372e954b262626305a737d15b94d7bd297bbd7b?s=96&d=mm&r=g","contentUrl":"https:\/\/secure.gravatar.com\/avatar\/8b70eaa2d258abec51683c3d2372e954b262626305a737d15b94d7bd297bbd7b?s=96&d=mm&r=g","caption":"Administrador InBuzios"},"sameAs":["http:\/\/www.inbuzios.com"],"url":"https:\/\/inbuzios.com.br\/blog\/author\/inbuzios\/"}]}},"jetpack_featured_media_url":"https:\/\/inbuzios.com.br\/blog\/wp-content\/uploads\/2025\/11\/94.png","jetpack_sharing_enabled":true,"amp_enabled":true,"_links":{"self":[{"href":"https:\/\/inbuzios.com.br\/blog\/wp-json\/wp\/v2\/posts\/5664","targetHints":{"allow":["GET"]}}],"collection":[{"href":"https:\/\/inbuzios.com.br\/blog\/wp-json\/wp\/v2\/posts"}],"about":[{"href":"https:\/\/inbuzios.com.br\/blog\/wp-json\/wp\/v2\/types\/post"}],"author":[{"embeddable":true,"href":"https:\/\/inbuzios.com.br\/blog\/wp-json\/wp\/v2\/users\/2"}],"replies":[{"embeddable":true,"href":"https:\/\/inbuzios.com.br\/blog\/wp-json\/wp\/v2\/comments?post=5664"}],"version-history":[{"count":1,"href":"https:\/\/inbuzios.com.br\/blog\/wp-json\/wp\/v2\/posts\/5664\/revisions"}],"predecessor-version":[{"id":5670,"href":"https:\/\/inbuzios.com.br\/blog\/wp-json\/wp\/v2\/posts\/5664\/revisions\/5670"}],"wp:featuredmedia":[{"embeddable":true,"href":"https:\/\/inbuzios.com.br\/blog\/wp-json\/wp\/v2\/media\/5669"}],"wp:attachment":[{"href":"https:\/\/inbuzios.com.br\/blog\/wp-json\/wp\/v2\/media?parent=5664"}],"wp:term":[{"taxonomy":"category","embeddable":true,"href":"https:\/\/inbuzios.com.br\/blog\/wp-json\/wp\/v2\/categories?post=5664"},{"taxonomy":"post_tag","embeddable":true,"href":"https:\/\/inbuzios.com.br\/blog\/wp-json\/wp\/v2\/tags?post=5664"}],"curies":[{"name":"wp","href":"https:\/\/api.w.org\/{rel}","templated":true}]}}