{"id":5724,"date":"2025-12-23T15:59:37","date_gmt":"2025-12-23T15:59:37","guid":{"rendered":"https:\/\/inbuzios.com.br\/blog\/?p=5724"},"modified":"2025-12-29T16:01:42","modified_gmt":"2025-12-29T16:01:42","slug":"guia-definitivo-para-viajar-no-verao-para-o-rio-o-que-voce-precisa-saber","status":"publish","type":"post","link":"https:\/\/inbuzios.com.br\/blog\/2025\/12\/23\/guia-definitivo-para-viajar-no-verao-para-o-rio-o-que-voce-precisa-saber\/","title":{"rendered":"Guia definitivo para viajar no ver\u00e3o para o Rio: o que voc\u00ea precisa saber"},"content":{"rendered":"<p><span style=\"font-weight: 400;\">Viajar durante o <\/span><b>ver\u00e3o no Rio de Janeiro<\/b><span style=\"font-weight: 400;\"> \u00e9 viver uma combina\u00e7\u00e3o \u00fanica de praias vibrantes, dias ensolarados, paisagens ic\u00f4nicas e energia contagiante. Mas, para aproveitar tudo sem desgaste, \u00e9 importante saber exatamente o que esperar da esta\u00e7\u00e3o mais quente do ano.\u00a0<\/span><\/p>\n<p><span style=\"font-weight: 400;\">Neste guia completo, voc\u00ea encontra tudo o que precisa para planejar sua viagem: clima, experi\u00eancias imperd\u00edveis, passeios baratos e dicas essenciais para se locomover com tranquilidade pelo RJ.<\/span><\/p>\n<h2><b>Como \u00e9 o clima no ver\u00e3o no Rio de Janeiro?<\/b><\/h2>\n<p><span style=\"font-weight: 400;\">O <\/span><b>ver\u00e3o no Rio de Janeiro<\/b><span style=\"font-weight: 400;\"> vai de dezembro a mar\u00e7o e marca o per\u00edodo mais quente do ano. As temperaturas costumam variar entre <\/span><b>28\u00b0C e 40\u00b0C<\/b><span style=\"font-weight: 400;\">, dependendo da regi\u00e3o e do hor\u00e1rio. Sensa\u00e7\u00f5es t\u00e9rmicas acima de 42\u00b0C s\u00e3o comuns, especialmente nos bairros mais urbanos, como Centro, Barra da Tijuca e Zona Norte.<\/span><\/p>\n<p><span style=\"font-weight: 400;\">Alguns pontos importantes sobre o clima:<\/span><\/p>\n<ul>\n<li style=\"font-weight: 400;\" aria-level=\"1\"><b>Dias quentes e ensolarados<\/b><span style=\"font-weight: 400;\"> s\u00e3o maioria.<\/span><\/li>\n<li style=\"font-weight: 400;\" aria-level=\"1\"><span style=\"font-weight: 400;\">No fim da tarde, \u00e9 comum ocorrerem <\/span><b>chuvas r\u00e1pidas<\/b><span style=\"font-weight: 400;\">, t\u00edpicas da esta\u00e7\u00e3o, que refrescam a cidade e diminuem a sensa\u00e7\u00e3o t\u00e9rmica.<\/span><\/li>\n<li style=\"font-weight: 400;\" aria-level=\"1\"><span style=\"font-weight: 400;\">A umidade costuma ser alta, o que faz o calor parecer ainda mais intenso.<\/span><\/li>\n<\/ul>\n<p><b>Dica:<\/b><span style=\"font-weight: 400;\"> leve protetor solar, garrafinha de \u00e1gua e roupas leves. E, claro, prepare-se para apreciar pores do sol absolutamente incr\u00edveis.<\/span><\/p>\n<p><img loading=\"lazy\" decoding=\"async\" class=\"size-full wp-image-5711 aligncenter\" src=\"https:\/\/inbuzios.com.br\/blog\/wp-content\/uploads\/2025\/12\/124.png\" alt=\"\" width=\"655\" height=\"455\" srcset=\"https:\/\/inbuzios.com.br\/blog\/wp-content\/uploads\/2025\/12\/124.png 655w, https:\/\/inbuzios.com.br\/blog\/wp-content\/uploads\/2025\/12\/124-300x208.png 300w, https:\/\/inbuzios.com.br\/blog\/wp-content\/uploads\/2025\/12\/124-600x417.png 600w\" sizes=\"auto, (max-width: 655px) 100vw, 655px\" \/><\/p>\n<h2><b>Lugares que voc\u00ea precisa conhecer durante o ver\u00e3o no RJ<\/b><\/h2>\n<p><span style=\"font-weight: 400;\">O <\/span><b>ver\u00e3o no Rio de Janeiro<\/b><span style=\"font-weight: 400;\"> favorece praticamente todos os tipos de passeios: praias, trilhas, museus e atra\u00e7\u00f5es urbanas. Aqui v\u00e3o os principais lugares que n\u00e3o podem faltar no seu roteiro:<\/span><\/p>\n<h3><b>1. Praias da Zona Sul<\/b><\/h3>\n<ul>\n<li style=\"font-weight: 400;\" aria-level=\"1\"><b>Copacabana<\/b><span style=\"font-weight: 400;\">: ic\u00f4nica, movimentada e cheia de vida.<\/span><\/li>\n<li style=\"font-weight: 400;\" aria-level=\"1\"><b>Ipanema<\/b><span style=\"font-weight: 400;\">: perfeita para ver o p\u00f4r do sol no Arpoador.<\/span><\/li>\n<li style=\"font-weight: 400;\" aria-level=\"1\"><b>Leblon<\/b><span style=\"font-weight: 400;\">: tranquila e \u00f3tima para fam\u00edlias.<\/span><\/li>\n<\/ul>\n<h3><b>2. Mirantes para fotos perfeitas<\/b><\/h3>\n<ul>\n<li style=\"font-weight: 400;\" aria-level=\"1\"><b>Mirante Dona Marta<\/b><span style=\"font-weight: 400;\">: vista cinematogr\u00e1fica do P\u00e3o de A\u00e7\u00facar e Cristo.<\/span><\/li>\n<li style=\"font-weight: 400;\" aria-level=\"1\"><b>Pedra Bonita<\/b><span style=\"font-weight: 400;\">: caminho f\u00e1cil e recompensa extraordin\u00e1ria.<\/span><\/li>\n<\/ul>\n<h3><b>3. P\u00e3o de A\u00e7\u00facar e Cristo Redentor<\/b><\/h3>\n<p><span style=\"font-weight: 400;\">Os dois cart\u00f5es-postais continuam imbat\u00edveis. No ver\u00e3o, recomenda-se visitar pela manh\u00e3 para evitar hor\u00e1rios de maior movimento e calor extremo.<\/span><\/p>\n<p><img loading=\"lazy\" decoding=\"async\" class=\"size-full wp-image-5712 aligncenter\" src=\"https:\/\/inbuzios.com.br\/blog\/wp-content\/uploads\/2025\/12\/125.png\" alt=\"\" width=\"655\" height=\"455\" srcset=\"https:\/\/inbuzios.com.br\/blog\/wp-content\/uploads\/2025\/12\/125.png 655w, https:\/\/inbuzios.com.br\/blog\/wp-content\/uploads\/2025\/12\/125-300x208.png 300w, https:\/\/inbuzios.com.br\/blog\/wp-content\/uploads\/2025\/12\/125-600x417.png 600w\" sizes=\"auto, (max-width: 655px) 100vw, 655px\" \/><\/p>\n<h3><b>4. Regi\u00e3o dos Lagos (bate e volta ou pernoite)<\/b><\/h3>\n<p><span style=\"font-weight: 400;\">Se voc\u00ea quer aproveitar \u00e1guas cristalinas, inclua no roteiro:<\/span><\/p>\n<ul>\n<li style=\"font-weight: 400;\" aria-level=\"1\"><b>Arraial do Cabo<\/b><\/li>\n<li style=\"font-weight: 400;\" aria-level=\"1\"><b>B\u00fazios<\/b><\/li>\n<li style=\"font-weight: 400;\" aria-level=\"1\"><b>Cabo Frio<\/b><\/li>\n<\/ul>\n<p><span style=\"font-weight: 400;\">\u00c9 um complemento perfeito ao ver\u00e3o carioca: mar azul, dunas, trilhas leves e clima delicioso.<\/span><\/p>\n<h3><b>5. Serra do RJ para fugir um pouco do calor<\/b><\/h3>\n<p><span style=\"font-weight: 400;\">A apenas 1h30 da capital:<\/span><\/p>\n<ul>\n<li style=\"font-weight: 400;\" aria-level=\"1\"><b>Petr\u00f3polis<\/b><\/li>\n<li style=\"font-weight: 400;\" aria-level=\"1\"><b>Teres\u00f3polis<\/b><\/li>\n<li style=\"font-weight: 400;\" aria-level=\"1\"><b>Nova Friburgo<\/b><\/li>\n<\/ul>\n<p><span style=\"font-weight: 400;\">Cultura, gastronomia e clima mais fresco.<\/span><\/p>\n<p><img loading=\"lazy\" decoding=\"async\" class=\"size-full wp-image-5713 aligncenter\" src=\"https:\/\/inbuzios.com.br\/blog\/wp-content\/uploads\/2025\/12\/126.png\" alt=\"\" width=\"655\" height=\"455\" srcset=\"https:\/\/inbuzios.com.br\/blog\/wp-content\/uploads\/2025\/12\/126.png 655w, https:\/\/inbuzios.com.br\/blog\/wp-content\/uploads\/2025\/12\/126-300x208.png 300w, https:\/\/inbuzios.com.br\/blog\/wp-content\/uploads\/2025\/12\/126-600x417.png 600w\" sizes=\"auto, (max-width: 655px) 100vw, 655px\" \/><\/p>\n<h2><b>Passeios baratos para curtir o ver\u00e3o sem gastar muito<\/b><\/h2>\n<p><span style=\"font-weight: 400;\">Se a ideia \u00e9 economizar sem perder experi\u00eancias incr\u00edveis, o <\/span><b>ver\u00e3o no Rio de Janeiro<\/b><span style=\"font-weight: 400;\"> tem op\u00e7\u00f5es para todos os bolsos. Aqui v\u00e3o algumas sugest\u00f5es:<\/span><\/p>\n<h3><b>1. P\u00f4r do sol no Arpoador<\/b><\/h3>\n<p><span style=\"font-weight: 400;\">Gratuito, ic\u00f4nico e emocionante. Um dos mais famosos do Brasil.<\/span><\/p>\n<h3><b>2. Lagoa Rodrigo de Freitas<\/b><\/h3>\n<p><span style=\"font-weight: 400;\">Perfeita para caminhar, alugar bicicleta, fazer piquenique ou simplesmente apreciar a vista.<\/span><\/p>\n<h3><b>3. Parque Lage<\/b><\/h3>\n<p><span style=\"font-weight: 400;\">Entrada gratuita, natureza intensa e cen\u00e1rio digno de filme.<\/span><\/p>\n<h3><b>4. Trilha da Pedra do Tel\u00e9grafo (Guaratiba)<\/b><\/h3>\n<p><span style=\"font-weight: 400;\">Famosa pelas fotos criativas, a trilha \u00e9 acess\u00edvel e rende um visual deslumbrante.<\/span><span style=\"font-weight: 400;\"><br \/>\n<\/span><span style=\"font-weight: 400;\"> Leve \u00e1gua e prefira hor\u00e1rios mais frescos.<\/span><\/p>\n<h3><b>5. Museu do Amanh\u00e3<\/b><\/h3>\n<p><span style=\"font-weight: 400;\">Com ingressos acess\u00edveis, une ci\u00eancia, tecnologia e arquitetura moderna em plena Pra\u00e7a Mau\u00e1.<\/span><\/p>\n<h3><b>6. Praias da Zona Oeste<\/b><\/h3>\n<p><span style=\"font-weight: 400;\">Prainha e Grumari s\u00e3o verdadeiros para\u00edsos, sem custo e com paisagens bel\u00edssimas.<\/span><\/p>\n<p><img loading=\"lazy\" decoding=\"async\" class=\"size-full wp-image-5714 aligncenter\" src=\"https:\/\/inbuzios.com.br\/blog\/wp-content\/uploads\/2025\/12\/127.png\" alt=\"\" width=\"655\" height=\"455\" srcset=\"https:\/\/inbuzios.com.br\/blog\/wp-content\/uploads\/2025\/12\/127.png 655w, https:\/\/inbuzios.com.br\/blog\/wp-content\/uploads\/2025\/12\/127-300x208.png 300w, https:\/\/inbuzios.com.br\/blog\/wp-content\/uploads\/2025\/12\/127-600x417.png 600w\" sizes=\"auto, (max-width: 655px) 100vw, 655px\" \/><\/p>\n<h2><b>Dicas finais para aproveitar o ver\u00e3o no Rio de Janeiro sem perrengues<\/b><\/h2>\n<ul>\n<li style=\"font-weight: 400;\" aria-level=\"1\"><span style=\"font-weight: 400;\">Evite longas caminhadas entre 11h e 15h.<\/span><\/li>\n<li style=\"font-weight: 400;\" aria-level=\"1\"><span style=\"font-weight: 400;\">Compre ingressos de atra\u00e7\u00f5es com anteced\u00eancia.<\/span><\/li>\n<li style=\"font-weight: 400;\" aria-level=\"1\"><span style=\"font-weight: 400;\">Tenha sempre um plano B para dias de chuva r\u00e1pida.<\/span><\/li>\n<li style=\"font-weight: 400;\" aria-level=\"1\"><span style=\"font-weight: 400;\">Use protetor solar at\u00e9 nos dias nublados.<\/span><\/li>\n<li style=\"font-weight: 400;\" aria-level=\"1\"><span style=\"font-weight: 400;\">Priorize deslocamentos seguros.<\/span><\/li>\n<\/ul>\n<p><span style=\"font-weight: 400;\">E, principalmente, <\/span><b>n\u00e3o deixe a log\u00edstica atrapalhar sua viagem<\/b><span style=\"font-weight: 400;\">.<\/span><\/p>\n<h2><b>Precisa de transfer no RJ? Viaje com tranquilidade com a In B\u00fazios<\/b><\/h2>\n<p><img loading=\"lazy\" decoding=\"async\" class=\"size-full wp-image-5710 aligncenter\" src=\"https:\/\/inbuzios.com.br\/blog\/wp-content\/uploads\/2025\/12\/123.png\" alt=\"\" width=\"655\" height=\"455\" srcset=\"https:\/\/inbuzios.com.br\/blog\/wp-content\/uploads\/2025\/12\/123.png 655w, https:\/\/inbuzios.com.br\/blog\/wp-content\/uploads\/2025\/12\/123-300x208.png 300w, https:\/\/inbuzios.com.br\/blog\/wp-content\/uploads\/2025\/12\/123-600x417.png 600w\" sizes=\"auto, (max-width: 655px) 100vw, 655px\" \/><\/p>\n<p><span style=\"font-weight: 400;\">Se voc\u00ea quer aproveitar o <\/span><b>ver\u00e3o no Rio de Janeiro<\/b><span style=\"font-weight: 400;\"> com mais conforto, organiza\u00e7\u00e3o e seguran\u00e7a, a <\/span><b>In B\u00fazios<\/b><span style=\"font-weight: 400;\"> oferece:<\/span><\/p>\n<ul>\n<li style=\"font-weight: 400;\" aria-level=\"1\"><b>Transfers do aeroporto para hotel e entre cidades<\/b><\/li>\n<li style=\"font-weight: 400;\" aria-level=\"1\"><b>City tours no Rio, B\u00fazios, Arraial e Petr\u00f3polis<\/b><\/li>\n<li style=\"font-weight: 400;\" aria-level=\"1\"><b>Apoio de guias experientes<\/b><\/li>\n<li style=\"font-weight: 400;\" aria-level=\"1\"><b>Frota pr\u00f3pria, confort\u00e1vel e confi\u00e1vel<\/b><\/li>\n<\/ul>\n<p><span style=\"font-weight: 400;\">Assim, voc\u00ea evita deslocamentos cansativos, mant\u00e9m sua viagem organizada e aproveita cada momento de verdade.<\/span><\/p>\n<p><b>Entre em contato e garanta seu transfer ou passeio para o ver\u00e3o no RJ.<\/b><\/p>\n","protected":false},"excerpt":{"rendered":"<p>Viajar durante o ver\u00e3o no Rio de Janeiro \u00e9 viver uma combina\u00e7\u00e3o \u00fanica de praias vibrantes, dias ensolarados, paisagens ic\u00f4nicas e energia contagiante. Mas, para aproveitar tudo sem desgaste, \u00e9&#8230;<\/p>\n","protected":false},"author":2,"featured_media":5709,"comment_status":"open","ping_status":"open","sticky":false,"template":"","format":"standard","meta":{"_jetpack_memberships_contains_paid_content":false,"footnotes":""},"categories":[5,164],"tags":[],"class_list":["post-5724","post","type-post","status-publish","format-standard","has-post-thumbnail","hentry","category-lugares-para-conhecer-no-rio-de-janeiro","category-rio-de-janeiro"],"yoast_head":"<!-- This site is optimized with the Yoast SEO plugin v27.4 - https:\/\/yoast.com\/product\/yoast-seo-wordpress\/ -->\n<title>Guia definitivo para viajar no ver\u00e3o para o Rio: o que voc\u00ea precisa saber - In B\u00fazios<\/title>\n<meta name=\"description\" content=\"Guia completo para viajar no ver\u00e3o no Rio de Janeiro: clima, temperaturas, passeios baratos, e dicas para aproveitar a esta\u00e7\u00e3o com conforto.\" \/>\n<meta name=\"robots\" content=\"index, follow, max-snippet:-1, max-image-preview:large, max-video-preview:-1\" \/>\n<link rel=\"canonical\" href=\"https:\/\/inbuzios.com.br\/blog\/2025\/12\/23\/guia-definitivo-para-viajar-no-verao-para-o-rio-o-que-voce-precisa-saber\/\" \/>\n<meta property=\"og:locale\" content=\"pt_BR\" \/>\n<meta property=\"og:type\" content=\"article\" \/>\n<meta property=\"og:title\" content=\"Guia definitivo para viajar no ver\u00e3o para o Rio: o que voc\u00ea precisa saber - In B\u00fazios\" \/>\n<meta property=\"og:description\" content=\"Guia completo para viajar no ver\u00e3o no Rio de Janeiro: clima, temperaturas, passeios baratos, e dicas para aproveitar a esta\u00e7\u00e3o com conforto.\" \/>\n<meta property=\"og:url\" content=\"https:\/\/inbuzios.com.br\/blog\/2025\/12\/23\/guia-definitivo-para-viajar-no-verao-para-o-rio-o-que-voce-precisa-saber\/\" \/>\n<meta property=\"og:site_name\" content=\"In B\u00fazios\" \/>\n<meta property=\"article:published_time\" content=\"2025-12-23T15:59:37+00:00\" \/>\n<meta property=\"article:modified_time\" content=\"2025-12-29T16:01:42+00:00\" \/>\n<meta property=\"og:image\" content=\"https:\/\/inbuzios.com.br\/blog\/wp-content\/uploads\/2025\/12\/122.png\" \/>\n\t<meta property=\"og:image:width\" content=\"655\" \/>\n\t<meta property=\"og:image:height\" content=\"455\" \/>\n\t<meta property=\"og:image:type\" content=\"image\/png\" \/>\n<meta name=\"author\" content=\"Administrador InBuzios\" \/>\n<meta name=\"twitter:card\" content=\"summary_large_image\" \/>\n<meta name=\"twitter:label1\" content=\"Escrito por\" \/>\n\t<meta name=\"twitter:data1\" content=\"Administrador InBuzios\" \/>\n\t<meta name=\"twitter:label2\" content=\"Est. tempo de leitura\" \/>\n\t<meta name=\"twitter:data2\" content=\"5 minutos\" \/>\n<script type=\"application\/ld+json\" class=\"yoast-schema-graph\">{\"@context\":\"https:\\\/\\\/schema.org\",\"@graph\":[{\"@type\":\"Article\",\"@id\":\"https:\\\/\\\/inbuzios.com.br\\\/blog\\\/2025\\\/12\\\/23\\\/guia-definitivo-para-viajar-no-verao-para-o-rio-o-que-voce-precisa-saber\\\/#article\",\"isPartOf\":{\"@id\":\"https:\\\/\\\/inbuzios.com.br\\\/blog\\\/2025\\\/12\\\/23\\\/guia-definitivo-para-viajar-no-verao-para-o-rio-o-que-voce-precisa-saber\\\/\"},\"author\":{\"name\":\"Administrador InBuzios\",\"@id\":\"https:\\\/\\\/inbuzios.com.br\\\/blog\\\/#\\\/schema\\\/person\\\/bbea7ab9669a1a34c0a5ca8af89947e4\"},\"headline\":\"Guia definitivo para viajar no ver\u00e3o para o Rio: o que voc\u00ea precisa saber\",\"datePublished\":\"2025-12-23T15:59:37+00:00\",\"dateModified\":\"2025-12-29T16:01:42+00:00\",\"mainEntityOfPage\":{\"@id\":\"https:\\\/\\\/inbuzios.com.br\\\/blog\\\/2025\\\/12\\\/23\\\/guia-definitivo-para-viajar-no-verao-para-o-rio-o-que-voce-precisa-saber\\\/\"},\"wordCount\":743,\"commentCount\":0,\"image\":{\"@id\":\"https:\\\/\\\/inbuzios.com.br\\\/blog\\\/2025\\\/12\\\/23\\\/guia-definitivo-para-viajar-no-verao-para-o-rio-o-que-voce-precisa-saber\\\/#primaryimage\"},\"thumbnailUrl\":\"https:\\\/\\\/inbuzios.com.br\\\/blog\\\/wp-content\\\/uploads\\\/2025\\\/12\\\/122.png\",\"articleSection\":[\"Lugares para conhecer no Rio de Janeiro\",\"Rio de Janeiro\"],\"inLanguage\":\"pt-BR\",\"potentialAction\":[{\"@type\":\"CommentAction\",\"name\":\"Comment\",\"target\":[\"https:\\\/\\\/inbuzios.com.br\\\/blog\\\/2025\\\/12\\\/23\\\/guia-definitivo-para-viajar-no-verao-para-o-rio-o-que-voce-precisa-saber\\\/#respond\"]}]},{\"@type\":\"WebPage\",\"@id\":\"https:\\\/\\\/inbuzios.com.br\\\/blog\\\/2025\\\/12\\\/23\\\/guia-definitivo-para-viajar-no-verao-para-o-rio-o-que-voce-precisa-saber\\\/\",\"url\":\"https:\\\/\\\/inbuzios.com.br\\\/blog\\\/2025\\\/12\\\/23\\\/guia-definitivo-para-viajar-no-verao-para-o-rio-o-que-voce-precisa-saber\\\/\",\"name\":\"Guia definitivo para viajar no ver\u00e3o para o Rio: o que voc\u00ea precisa saber - In B\u00fazios\",\"isPartOf\":{\"@id\":\"https:\\\/\\\/inbuzios.com.br\\\/blog\\\/#website\"},\"primaryImageOfPage\":{\"@id\":\"https:\\\/\\\/inbuzios.com.br\\\/blog\\\/2025\\\/12\\\/23\\\/guia-definitivo-para-viajar-no-verao-para-o-rio-o-que-voce-precisa-saber\\\/#primaryimage\"},\"image\":{\"@id\":\"https:\\\/\\\/inbuzios.com.br\\\/blog\\\/2025\\\/12\\\/23\\\/guia-definitivo-para-viajar-no-verao-para-o-rio-o-que-voce-precisa-saber\\\/#primaryimage\"},\"thumbnailUrl\":\"https:\\\/\\\/inbuzios.com.br\\\/blog\\\/wp-content\\\/uploads\\\/2025\\\/12\\\/122.png\",\"datePublished\":\"2025-12-23T15:59:37+00:00\",\"dateModified\":\"2025-12-29T16:01:42+00:00\",\"author\":{\"@id\":\"https:\\\/\\\/inbuzios.com.br\\\/blog\\\/#\\\/schema\\\/person\\\/bbea7ab9669a1a34c0a5ca8af89947e4\"},\"description\":\"Guia completo para viajar no ver\u00e3o no Rio de Janeiro: clima, temperaturas, passeios baratos, e dicas para aproveitar a esta\u00e7\u00e3o com conforto.\",\"breadcrumb\":{\"@id\":\"https:\\\/\\\/inbuzios.com.br\\\/blog\\\/2025\\\/12\\\/23\\\/guia-definitivo-para-viajar-no-verao-para-o-rio-o-que-voce-precisa-saber\\\/#breadcrumb\"},\"inLanguage\":\"pt-BR\",\"potentialAction\":[{\"@type\":\"ReadAction\",\"target\":[\"https:\\\/\\\/inbuzios.com.br\\\/blog\\\/2025\\\/12\\\/23\\\/guia-definitivo-para-viajar-no-verao-para-o-rio-o-que-voce-precisa-saber\\\/\"]}]},{\"@type\":\"ImageObject\",\"inLanguage\":\"pt-BR\",\"@id\":\"https:\\\/\\\/inbuzios.com.br\\\/blog\\\/2025\\\/12\\\/23\\\/guia-definitivo-para-viajar-no-verao-para-o-rio-o-que-voce-precisa-saber\\\/#primaryimage\",\"url\":\"https:\\\/\\\/inbuzios.com.br\\\/blog\\\/wp-content\\\/uploads\\\/2025\\\/12\\\/122.png\",\"contentUrl\":\"https:\\\/\\\/inbuzios.com.br\\\/blog\\\/wp-content\\\/uploads\\\/2025\\\/12\\\/122.png\",\"width\":655,\"height\":455},{\"@type\":\"BreadcrumbList\",\"@id\":\"https:\\\/\\\/inbuzios.com.br\\\/blog\\\/2025\\\/12\\\/23\\\/guia-definitivo-para-viajar-no-verao-para-o-rio-o-que-voce-precisa-saber\\\/#breadcrumb\",\"itemListElement\":[{\"@type\":\"ListItem\",\"position\":1,\"name\":\"In\u00edcio\",\"item\":\"https:\\\/\\\/inbuzios.com.br\\\/blog\\\/\"},{\"@type\":\"ListItem\",\"position\":2,\"name\":\"Guia definitivo para viajar no ver\u00e3o para o Rio: o que voc\u00ea precisa saber\"}]},{\"@type\":\"WebSite\",\"@id\":\"https:\\\/\\\/inbuzios.com.br\\\/blog\\\/#website\",\"url\":\"https:\\\/\\\/inbuzios.com.br\\\/blog\\\/\",\"name\":\"In B\u00fazios\",\"description\":\"Turismo Receptivo\",\"potentialAction\":[{\"@type\":\"SearchAction\",\"target\":{\"@type\":\"EntryPoint\",\"urlTemplate\":\"https:\\\/\\\/inbuzios.com.br\\\/blog\\\/?s={search_term_string}\"},\"query-input\":{\"@type\":\"PropertyValueSpecification\",\"valueRequired\":true,\"valueName\":\"search_term_string\"}}],\"inLanguage\":\"pt-BR\"},{\"@type\":\"Person\",\"@id\":\"https:\\\/\\\/inbuzios.com.br\\\/blog\\\/#\\\/schema\\\/person\\\/bbea7ab9669a1a34c0a5ca8af89947e4\",\"name\":\"Administrador InBuzios\",\"image\":{\"@type\":\"ImageObject\",\"inLanguage\":\"pt-BR\",\"@id\":\"https:\\\/\\\/secure.gravatar.com\\\/avatar\\\/8b70eaa2d258abec51683c3d2372e954b262626305a737d15b94d7bd297bbd7b?s=96&d=mm&r=g\",\"url\":\"https:\\\/\\\/secure.gravatar.com\\\/avatar\\\/8b70eaa2d258abec51683c3d2372e954b262626305a737d15b94d7bd297bbd7b?s=96&d=mm&r=g\",\"contentUrl\":\"https:\\\/\\\/secure.gravatar.com\\\/avatar\\\/8b70eaa2d258abec51683c3d2372e954b262626305a737d15b94d7bd297bbd7b?s=96&d=mm&r=g\",\"caption\":\"Administrador InBuzios\"},\"sameAs\":[\"http:\\\/\\\/www.inbuzios.com\"],\"url\":\"https:\\\/\\\/inbuzios.com.br\\\/blog\\\/author\\\/inbuzios\\\/\"}]}<\/script>\n<!-- \/ Yoast SEO plugin. -->","yoast_head_json":{"title":"Guia definitivo para viajar no ver\u00e3o para o Rio: o que voc\u00ea precisa saber - In B\u00fazios","description":"Guia completo para viajar no ver\u00e3o no Rio de Janeiro: clima, temperaturas, passeios baratos, e dicas para aproveitar a esta\u00e7\u00e3o com conforto.","robots":{"index":"index","follow":"follow","max-snippet":"max-snippet:-1","max-image-preview":"max-image-preview:large","max-video-preview":"max-video-preview:-1"},"canonical":"https:\/\/inbuzios.com.br\/blog\/2025\/12\/23\/guia-definitivo-para-viajar-no-verao-para-o-rio-o-que-voce-precisa-saber\/","og_locale":"pt_BR","og_type":"article","og_title":"Guia definitivo para viajar no ver\u00e3o para o Rio: o que voc\u00ea precisa saber - In B\u00fazios","og_description":"Guia completo para viajar no ver\u00e3o no Rio de Janeiro: clima, temperaturas, passeios baratos, e dicas para aproveitar a esta\u00e7\u00e3o com conforto.","og_url":"https:\/\/inbuzios.com.br\/blog\/2025\/12\/23\/guia-definitivo-para-viajar-no-verao-para-o-rio-o-que-voce-precisa-saber\/","og_site_name":"In B\u00fazios","article_published_time":"2025-12-23T15:59:37+00:00","article_modified_time":"2025-12-29T16:01:42+00:00","og_image":[{"width":655,"height":455,"url":"https:\/\/inbuzios.com.br\/blog\/wp-content\/uploads\/2025\/12\/122.png","type":"image\/png"}],"author":"Administrador InBuzios","twitter_card":"summary_large_image","twitter_misc":{"Escrito por":"Administrador InBuzios","Est. tempo de leitura":"5 minutos"},"schema":{"@context":"https:\/\/schema.org","@graph":[{"@type":"Article","@id":"https:\/\/inbuzios.com.br\/blog\/2025\/12\/23\/guia-definitivo-para-viajar-no-verao-para-o-rio-o-que-voce-precisa-saber\/#article","isPartOf":{"@id":"https:\/\/inbuzios.com.br\/blog\/2025\/12\/23\/guia-definitivo-para-viajar-no-verao-para-o-rio-o-que-voce-precisa-saber\/"},"author":{"name":"Administrador InBuzios","@id":"https:\/\/inbuzios.com.br\/blog\/#\/schema\/person\/bbea7ab9669a1a34c0a5ca8af89947e4"},"headline":"Guia definitivo para viajar no ver\u00e3o para o Rio: o que voc\u00ea precisa saber","datePublished":"2025-12-23T15:59:37+00:00","dateModified":"2025-12-29T16:01:42+00:00","mainEntityOfPage":{"@id":"https:\/\/inbuzios.com.br\/blog\/2025\/12\/23\/guia-definitivo-para-viajar-no-verao-para-o-rio-o-que-voce-precisa-saber\/"},"wordCount":743,"commentCount":0,"image":{"@id":"https:\/\/inbuzios.com.br\/blog\/2025\/12\/23\/guia-definitivo-para-viajar-no-verao-para-o-rio-o-que-voce-precisa-saber\/#primaryimage"},"thumbnailUrl":"https:\/\/inbuzios.com.br\/blog\/wp-content\/uploads\/2025\/12\/122.png","articleSection":["Lugares para conhecer no Rio de Janeiro","Rio de Janeiro"],"inLanguage":"pt-BR","potentialAction":[{"@type":"CommentAction","name":"Comment","target":["https:\/\/inbuzios.com.br\/blog\/2025\/12\/23\/guia-definitivo-para-viajar-no-verao-para-o-rio-o-que-voce-precisa-saber\/#respond"]}]},{"@type":"WebPage","@id":"https:\/\/inbuzios.com.br\/blog\/2025\/12\/23\/guia-definitivo-para-viajar-no-verao-para-o-rio-o-que-voce-precisa-saber\/","url":"https:\/\/inbuzios.com.br\/blog\/2025\/12\/23\/guia-definitivo-para-viajar-no-verao-para-o-rio-o-que-voce-precisa-saber\/","name":"Guia definitivo para viajar no ver\u00e3o para o Rio: o que voc\u00ea precisa saber - In B\u00fazios","isPartOf":{"@id":"https:\/\/inbuzios.com.br\/blog\/#website"},"primaryImageOfPage":{"@id":"https:\/\/inbuzios.com.br\/blog\/2025\/12\/23\/guia-definitivo-para-viajar-no-verao-para-o-rio-o-que-voce-precisa-saber\/#primaryimage"},"image":{"@id":"https:\/\/inbuzios.com.br\/blog\/2025\/12\/23\/guia-definitivo-para-viajar-no-verao-para-o-rio-o-que-voce-precisa-saber\/#primaryimage"},"thumbnailUrl":"https:\/\/inbuzios.com.br\/blog\/wp-content\/uploads\/2025\/12\/122.png","datePublished":"2025-12-23T15:59:37+00:00","dateModified":"2025-12-29T16:01:42+00:00","author":{"@id":"https:\/\/inbuzios.com.br\/blog\/#\/schema\/person\/bbea7ab9669a1a34c0a5ca8af89947e4"},"description":"Guia completo para viajar no ver\u00e3o no Rio de Janeiro: clima, temperaturas, passeios baratos, e dicas para aproveitar a esta\u00e7\u00e3o com conforto.","breadcrumb":{"@id":"https:\/\/inbuzios.com.br\/blog\/2025\/12\/23\/guia-definitivo-para-viajar-no-verao-para-o-rio-o-que-voce-precisa-saber\/#breadcrumb"},"inLanguage":"pt-BR","potentialAction":[{"@type":"ReadAction","target":["https:\/\/inbuzios.com.br\/blog\/2025\/12\/23\/guia-definitivo-para-viajar-no-verao-para-o-rio-o-que-voce-precisa-saber\/"]}]},{"@type":"ImageObject","inLanguage":"pt-BR","@id":"https:\/\/inbuzios.com.br\/blog\/2025\/12\/23\/guia-definitivo-para-viajar-no-verao-para-o-rio-o-que-voce-precisa-saber\/#primaryimage","url":"https:\/\/inbuzios.com.br\/blog\/wp-content\/uploads\/2025\/12\/122.png","contentUrl":"https:\/\/inbuzios.com.br\/blog\/wp-content\/uploads\/2025\/12\/122.png","width":655,"height":455},{"@type":"BreadcrumbList","@id":"https:\/\/inbuzios.com.br\/blog\/2025\/12\/23\/guia-definitivo-para-viajar-no-verao-para-o-rio-o-que-voce-precisa-saber\/#breadcrumb","itemListElement":[{"@type":"ListItem","position":1,"name":"In\u00edcio","item":"https:\/\/inbuzios.com.br\/blog\/"},{"@type":"ListItem","position":2,"name":"Guia definitivo para viajar no ver\u00e3o para o Rio: o que voc\u00ea precisa saber"}]},{"@type":"WebSite","@id":"https:\/\/inbuzios.com.br\/blog\/#website","url":"https:\/\/inbuzios.com.br\/blog\/","name":"In B\u00fazios","description":"Turismo Receptivo","potentialAction":[{"@type":"SearchAction","target":{"@type":"EntryPoint","urlTemplate":"https:\/\/inbuzios.com.br\/blog\/?s={search_term_string}"},"query-input":{"@type":"PropertyValueSpecification","valueRequired":true,"valueName":"search_term_string"}}],"inLanguage":"pt-BR"},{"@type":"Person","@id":"https:\/\/inbuzios.com.br\/blog\/#\/schema\/person\/bbea7ab9669a1a34c0a5ca8af89947e4","name":"Administrador InBuzios","image":{"@type":"ImageObject","inLanguage":"pt-BR","@id":"https:\/\/secure.gravatar.com\/avatar\/8b70eaa2d258abec51683c3d2372e954b262626305a737d15b94d7bd297bbd7b?s=96&d=mm&r=g","url":"https:\/\/secure.gravatar.com\/avatar\/8b70eaa2d258abec51683c3d2372e954b262626305a737d15b94d7bd297bbd7b?s=96&d=mm&r=g","contentUrl":"https:\/\/secure.gravatar.com\/avatar\/8b70eaa2d258abec51683c3d2372e954b262626305a737d15b94d7bd297bbd7b?s=96&d=mm&r=g","caption":"Administrador InBuzios"},"sameAs":["http:\/\/www.inbuzios.com"],"url":"https:\/\/inbuzios.com.br\/blog\/author\/inbuzios\/"}]}},"jetpack_featured_media_url":"https:\/\/inbuzios.com.br\/blog\/wp-content\/uploads\/2025\/12\/122.png","jetpack_sharing_enabled":true,"amp_enabled":true,"_links":{"self":[{"href":"https:\/\/inbuzios.com.br\/blog\/wp-json\/wp\/v2\/posts\/5724","targetHints":{"allow":["GET"]}}],"collection":[{"href":"https:\/\/inbuzios.com.br\/blog\/wp-json\/wp\/v2\/posts"}],"about":[{"href":"https:\/\/inbuzios.com.br\/blog\/wp-json\/wp\/v2\/types\/post"}],"author":[{"embeddable":true,"href":"https:\/\/inbuzios.com.br\/blog\/wp-json\/wp\/v2\/users\/2"}],"replies":[{"embeddable":true,"href":"https:\/\/inbuzios.com.br\/blog\/wp-json\/wp\/v2\/comments?post=5724"}],"version-history":[{"count":1,"href":"https:\/\/inbuzios.com.br\/blog\/wp-json\/wp\/v2\/posts\/5724\/revisions"}],"predecessor-version":[{"id":5725,"href":"https:\/\/inbuzios.com.br\/blog\/wp-json\/wp\/v2\/posts\/5724\/revisions\/5725"}],"wp:featuredmedia":[{"embeddable":true,"href":"https:\/\/inbuzios.com.br\/blog\/wp-json\/wp\/v2\/media\/5709"}],"wp:attachment":[{"href":"https:\/\/inbuzios.com.br\/blog\/wp-json\/wp\/v2\/media?parent=5724"}],"wp:term":[{"taxonomy":"category","embeddable":true,"href":"https:\/\/inbuzios.com.br\/blog\/wp-json\/wp\/v2\/categories?post=5724"},{"taxonomy":"post_tag","embeddable":true,"href":"https:\/\/inbuzios.com.br\/blog\/wp-json\/wp\/v2\/tags?post=5724"}],"curies":[{"name":"wp","href":"https:\/\/api.w.org\/{rel}","templated":true}]}}