{"id":5772,"date":"2026-01-30T08:52:00","date_gmt":"2026-01-30T08:52:00","guid":{"rendered":"https:\/\/inbuzios.com.br\/blog\/?p=5772"},"modified":"2026-01-30T20:53:46","modified_gmt":"2026-01-30T20:53:46","slug":"quando-e-a-melhor-epoca-para-viajar-para-o-rio-de-janeiro","status":"publish","type":"post","link":"https:\/\/inbuzios.com.br\/blog\/2026\/01\/30\/quando-e-a-melhor-epoca-para-viajar-para-o-rio-de-janeiro\/","title":{"rendered":"Quando \u00e9 a melhor \u00e9poca para viajar para o Rio de Janeiro?"},"content":{"rendered":"<p><span style=\"font-weight: 400;\">Escolher o momento ideal para <\/span><b>viajar para o Rio de Janeiro<\/b><span style=\"font-weight: 400;\"> vai muito al\u00e9m de olhar o calend\u00e1rio. O estado oferece experi\u00eancias diferentes ao longo do ano, que variam conforme o clima, os eventos culturais e o perfil do viajante. Seja para quem busca praias, natureza, festivais ou viagens mais tranquilas, entender essas varia\u00e7\u00f5es faz toda a diferen\u00e7a no planejamento.<\/span><\/p>\n<p><span style=\"font-weight: 400;\">O Rio de Janeiro \u00e9 um destino que funciona o ano inteiro, mas cada esta\u00e7\u00e3o favorece um tipo espec\u00edfico de viagem. A seguir, voc\u00ea confere como o clima, os eventos e os estilos de viagem influenciam a melhor \u00e9poca para visitar o RJ.<\/span><\/p>\n<p><img loading=\"lazy\" decoding=\"async\" class=\"size-full wp-image-5767 aligncenter\" src=\"https:\/\/inbuzios.com.br\/blog\/wp-content\/uploads\/2026\/01\/157.png\" alt=\"\" width=\"655\" height=\"455\" srcset=\"https:\/\/inbuzios.com.br\/blog\/wp-content\/uploads\/2026\/01\/157.png 655w, https:\/\/inbuzios.com.br\/blog\/wp-content\/uploads\/2026\/01\/157-300x208.png 300w, https:\/\/inbuzios.com.br\/blog\/wp-content\/uploads\/2026\/01\/157-600x417.png 600w\" sizes=\"auto, (max-width: 655px) 100vw, 655px\" \/><\/p>\n<h3><b>Clima no Rio de Janeiro: o que considerar antes de viajar<\/b><\/h3>\n<p><span style=\"font-weight: 400;\">O clima \u00e9 um dos principais fatores para quem deseja <\/span><b>viajar para o Rio de Janeiro<\/b><span style=\"font-weight: 400;\">. De forma geral, o estado tem temperaturas agrad\u00e1veis durante todo o ano, mas com diferen\u00e7as importantes entre ver\u00e3o, inverno e meia-esta\u00e7\u00e3o.<\/span><\/p>\n<p><b>Ver\u00e3o (dezembro a mar\u00e7o)<\/b><b><br \/>\n<\/b><span style=\"font-weight: 400;\">O ver\u00e3o \u00e9 quente e \u00famido, com temperaturas elevadas e maior incid\u00eancia de chuvas, principalmente \u00e0 tarde. \u00c9 a \u00e9poca ideal para quem quer aproveitar praias, atividades ao ar livre e a energia intensa da cidade. Por outro lado, \u00e9 tamb\u00e9m o per\u00edodo mais movimentado e com valores mais altos.<\/span><\/p>\n<p><b>Outono (abril a junho)<\/b><b><br \/>\n<\/b><span style=\"font-weight: 400;\">O outono \u00e9 considerado por muitos a melhor \u00e9poca para viajar para o Rio de Janeiro. As temperaturas ficam mais amenas, as chuvas diminuem e o fluxo de turistas \u00e9 menor. \u00c9 um \u00f3timo per\u00edodo para passeios urbanos, trilhas, visitas culturais e viagens mais equilibradas.<\/span><\/p>\n<p><b>Inverno (julho a setembro)<\/b><b><br \/>\n<\/b><span style=\"font-weight: 400;\">O inverno no RJ \u00e9 seco e agrad\u00e1vel, com dias ensolarados e noites mais frescas. \u00c9 uma excelente escolha para quem prefere explorar a cidade com mais conforto, al\u00e9m de ser um bom momento para conhecer regi\u00f5es serranas e destinos de natureza no interior do estado.<\/span><\/p>\n<p><b>Primavera (outubro e novembro)<\/b><b><br \/>\n<\/b><span style=\"font-weight: 400;\">A primavera marca o retorno do calor, mas ainda com clima equilibrado. \u00c9 uma fase interessante para quem quer <\/span><b>viajar para o Rio de Janeiro<\/b><span style=\"font-weight: 400;\"> antes da alta temporada, aproveitando pre\u00e7os mais acess\u00edveis e menos movimento.<\/span><\/p>\n<p><img loading=\"lazy\" decoding=\"async\" class=\"size-full wp-image-5768 aligncenter\" src=\"https:\/\/inbuzios.com.br\/blog\/wp-content\/uploads\/2026\/01\/158.png\" alt=\"\" width=\"655\" height=\"455\" srcset=\"https:\/\/inbuzios.com.br\/blog\/wp-content\/uploads\/2026\/01\/158.png 655w, https:\/\/inbuzios.com.br\/blog\/wp-content\/uploads\/2026\/01\/158-300x208.png 300w, https:\/\/inbuzios.com.br\/blog\/wp-content\/uploads\/2026\/01\/158-600x417.png 600w\" sizes=\"auto, (max-width: 655px) 100vw, 655px\" \/><\/p>\n<h3><b>Eventos e calend\u00e1rio cultural: quando o Rio ganha novos ritmos<\/b><\/h3>\n<p><span style=\"font-weight: 400;\">Outro ponto essencial para definir quando viajar para o Rio de Janeiro \u00e9 o calend\u00e1rio de eventos. O estado tem uma agenda cultural intensa, que atrai visitantes de diferentes perfis.<\/span><\/p>\n<p><b>Carnaval (fevereiro ou mar\u00e7o)<\/b><b><br \/>\n<\/b><span style=\"font-weight: 400;\">\u00c9 o evento mais famoso do Rio e transforma completamente a cidade. Ideal para quem busca festa, m\u00fasica e intera\u00e7\u00e3o cultural, mas exige planejamento antecipado.<\/span><\/p>\n<p><b>R\u00e9veillon (dezembro)<\/b><b><br \/>\n<\/b><span style=\"font-weight: 400;\">O fim de ano no Rio de Janeiro \u00e9 marcado por grandes celebra\u00e7\u00f5es, especialmente nas \u00e1reas litor\u00e2neas. \u00c9 uma experi\u00eancia \u00fanica, mas com alta demanda tur\u00edstica.<\/span><\/p>\n<p><b>Festivais, eventos esportivos e culturais<\/b><b><br \/>\n<\/b><span style=\"font-weight: 400;\">Ao longo do ano, o RJ recebe festivais de m\u00fasica, eventos gastron\u00f4micos, competi\u00e7\u00f5es esportivas e encontros culturais que podem enriquecer a experi\u00eancia de quem decide viajar para o Rio de Janeiro fora das datas mais \u00f3bvias.<\/span><\/p>\n<p><img loading=\"lazy\" decoding=\"async\" class=\"size-full wp-image-5769 aligncenter\" src=\"https:\/\/inbuzios.com.br\/blog\/wp-content\/uploads\/2026\/01\/159.png\" alt=\"\" width=\"655\" height=\"455\" srcset=\"https:\/\/inbuzios.com.br\/blog\/wp-content\/uploads\/2026\/01\/159.png 655w, https:\/\/inbuzios.com.br\/blog\/wp-content\/uploads\/2026\/01\/159-300x208.png 300w, https:\/\/inbuzios.com.br\/blog\/wp-content\/uploads\/2026\/01\/159-600x417.png 600w\" sizes=\"auto, (max-width: 655px) 100vw, 655px\" \/><\/p>\n<h3><b>Melhor \u00e9poca para viajar para o Rio de Janeiro de acordo com o tipo de viagem<\/b><\/h3>\n<p><span style=\"font-weight: 400;\">Cada viajante tem um objetivo diferente, e o RJ se adapta bem a todos eles.<\/span><\/p>\n<p><b>Viagem de praia<\/b><b><br \/>\n<\/b><span style=\"font-weight: 400;\">Para quem quer sol, mar e atividades ao ar livre, o ver\u00e3o \u00e9 o per\u00edodo mais indicado, apesar do movimento intenso.<\/span><\/p>\n<p><b>Viagem cultural e urbana<\/b><b><br \/>\n<\/b><span style=\"font-weight: 400;\">Outono e inverno s\u00e3o ideais para explorar museus, centros hist\u00f3ricos, bairros tradicionais e a gastronomia local com mais tranquilidade.<\/span><\/p>\n<p><b>Viagem de natureza e aventura<\/b><b><br \/>\n<\/b><span style=\"font-weight: 400;\">Trilhas, parques naturais e destinos serranos ficam mais agrad\u00e1veis entre maio e setembro, quando o clima \u00e9 mais seco.<\/span><\/p>\n<p><b>Viagem em fam\u00edlia ou mais tranquila<\/b><b><br \/>\n<\/b><span style=\"font-weight: 400;\">Fora da alta temporada, especialmente entre abril, maio, agosto e setembro, \u00e9 poss\u00edvel viajar para o Rio de Janeiro com mais conforto, menos filas e melhor custo-benef\u00edcio.<\/span><\/p>\n<p><img loading=\"lazy\" decoding=\"async\" class=\"size-full wp-image-5770 aligncenter\" src=\"https:\/\/inbuzios.com.br\/blog\/wp-content\/uploads\/2026\/01\/160.png\" alt=\"\" width=\"655\" height=\"455\" srcset=\"https:\/\/inbuzios.com.br\/blog\/wp-content\/uploads\/2026\/01\/160.png 655w, https:\/\/inbuzios.com.br\/blog\/wp-content\/uploads\/2026\/01\/160-300x208.png 300w, https:\/\/inbuzios.com.br\/blog\/wp-content\/uploads\/2026\/01\/160-600x417.png 600w\" sizes=\"auto, (max-width: 655px) 100vw, 655px\" \/><\/p>\n<h3><b>Ent\u00e3o, quando viajar para o Rio de Janeiro?<\/b><\/h3>\n<p><span style=\"font-weight: 400;\">A melhor \u00e9poca para viajar para o Rio de Janeiro depende do que voc\u00ea espera da experi\u00eancia. Quem busca movimento e grandes eventos encontra isso no ver\u00e3o. J\u00e1 quem prefere equil\u00edbrio entre clima, pre\u00e7os e fluxo tur\u00edstico costuma escolher o outono ou o inverno.<\/span><\/p>\n<p><span style=\"font-weight: 400;\">O mais importante \u00e9 alinhar o per\u00edodo da viagem com seu estilo, seus interesses e o tipo de viv\u00eancia que deseja ter no estado. O Rio de Janeiro oferece possibilidades o ano inteiro, basta escolher o momento certo para voc\u00ea.<\/span><\/p>\n","protected":false},"excerpt":{"rendered":"<p>Escolher o momento ideal para viajar para o Rio de Janeiro vai muito al\u00e9m de olhar o calend\u00e1rio. O estado oferece experi\u00eancias diferentes ao longo do ano, que variam conforme&#8230;<\/p>\n","protected":false},"author":2,"featured_media":5766,"comment_status":"open","ping_status":"open","sticky":false,"template":"","format":"standard","meta":{"_jetpack_memberships_contains_paid_content":false,"footnotes":""},"categories":[5],"tags":[],"class_list":["post-5772","post","type-post","status-publish","format-standard","has-post-thumbnail","hentry","category-lugares-para-conhecer-no-rio-de-janeiro"],"yoast_head":"<!-- This site is optimized with the Yoast SEO plugin v27.4 - https:\/\/yoast.com\/product\/yoast-seo-wordpress\/ -->\n<title>Quando \u00e9 a melhor \u00e9poca para viajar para o Rio de Janeiro? - In B\u00fazios<\/title>\n<meta name=\"description\" content=\"Descubra quando viajar para o Rio de Janeiro considerando clima, eventos e tipos de viagem, e escolha o melhor per\u00edodo para sua experi\u00eancia no RJ.\" \/>\n<meta name=\"robots\" content=\"index, follow, max-snippet:-1, max-image-preview:large, max-video-preview:-1\" \/>\n<link rel=\"canonical\" href=\"https:\/\/inbuzios.com.br\/blog\/2026\/01\/30\/quando-e-a-melhor-epoca-para-viajar-para-o-rio-de-janeiro\/\" \/>\n<meta property=\"og:locale\" content=\"pt_BR\" \/>\n<meta property=\"og:type\" content=\"article\" \/>\n<meta property=\"og:title\" content=\"Quando \u00e9 a melhor \u00e9poca para viajar para o Rio de Janeiro? - In B\u00fazios\" \/>\n<meta property=\"og:description\" content=\"Descubra quando viajar para o Rio de Janeiro considerando clima, eventos e tipos de viagem, e escolha o melhor per\u00edodo para sua experi\u00eancia no RJ.\" \/>\n<meta property=\"og:url\" content=\"https:\/\/inbuzios.com.br\/blog\/2026\/01\/30\/quando-e-a-melhor-epoca-para-viajar-para-o-rio-de-janeiro\/\" \/>\n<meta property=\"og:site_name\" content=\"In B\u00fazios\" \/>\n<meta property=\"article:published_time\" content=\"2026-01-30T08:52:00+00:00\" \/>\n<meta property=\"article:modified_time\" content=\"2026-01-30T20:53:46+00:00\" \/>\n<meta property=\"og:image\" content=\"https:\/\/inbuzios.com.br\/blog\/wp-content\/uploads\/2026\/01\/156.png\" \/>\n\t<meta property=\"og:image:width\" content=\"655\" \/>\n\t<meta property=\"og:image:height\" content=\"455\" \/>\n\t<meta property=\"og:image:type\" content=\"image\/png\" \/>\n<meta name=\"author\" content=\"Administrador InBuzios\" \/>\n<meta name=\"twitter:card\" content=\"summary_large_image\" \/>\n<meta name=\"twitter:label1\" content=\"Escrito por\" \/>\n\t<meta name=\"twitter:data1\" content=\"Administrador InBuzios\" \/>\n\t<meta name=\"twitter:label2\" content=\"Est. tempo de leitura\" \/>\n\t<meta name=\"twitter:data2\" content=\"5 minutos\" \/>\n<script type=\"application\/ld+json\" class=\"yoast-schema-graph\">{\"@context\":\"https:\\\/\\\/schema.org\",\"@graph\":[{\"@type\":\"Article\",\"@id\":\"https:\\\/\\\/inbuzios.com.br\\\/blog\\\/2026\\\/01\\\/30\\\/quando-e-a-melhor-epoca-para-viajar-para-o-rio-de-janeiro\\\/#article\",\"isPartOf\":{\"@id\":\"https:\\\/\\\/inbuzios.com.br\\\/blog\\\/2026\\\/01\\\/30\\\/quando-e-a-melhor-epoca-para-viajar-para-o-rio-de-janeiro\\\/\"},\"author\":{\"name\":\"Administrador InBuzios\",\"@id\":\"https:\\\/\\\/inbuzios.com.br\\\/blog\\\/#\\\/schema\\\/person\\\/bbea7ab9669a1a34c0a5ca8af89947e4\"},\"headline\":\"Quando \u00e9 a melhor \u00e9poca para viajar para o Rio de Janeiro?\",\"datePublished\":\"2026-01-30T08:52:00+00:00\",\"dateModified\":\"2026-01-30T20:53:46+00:00\",\"mainEntityOfPage\":{\"@id\":\"https:\\\/\\\/inbuzios.com.br\\\/blog\\\/2026\\\/01\\\/30\\\/quando-e-a-melhor-epoca-para-viajar-para-o-rio-de-janeiro\\\/\"},\"wordCount\":753,\"commentCount\":0,\"image\":{\"@id\":\"https:\\\/\\\/inbuzios.com.br\\\/blog\\\/2026\\\/01\\\/30\\\/quando-e-a-melhor-epoca-para-viajar-para-o-rio-de-janeiro\\\/#primaryimage\"},\"thumbnailUrl\":\"https:\\\/\\\/inbuzios.com.br\\\/blog\\\/wp-content\\\/uploads\\\/2026\\\/01\\\/156.png\",\"articleSection\":[\"Lugares para conhecer no Rio de Janeiro\"],\"inLanguage\":\"pt-BR\",\"potentialAction\":[{\"@type\":\"CommentAction\",\"name\":\"Comment\",\"target\":[\"https:\\\/\\\/inbuzios.com.br\\\/blog\\\/2026\\\/01\\\/30\\\/quando-e-a-melhor-epoca-para-viajar-para-o-rio-de-janeiro\\\/#respond\"]}]},{\"@type\":\"WebPage\",\"@id\":\"https:\\\/\\\/inbuzios.com.br\\\/blog\\\/2026\\\/01\\\/30\\\/quando-e-a-melhor-epoca-para-viajar-para-o-rio-de-janeiro\\\/\",\"url\":\"https:\\\/\\\/inbuzios.com.br\\\/blog\\\/2026\\\/01\\\/30\\\/quando-e-a-melhor-epoca-para-viajar-para-o-rio-de-janeiro\\\/\",\"name\":\"Quando \u00e9 a melhor \u00e9poca para viajar para o Rio de Janeiro? - In B\u00fazios\",\"isPartOf\":{\"@id\":\"https:\\\/\\\/inbuzios.com.br\\\/blog\\\/#website\"},\"primaryImageOfPage\":{\"@id\":\"https:\\\/\\\/inbuzios.com.br\\\/blog\\\/2026\\\/01\\\/30\\\/quando-e-a-melhor-epoca-para-viajar-para-o-rio-de-janeiro\\\/#primaryimage\"},\"image\":{\"@id\":\"https:\\\/\\\/inbuzios.com.br\\\/blog\\\/2026\\\/01\\\/30\\\/quando-e-a-melhor-epoca-para-viajar-para-o-rio-de-janeiro\\\/#primaryimage\"},\"thumbnailUrl\":\"https:\\\/\\\/inbuzios.com.br\\\/blog\\\/wp-content\\\/uploads\\\/2026\\\/01\\\/156.png\",\"datePublished\":\"2026-01-30T08:52:00+00:00\",\"dateModified\":\"2026-01-30T20:53:46+00:00\",\"author\":{\"@id\":\"https:\\\/\\\/inbuzios.com.br\\\/blog\\\/#\\\/schema\\\/person\\\/bbea7ab9669a1a34c0a5ca8af89947e4\"},\"description\":\"Descubra quando viajar para o Rio de Janeiro considerando clima, eventos e tipos de viagem, e escolha o melhor per\u00edodo para sua experi\u00eancia no RJ.\",\"breadcrumb\":{\"@id\":\"https:\\\/\\\/inbuzios.com.br\\\/blog\\\/2026\\\/01\\\/30\\\/quando-e-a-melhor-epoca-para-viajar-para-o-rio-de-janeiro\\\/#breadcrumb\"},\"inLanguage\":\"pt-BR\",\"potentialAction\":[{\"@type\":\"ReadAction\",\"target\":[\"https:\\\/\\\/inbuzios.com.br\\\/blog\\\/2026\\\/01\\\/30\\\/quando-e-a-melhor-epoca-para-viajar-para-o-rio-de-janeiro\\\/\"]}]},{\"@type\":\"ImageObject\",\"inLanguage\":\"pt-BR\",\"@id\":\"https:\\\/\\\/inbuzios.com.br\\\/blog\\\/2026\\\/01\\\/30\\\/quando-e-a-melhor-epoca-para-viajar-para-o-rio-de-janeiro\\\/#primaryimage\",\"url\":\"https:\\\/\\\/inbuzios.com.br\\\/blog\\\/wp-content\\\/uploads\\\/2026\\\/01\\\/156.png\",\"contentUrl\":\"https:\\\/\\\/inbuzios.com.br\\\/blog\\\/wp-content\\\/uploads\\\/2026\\\/01\\\/156.png\",\"width\":655,\"height\":455},{\"@type\":\"BreadcrumbList\",\"@id\":\"https:\\\/\\\/inbuzios.com.br\\\/blog\\\/2026\\\/01\\\/30\\\/quando-e-a-melhor-epoca-para-viajar-para-o-rio-de-janeiro\\\/#breadcrumb\",\"itemListElement\":[{\"@type\":\"ListItem\",\"position\":1,\"name\":\"In\u00edcio\",\"item\":\"https:\\\/\\\/inbuzios.com.br\\\/blog\\\/\"},{\"@type\":\"ListItem\",\"position\":2,\"name\":\"Quando \u00e9 a melhor \u00e9poca para viajar para o Rio de Janeiro?\"}]},{\"@type\":\"WebSite\",\"@id\":\"https:\\\/\\\/inbuzios.com.br\\\/blog\\\/#website\",\"url\":\"https:\\\/\\\/inbuzios.com.br\\\/blog\\\/\",\"name\":\"In B\u00fazios\",\"description\":\"Turismo Receptivo\",\"potentialAction\":[{\"@type\":\"SearchAction\",\"target\":{\"@type\":\"EntryPoint\",\"urlTemplate\":\"https:\\\/\\\/inbuzios.com.br\\\/blog\\\/?s={search_term_string}\"},\"query-input\":{\"@type\":\"PropertyValueSpecification\",\"valueRequired\":true,\"valueName\":\"search_term_string\"}}],\"inLanguage\":\"pt-BR\"},{\"@type\":\"Person\",\"@id\":\"https:\\\/\\\/inbuzios.com.br\\\/blog\\\/#\\\/schema\\\/person\\\/bbea7ab9669a1a34c0a5ca8af89947e4\",\"name\":\"Administrador InBuzios\",\"image\":{\"@type\":\"ImageObject\",\"inLanguage\":\"pt-BR\",\"@id\":\"https:\\\/\\\/secure.gravatar.com\\\/avatar\\\/8b70eaa2d258abec51683c3d2372e954b262626305a737d15b94d7bd297bbd7b?s=96&d=mm&r=g\",\"url\":\"https:\\\/\\\/secure.gravatar.com\\\/avatar\\\/8b70eaa2d258abec51683c3d2372e954b262626305a737d15b94d7bd297bbd7b?s=96&d=mm&r=g\",\"contentUrl\":\"https:\\\/\\\/secure.gravatar.com\\\/avatar\\\/8b70eaa2d258abec51683c3d2372e954b262626305a737d15b94d7bd297bbd7b?s=96&d=mm&r=g\",\"caption\":\"Administrador InBuzios\"},\"sameAs\":[\"http:\\\/\\\/www.inbuzios.com\"],\"url\":\"https:\\\/\\\/inbuzios.com.br\\\/blog\\\/author\\\/inbuzios\\\/\"}]}<\/script>\n<!-- \/ Yoast SEO plugin. -->","yoast_head_json":{"title":"Quando \u00e9 a melhor \u00e9poca para viajar para o Rio de Janeiro? - In B\u00fazios","description":"Descubra quando viajar para o Rio de Janeiro considerando clima, eventos e tipos de viagem, e escolha o melhor per\u00edodo para sua experi\u00eancia no RJ.","robots":{"index":"index","follow":"follow","max-snippet":"max-snippet:-1","max-image-preview":"max-image-preview:large","max-video-preview":"max-video-preview:-1"},"canonical":"https:\/\/inbuzios.com.br\/blog\/2026\/01\/30\/quando-e-a-melhor-epoca-para-viajar-para-o-rio-de-janeiro\/","og_locale":"pt_BR","og_type":"article","og_title":"Quando \u00e9 a melhor \u00e9poca para viajar para o Rio de Janeiro? - In B\u00fazios","og_description":"Descubra quando viajar para o Rio de Janeiro considerando clima, eventos e tipos de viagem, e escolha o melhor per\u00edodo para sua experi\u00eancia no RJ.","og_url":"https:\/\/inbuzios.com.br\/blog\/2026\/01\/30\/quando-e-a-melhor-epoca-para-viajar-para-o-rio-de-janeiro\/","og_site_name":"In B\u00fazios","article_published_time":"2026-01-30T08:52:00+00:00","article_modified_time":"2026-01-30T20:53:46+00:00","og_image":[{"width":655,"height":455,"url":"https:\/\/inbuzios.com.br\/blog\/wp-content\/uploads\/2026\/01\/156.png","type":"image\/png"}],"author":"Administrador InBuzios","twitter_card":"summary_large_image","twitter_misc":{"Escrito por":"Administrador InBuzios","Est. tempo de leitura":"5 minutos"},"schema":{"@context":"https:\/\/schema.org","@graph":[{"@type":"Article","@id":"https:\/\/inbuzios.com.br\/blog\/2026\/01\/30\/quando-e-a-melhor-epoca-para-viajar-para-o-rio-de-janeiro\/#article","isPartOf":{"@id":"https:\/\/inbuzios.com.br\/blog\/2026\/01\/30\/quando-e-a-melhor-epoca-para-viajar-para-o-rio-de-janeiro\/"},"author":{"name":"Administrador InBuzios","@id":"https:\/\/inbuzios.com.br\/blog\/#\/schema\/person\/bbea7ab9669a1a34c0a5ca8af89947e4"},"headline":"Quando \u00e9 a melhor \u00e9poca para viajar para o Rio de Janeiro?","datePublished":"2026-01-30T08:52:00+00:00","dateModified":"2026-01-30T20:53:46+00:00","mainEntityOfPage":{"@id":"https:\/\/inbuzios.com.br\/blog\/2026\/01\/30\/quando-e-a-melhor-epoca-para-viajar-para-o-rio-de-janeiro\/"},"wordCount":753,"commentCount":0,"image":{"@id":"https:\/\/inbuzios.com.br\/blog\/2026\/01\/30\/quando-e-a-melhor-epoca-para-viajar-para-o-rio-de-janeiro\/#primaryimage"},"thumbnailUrl":"https:\/\/inbuzios.com.br\/blog\/wp-content\/uploads\/2026\/01\/156.png","articleSection":["Lugares para conhecer no Rio de Janeiro"],"inLanguage":"pt-BR","potentialAction":[{"@type":"CommentAction","name":"Comment","target":["https:\/\/inbuzios.com.br\/blog\/2026\/01\/30\/quando-e-a-melhor-epoca-para-viajar-para-o-rio-de-janeiro\/#respond"]}]},{"@type":"WebPage","@id":"https:\/\/inbuzios.com.br\/blog\/2026\/01\/30\/quando-e-a-melhor-epoca-para-viajar-para-o-rio-de-janeiro\/","url":"https:\/\/inbuzios.com.br\/blog\/2026\/01\/30\/quando-e-a-melhor-epoca-para-viajar-para-o-rio-de-janeiro\/","name":"Quando \u00e9 a melhor \u00e9poca para viajar para o Rio de Janeiro? - In B\u00fazios","isPartOf":{"@id":"https:\/\/inbuzios.com.br\/blog\/#website"},"primaryImageOfPage":{"@id":"https:\/\/inbuzios.com.br\/blog\/2026\/01\/30\/quando-e-a-melhor-epoca-para-viajar-para-o-rio-de-janeiro\/#primaryimage"},"image":{"@id":"https:\/\/inbuzios.com.br\/blog\/2026\/01\/30\/quando-e-a-melhor-epoca-para-viajar-para-o-rio-de-janeiro\/#primaryimage"},"thumbnailUrl":"https:\/\/inbuzios.com.br\/blog\/wp-content\/uploads\/2026\/01\/156.png","datePublished":"2026-01-30T08:52:00+00:00","dateModified":"2026-01-30T20:53:46+00:00","author":{"@id":"https:\/\/inbuzios.com.br\/blog\/#\/schema\/person\/bbea7ab9669a1a34c0a5ca8af89947e4"},"description":"Descubra quando viajar para o Rio de Janeiro considerando clima, eventos e tipos de viagem, e escolha o melhor per\u00edodo para sua experi\u00eancia no RJ.","breadcrumb":{"@id":"https:\/\/inbuzios.com.br\/blog\/2026\/01\/30\/quando-e-a-melhor-epoca-para-viajar-para-o-rio-de-janeiro\/#breadcrumb"},"inLanguage":"pt-BR","potentialAction":[{"@type":"ReadAction","target":["https:\/\/inbuzios.com.br\/blog\/2026\/01\/30\/quando-e-a-melhor-epoca-para-viajar-para-o-rio-de-janeiro\/"]}]},{"@type":"ImageObject","inLanguage":"pt-BR","@id":"https:\/\/inbuzios.com.br\/blog\/2026\/01\/30\/quando-e-a-melhor-epoca-para-viajar-para-o-rio-de-janeiro\/#primaryimage","url":"https:\/\/inbuzios.com.br\/blog\/wp-content\/uploads\/2026\/01\/156.png","contentUrl":"https:\/\/inbuzios.com.br\/blog\/wp-content\/uploads\/2026\/01\/156.png","width":655,"height":455},{"@type":"BreadcrumbList","@id":"https:\/\/inbuzios.com.br\/blog\/2026\/01\/30\/quando-e-a-melhor-epoca-para-viajar-para-o-rio-de-janeiro\/#breadcrumb","itemListElement":[{"@type":"ListItem","position":1,"name":"In\u00edcio","item":"https:\/\/inbuzios.com.br\/blog\/"},{"@type":"ListItem","position":2,"name":"Quando \u00e9 a melhor \u00e9poca para viajar para o Rio de Janeiro?"}]},{"@type":"WebSite","@id":"https:\/\/inbuzios.com.br\/blog\/#website","url":"https:\/\/inbuzios.com.br\/blog\/","name":"In B\u00fazios","description":"Turismo Receptivo","potentialAction":[{"@type":"SearchAction","target":{"@type":"EntryPoint","urlTemplate":"https:\/\/inbuzios.com.br\/blog\/?s={search_term_string}"},"query-input":{"@type":"PropertyValueSpecification","valueRequired":true,"valueName":"search_term_string"}}],"inLanguage":"pt-BR"},{"@type":"Person","@id":"https:\/\/inbuzios.com.br\/blog\/#\/schema\/person\/bbea7ab9669a1a34c0a5ca8af89947e4","name":"Administrador InBuzios","image":{"@type":"ImageObject","inLanguage":"pt-BR","@id":"https:\/\/secure.gravatar.com\/avatar\/8b70eaa2d258abec51683c3d2372e954b262626305a737d15b94d7bd297bbd7b?s=96&d=mm&r=g","url":"https:\/\/secure.gravatar.com\/avatar\/8b70eaa2d258abec51683c3d2372e954b262626305a737d15b94d7bd297bbd7b?s=96&d=mm&r=g","contentUrl":"https:\/\/secure.gravatar.com\/avatar\/8b70eaa2d258abec51683c3d2372e954b262626305a737d15b94d7bd297bbd7b?s=96&d=mm&r=g","caption":"Administrador InBuzios"},"sameAs":["http:\/\/www.inbuzios.com"],"url":"https:\/\/inbuzios.com.br\/blog\/author\/inbuzios\/"}]}},"jetpack_featured_media_url":"https:\/\/inbuzios.com.br\/blog\/wp-content\/uploads\/2026\/01\/156.png","jetpack_sharing_enabled":true,"amp_enabled":true,"_links":{"self":[{"href":"https:\/\/inbuzios.com.br\/blog\/wp-json\/wp\/v2\/posts\/5772","targetHints":{"allow":["GET"]}}],"collection":[{"href":"https:\/\/inbuzios.com.br\/blog\/wp-json\/wp\/v2\/posts"}],"about":[{"href":"https:\/\/inbuzios.com.br\/blog\/wp-json\/wp\/v2\/types\/post"}],"author":[{"embeddable":true,"href":"https:\/\/inbuzios.com.br\/blog\/wp-json\/wp\/v2\/users\/2"}],"replies":[{"embeddable":true,"href":"https:\/\/inbuzios.com.br\/blog\/wp-json\/wp\/v2\/comments?post=5772"}],"version-history":[{"count":1,"href":"https:\/\/inbuzios.com.br\/blog\/wp-json\/wp\/v2\/posts\/5772\/revisions"}],"predecessor-version":[{"id":5773,"href":"https:\/\/inbuzios.com.br\/blog\/wp-json\/wp\/v2\/posts\/5772\/revisions\/5773"}],"wp:featuredmedia":[{"embeddable":true,"href":"https:\/\/inbuzios.com.br\/blog\/wp-json\/wp\/v2\/media\/5766"}],"wp:attachment":[{"href":"https:\/\/inbuzios.com.br\/blog\/wp-json\/wp\/v2\/media?parent=5772"}],"wp:term":[{"taxonomy":"category","embeddable":true,"href":"https:\/\/inbuzios.com.br\/blog\/wp-json\/wp\/v2\/categories?post=5772"},{"taxonomy":"post_tag","embeddable":true,"href":"https:\/\/inbuzios.com.br\/blog\/wp-json\/wp\/v2\/tags?post=5772"}],"curies":[{"name":"wp","href":"https:\/\/api.w.org\/{rel}","templated":true}]}}